{"id":237928,"date":"2026-09-03T17:51:11","date_gmt":"2026-09-03T17:51:11","guid":{"rendered":"https:\/\/www.europesays.com\/be-fr\/237928\/"},"modified":"2026-09-03T17:51:11","modified_gmt":"2026-09-03T17:51:11","slug":"coupe-dallemagne-le-superbe-but-de-meissner-contre-le-bayern","status":"publish","type":"post","link":"https:\/\/www.europesays.com\/be-fr\/237928\/","title":{"rendered":"Coupe d\u2019Allemagne\u00a0: le superbe but de Meissner contre le Bayern"},"content":{"rendered":"<p>  <img decoding=\"async\" class=\"r-img lazyloaded\" src=\"https:\/\/www.europesays.com\/be-fr\/wp-content\/uploads\/2026\/09\/1788457871_504_dalessandra.jpg\" alt=\"Thomas D'Alessandro\"\/><\/p>\n<p>par <a href=\"https:\/\/www.rtl.be\/373137\/dpi-authors\/thomas-dalessandro\" rel=\"nofollow noopener\" target=\"_blank\">Thomas D&rsquo;Alessandro<\/a><\/p>\n<p>\tPubli\u00e9 le 03 septembre \u00e0 09h12<\/p>\n<p>  <a href=\"https:\/\/www.google.com\/preferences\/source?q=rtl%20info\" class=\"r-link--google-favorites\" role=\"button\">Ajoutez-nous \u00e0 vos favoris Google<\/a><br \/>\n\tRobin Meissner s\u2019en souviendra de ce but. Lors de la rencontre de 1\/32\u00e8me de finale de Coupe d\u2019Allemagne, le club de seconde division d\u2019Osnabr\u00fcck affrontait le grand Bayern Munich entra\u00een\u00e9 par Vincent Kompany. L\u2019attaquant de 26 ans a inscrit un v\u00e9ritable bijou face aux titulaires habituels bavarois.<\/p>\n<p>&#13;<br \/>\n&#13;<\/p>\n<p>La Coupe d\u2019Allemagne a d\u00e9j\u00e0 repris et le tournoi est actuellement au niveau des 1\/32e de finale. Le Bayern Munich de Vincent Kompany affrontait un club de deuxi\u00e8me division\u00a0: Osnabruck. La magie de la Coupe a eu lieu durant les premi\u00e8res minutes du match.<\/p>\n<p>\n  <a class=\"embedly-card\" href=\"https:\/\/x.com\/fifapatia1\/status\/2095270573911744747\" rel=\"nofollow\">uri<\/a>\n<\/p>\n<p>D\u00e8s la cinqui\u00e8me minute, un coup de g\u00e9nie \u00e9clate sur la pelouse du Stadion an der Bremer Br\u00fcck. Robin Meissner, 26 ans, profite d\u2019une erreur de jugement de Jonathan Tah pour r\u00e9cup\u00e9rer un ballon de la t\u00eate au duel face \u00e0 Kim Min-Jae. Balle au pied, il d\u00e9cide instinctivement d\u2019armer son pied droit et balance une frappe puissante qui ne laisse aucune chance \u00e0 Urbig.<\/p>\n<p>&#13;<br \/>\n&#13;<\/p>\n<p>&#13;<br \/>\n&#13;<\/p>\n<p>Vincent Kompany et ses hommes n\u2019ont pas trembl\u00e9s, puisque d\u00e8s la 18e minute Harry Kane remettait les deux \u00e9quipes \u00e0 \u00e9galit\u00e9 avant Bischof ne donne l\u2019avantage aux Bavarois. Finalement, Olise et Kane vont mener le score \u00e0 1-4. Le Bayern s\u2019envole au prochain tour, et son adversaire n\u2019est pas encore connu. En Bundesliga, Die Roten a entam\u00e9 la saison d\u2019une belle mani\u00e8re avec une large victoire face \u00e0 Stuttgart 5-1.<\/p>\n<p><a class=\"r-btn r-btn--tag\" href=\"https:\/\/www.rtl.be\/333713\/locations\/allemagne\" title=\"Allemagne\" rel=\"nofollow noopener\" target=\"_blank\">Allemagne<\/a><br \/>\n<a class=\"r-btn r-btn--tag\" href=\"https:\/\/www.rtl.be\/334120\/persons\/vincent-kompany\" title=\"Vincent Kompany\" rel=\"nofollow noopener\" target=\"_blank\">Vincent Kompany<\/a><br \/>\n<a class=\"r-btn r-btn--tag\" href=\"https:\/\/www.rtl.be\/333590\/persons\/harry-kane\" title=\"Harry Kane\" rel=\"nofollow noopener\" target=\"_blank\">Harry Kane<\/a><br \/>\n<a class=\"r-btn r-btn--tag\" href=\"https:\/\/www.rtl.be\/382042\/persons\/michael-olise\" title=\"Michael Olise\" rel=\"nofollow noopener\" target=\"_blank\">Michael Olise<\/a><\/p>\n","protected":false},"excerpt":{"rendered":"par Thomas D&rsquo;Alessandro Publi\u00e9 le 03 septembre \u00e0 09h12 Ajoutez-nous \u00e0 vos favoris Google Robin Meissner s\u2019en souviendra&hellip;\n","protected":false},"author":2,"featured_media":237929,"comment_status":"","ping_status":"","sticky":false,"template":"","format":"standard","meta":{"footnotes":"","_share_on_mastodon":"0"},"categories":[81],"tags":[12717,12,13,18,17,73827,73824,48024,73828,73829,73826,73825,84,73830,37058],"class_list":["post-237928","post","type-post","status-publish","format-standard","has-post-thumbnail","category-sports","tag-bayern-munich","tag-be","tag-be-fr","tag-belgique","tag-belgium","tag-but-exceptionnel","tag-coupe-dallemagne","tag-harry-kane","tag-jonathan-tah","tag-kim-min-jae","tag-osnabruck","tag-robin-meissner","tag-sports","tag-stadion-an-der-bremer-bruck","tag-vincent-kompany"],"share_on_mastodon":{"url":"https:\/\/pubeurope.com\/@be_fr\/117208382735156659","error":""},"_links":{"self":[{"href":"https:\/\/www.europesays.com\/be-fr\/wp-json\/wp\/v2\/posts\/237928","targetHints":{"allow":["GET"]}}],"collection":[{"href":"https:\/\/www.europesays.com\/be-fr\/wp-json\/wp\/v2\/posts"}],"about":[{"href":"https:\/\/www.europesays.com\/be-fr\/wp-json\/wp\/v2\/types\/post"}],"author":[{"embeddable":true,"href":"https:\/\/www.europesays.com\/be-fr\/wp-json\/wp\/v2\/users\/2"}],"replies":[{"embeddable":true,"href":"https:\/\/www.europesays.com\/be-fr\/wp-json\/wp\/v2\/comments?post=237928"}],"version-history":[{"count":0,"href":"https:\/\/www.europesays.com\/be-fr\/wp-json\/wp\/v2\/posts\/237928\/revisions"}],"wp:featuredmedia":[{"embeddable":true,"href":"https:\/\/www.europesays.com\/be-fr\/wp-json\/wp\/v2\/media\/237929"}],"wp:attachment":[{"href":"https:\/\/www.europesays.com\/be-fr\/wp-json\/wp\/v2\/media?parent=237928"}],"wp:term":[{"taxonomy":"category","embeddable":true,"href":"https:\/\/www.europesays.com\/be-fr\/wp-json\/wp\/v2\/categories?post=237928"},{"taxonomy":"post_tag","embeddable":true,"href":"https:\/\/www.europesays.com\/be-fr\/wp-json\/wp\/v2\/tags?post=237928"}],"curies":[{"name":"wp","href":"https:\/\/api.w.org\/{rel}","templated":true}]}}