{"id":237946,"date":"2026-09-03T18:00:20","date_gmt":"2026-09-03T18:00:20","guid":{"rendered":"https:\/\/www.europesays.com\/be-fr\/237946\/"},"modified":"2026-09-03T18:00:20","modified_gmt":"2026-09-03T18:00:20","slug":"apres-le-succes-mondial-de-ordinary-alex-warren-est-de-retour-avec-un-nouvel-album","status":"publish","type":"post","link":"https:\/\/www.europesays.com\/be-fr\/237946\/","title":{"rendered":"Apr\u00e8s le succ\u00e8s mondial de &lsquo;Ordinary&rsquo;, Alex Warren est de retour avec un nouvel album"},"content":{"rendered":"<p>\u00c0 seulement 25 ans, Alex Warren est bien parti pour conna\u00eetre une belle carri\u00e8re dans la musique. Comme beaucoup de chanteurs de sa g\u00e9n\u00e9ration, <a href=\"https:\/\/www.rtbf.be\/article\/qui-est-alex-warren-cet-influenceur-devenu-l-un-des-chanteurs-les-plus-ecoutes-a-travers-le-monde-11543487\" rel=\"nofollow noopener\" target=\"_blank\">il a d\u00e9marr\u00e9 sur TikTok\u00a0avant d\u2019\u00eatre approch\u00e9 par une maison de disques<\/a>, aux c\u00f4t\u00e9s de laquelle il a enregistr\u00e9 son premier album. Sorti il y a deux ans, ce premier opus avait cartonn\u00e9, notamment gr\u00e2ce au succ\u00e8s ph\u00e9nom\u00e9nal de sa chanson Ordinary, une d\u00e9claration d\u2019amour adress\u00e9e \u00e0 sa femme qui a rapidement conquis le public.<\/p>\n<p>Mais Alex Warren ne comptait pas s\u2019arr\u00eater en si bon chemin. Apr\u00e8s ce premier tube plan\u00e9taire, le chanteur est revenu sur les devants de la sc\u00e8ne avec un nouvel album, Wildchild, d\u00e9voil\u00e9 le 28\u00a0ao\u00fbt dernier sur les plateformes. Un projet qui s\u2019inscrit dans la lign\u00e9e de ses pr\u00e9c\u00e9dents succ\u00e8s, avec pas mal de chansons d\u2019amour, mais aussi un titre sur le deuil de son papa, d\u00e9c\u00e9d\u00e9 alors qu\u2019il \u00e9tait encore enfant.<\/p>\n<p>L\u2019avis de Bruno Tummers<\/p>\n<p>Dans la foul\u00e9e, un premier single extrait de ce deuxi\u00e8me album\u00a0a envahi les radios, VivaCit\u00e9 en t\u00eate. Sorti il y a six mois, ce titre baptis\u00e9 Fever Dream\u00a0a lui aussi re\u00e7u un excellent accueil du public. Rien que sur Youtube, le clip a d\u00e9j\u00e0 \u00e9t\u00e9 visionn\u00e9 plus de 20\u00a0millions de fois.<\/p>\n<p>Mais la qualit\u00e9 est-elle au rendez-vous\u00a0? Bruno Tummers, journaliste musical, y voit pour sa part \u00ab\u00a0une pop tr\u00e8s bien faite, tr\u00e8s bien produite\u00a0\u00bb, et ajoute\u00a0: \u00ab\u00a0Il y\u00a0a un c\u00f4t\u00e9 tr\u00e8s punch, m\u00eame si l\u2019album est tr\u00e8s introspectif dans les textes\u00a0\u00bb.<\/p>\n<p>Seul b\u00e9mol\u00a0pour le chroniqueur\u00a0: une certaine uniformit\u00e9 dans la r\u00e9alisation, qui peine \u00e0 se distinguer de ce qui existe d\u00e9j\u00e0. \u00ab\u00a0Si vous aimez Harry Styles, Benson Boon, Ed Sheeran, Shawn Mendes\u2026 C\u2019est dans le m\u00eame cr\u00e9neau. Maintenant, on cherche un peu quelle est sa plus-value, sa sp\u00e9cificit\u00e9\u00a0\u00bb, d\u00e9veloppe-t-il. Une r\u00e9serve qui, d\u2019ailleurs, ne s\u2019applique pas uniquement \u00e0 Alex Warren. Pour lui, c\u2019est un ph\u00e9nom\u00e8ne plus global qui est \u00e0 l\u2019\u0153uvre, et qui tend \u00e0 gommer l\u2019individualit\u00e9 et la patte des artistes. \u00ab\u00a0On sait que toute la pop est tr\u00e8s liss\u00e9e ces derni\u00e8res ann\u00e9es, notamment \u00e0 cause de l\u2019av\u00e8nement des plateformes de streaming, qui vous proposent ce que vous \u00e9coutez d\u00e9j\u00e0\u00a0\u00bb, constate-t-il ainsi.<\/p>\n","protected":false},"excerpt":{"rendered":"\u00c0 seulement 25 ans, Alex Warren est bien parti pour conna\u00eetre une belle carri\u00e8re dans la musique. Comme&hellip;\n","protected":false},"author":2,"featured_media":237947,"comment_status":"","ping_status":"","sticky":false,"template":"","format":"standard","meta":{"footnotes":"","_share_on_mastodon":"0"},"categories":[98],"tags":[12,13,18,17,96,95,107,108],"class_list":["post-237946","post","type-post","status-publish","format-standard","has-post-thumbnail","category-musique","tag-be","tag-be-fr","tag-belgique","tag-belgium","tag-divertissement","tag-entertainment","tag-music","tag-musique"],"share_on_mastodon":{"url":"https:\/\/pubeurope.com\/@be_fr\/117208418333126212","error":""},"_links":{"self":[{"href":"https:\/\/www.europesays.com\/be-fr\/wp-json\/wp\/v2\/posts\/237946","targetHints":{"allow":["GET"]}}],"collection":[{"href":"https:\/\/www.europesays.com\/be-fr\/wp-json\/wp\/v2\/posts"}],"about":[{"href":"https:\/\/www.europesays.com\/be-fr\/wp-json\/wp\/v2\/types\/post"}],"author":[{"embeddable":true,"href":"https:\/\/www.europesays.com\/be-fr\/wp-json\/wp\/v2\/users\/2"}],"replies":[{"embeddable":true,"href":"https:\/\/www.europesays.com\/be-fr\/wp-json\/wp\/v2\/comments?post=237946"}],"version-history":[{"count":0,"href":"https:\/\/www.europesays.com\/be-fr\/wp-json\/wp\/v2\/posts\/237946\/revisions"}],"wp:featuredmedia":[{"embeddable":true,"href":"https:\/\/www.europesays.com\/be-fr\/wp-json\/wp\/v2\/media\/237947"}],"wp:attachment":[{"href":"https:\/\/www.europesays.com\/be-fr\/wp-json\/wp\/v2\/media?parent=237946"}],"wp:term":[{"taxonomy":"category","embeddable":true,"href":"https:\/\/www.europesays.com\/be-fr\/wp-json\/wp\/v2\/categories?post=237946"},{"taxonomy":"post_tag","embeddable":true,"href":"https:\/\/www.europesays.com\/be-fr\/wp-json\/wp\/v2\/tags?post=237946"}],"curies":[{"name":"wp","href":"https:\/\/api.w.org\/{rel}","templated":true}]}}