{"id":237960,"date":"2026-09-03T18:10:18","date_gmt":"2026-09-03T18:10:18","guid":{"rendered":"https:\/\/www.europesays.com\/be-fr\/237960\/"},"modified":"2026-09-03T18:10:18","modified_gmt":"2026-09-03T18:10:18","slug":"en-rouge-et-noir-brigitte-macron-offre-une-impeccable-demonstration-de-style-a-londres","status":"publish","type":"post","link":"https:\/\/www.europesays.com\/be-fr\/237960\/","title":{"rendered":"En rouge et noir, Brigitte Macron offre une impeccable d\u00e9monstration de style \u00e0 Londres"},"content":{"rendered":"<p>Toujours \u00e0 la pointe du style, <a href=\"https:\/\/www.parismatch.com\/bio\/brigitte-macron\" rel=\"nofollow noopener\" target=\"_blank\">Brigitte Macron<\/a> a rarement arbor\u00e9 un look aussi audacieux. En voyage \u00e0 Londres au c\u00f4t\u00e9 d\u2019<a href=\"https:\/\/www.parismatch.com\/bio\/emmanuel-macron\" rel=\"nofollow noopener\" target=\"_blank\">Emmanuel Macron<\/a>, la Premi\u00e8re dame est apparue dans un magnifique tailleur rouge, jeudi 3\u00a0septembre, pour sa visite au Premier ministre <a href=\"https:\/\/www.parismatch.com\/actu\/politique\/qui-est-andy-burnham-le-nouveau-premier-ministre-du-royaume-uni-272846\" rel=\"nofollow noopener\" target=\"_blank\">Andy Burnham<\/a> et \u00e0 son \u00e9pouse, <a href=\"https:\/\/www.parismatch.com\/actu\/international\/la-fille-la-plus-cool-de-luniversite-qui-est-marie-france-van-heel-la-discrete-nouvelle-premiere-dame-britannique-272931\" rel=\"nofollow noopener\" target=\"_blank\">Marie-France van Heel<\/a>, au 10 Downing Street. \u00c0 ses pieds, de vertigineux stilettos noirs vernis et \u00e0 son bras, un petit sac Chanel. Une impeccable d\u00e9monstration de style, au lendemain de <a href=\"https:\/\/www.parismatch.com\/Royal-Blog\/brigitte-macron-et-la-reine-camilla-accordent-leurs-tenues-pour-accueillir-les-tapisseries-de-bayeux-a-londres-275116\" rel=\"nofollow noopener\" target=\"_blank\">sa visite du British Museum<\/a> en compagnie du <a href=\"https:\/\/www.parismatch.com\/bio\/charles-iii\" rel=\"nofollow noopener\" target=\"_blank\">roi Charles III<\/a> et de <a href=\"https:\/\/www.parismatch.com\/bio\/camilla-parker-bowles\" rel=\"nofollow noopener\" target=\"_blank\">la reine Camilla<\/a> pour accueillir la tapisserie de Bayeux \u00e0 Londres.<\/p>\n<p>Emmanuel Macron et Andy Burnham s\u2019\u00e9taient donn\u00e9 rendez-vous pour un \u00e9change bilat\u00e9ral, leur tout premier, un mois et demi apr\u00e8s la prise de fonction du <a href=\"https:\/\/www.parismatch.com\/Royal-Blog\/au-revoir-keir-starmer-bonjour-andy-burnham-charles-iii-nomme-son-4e-premier-ministre-a-buckingham-272942\" rel=\"nofollow noopener\" target=\"_blank\">nouveau Premier ministre<\/a>. Une discussion qui devait porter principalement sur la lutte contre les travers\u00e9es de la Manche par des migrants sur de \u00ab\u00a0petites embarcations\u00a0\u00bb, ainsi que sur les questions g\u00e9opolitiques, de d\u00e9fense, d\u2019espace et d\u2019\u00e9nergie au c\u0153ur des pr\u00e9occupations actuelles.<\/p>\n<p>    La suite apr\u00e8s cette publicit\u00e9<\/p>\n<p>Deux femmes de passion<\/p>\n<p>Nul doute que Brigitte Macron et Marie-France van Heel auront de nombreux sujets de conversations communs, l\u2019\u00e9pouse du Premier ministre \u00e9tant une femme brillante. Directrice\u00a0dans une entreprise \u00e9nerg\u00e9tique, elle si\u00e8ge aussi au conseil d\u2019administration de Plan International et collabore avec l\u2019h\u00f4pital Great Ormond Street, la Soci\u00e9t\u00e9 Alzheimer et l\u2019institut Marie Curie. L\u2019ancienne professeure de fran\u00e7ais aura peut-\u00eatre aussi le privil\u00e8ge d\u2019approcher <a href=\"https:\/\/www.parismatch.com\/actu\/international\/le-premier-ministre-britannique-prend-une-decision-importante-pour-proteger-larry-the-cat-273261\" rel=\"nofollow noopener\" target=\"_blank\">Larry, le chat de Downing Street<\/a>.<\/p>\n","protected":false},"excerpt":{"rendered":"Toujours \u00e0 la pointe du style, Brigitte Macron a rarement arbor\u00e9 un look aussi audacieux. En voyage \u00e0&hellip;\n","protected":false},"author":2,"featured_media":237961,"comment_status":"","ping_status":"","sticky":false,"template":"","format":"standard","meta":{"footnotes":"","_share_on_mastodon":"0"},"categories":[102],"tags":[12,13,18,17,129,128,96,95,109],"class_list":["post-237960","post","type-post","status-publish","format-standard","has-post-thumbnail","category-people","tag-be","tag-be-fr","tag-belgique","tag-belgium","tag-celebrities","tag-celebrity","tag-divertissement","tag-entertainment","tag-people"],"share_on_mastodon":{"url":"https:\/\/pubeurope.com\/@be_fr\/117208457433223343","error":""},"_links":{"self":[{"href":"https:\/\/www.europesays.com\/be-fr\/wp-json\/wp\/v2\/posts\/237960","targetHints":{"allow":["GET"]}}],"collection":[{"href":"https:\/\/www.europesays.com\/be-fr\/wp-json\/wp\/v2\/posts"}],"about":[{"href":"https:\/\/www.europesays.com\/be-fr\/wp-json\/wp\/v2\/types\/post"}],"author":[{"embeddable":true,"href":"https:\/\/www.europesays.com\/be-fr\/wp-json\/wp\/v2\/users\/2"}],"replies":[{"embeddable":true,"href":"https:\/\/www.europesays.com\/be-fr\/wp-json\/wp\/v2\/comments?post=237960"}],"version-history":[{"count":0,"href":"https:\/\/www.europesays.com\/be-fr\/wp-json\/wp\/v2\/posts\/237960\/revisions"}],"wp:featuredmedia":[{"embeddable":true,"href":"https:\/\/www.europesays.com\/be-fr\/wp-json\/wp\/v2\/media\/237961"}],"wp:attachment":[{"href":"https:\/\/www.europesays.com\/be-fr\/wp-json\/wp\/v2\/media?parent=237960"}],"wp:term":[{"taxonomy":"category","embeddable":true,"href":"https:\/\/www.europesays.com\/be-fr\/wp-json\/wp\/v2\/categories?post=237960"},{"taxonomy":"post_tag","embeddable":true,"href":"https:\/\/www.europesays.com\/be-fr\/wp-json\/wp\/v2\/tags?post=237960"}],"curies":[{"name":"wp","href":"https:\/\/api.w.org\/{rel}","templated":true}]}}