{"id":237970,"date":"2026-09-03T18:15:14","date_gmt":"2026-09-03T18:15:14","guid":{"rendered":"https:\/\/www.europesays.com\/be-fr\/237970\/"},"modified":"2026-09-03T18:15:14","modified_gmt":"2026-09-03T18:15:14","slug":"affaire-patrick-bruel-le-viol-du-secret-de-linstruction-peut-vicier-une-enquete","status":"publish","type":"post","link":"https:\/\/www.europesays.com\/be-fr\/237970\/","title":{"rendered":"Affaire Patrick Bruel\u00a0: \u00ab\u00a0Le viol du secret de l&rsquo;instruction peut &lsquo;vicier&rsquo; une enqu\u00eate\u00a0\u00bb"},"content":{"rendered":"<p class=\"ap-StoryElement ap-StoryElement--mb ap-StoryText\">Pourtant, constate-t-il, ce genre de fuite tant \u00e0 se multiplier aujourd&rsquo;hui. \u00ab\u00a0\u00c7a arrive de plus en plus fr\u00e9quemment dans des dossiers judiciaires g\u00e9n\u00e9ralement \u00e0 haute tension m\u00e9diatique. En France, mais aussi chez nous\u00a0\u00bb, pr\u00e9cise-t-il. \u00ab\u00a0On constate que des extraits d&rsquo;audition, de proc\u00e8s-verbaux sont retranscrits parfois int\u00e9gralement dans la presse.\u00a0\u00bb Il cite d&rsquo;exemple du Qatar Gate qui s&rsquo;est r\u00e9guli\u00e8rement invit\u00e9 dans les m\u00e9dias de la sorte.<\/p>\n<p><a href=\"https:\/\/www.dhnet.be\/lifestyle\/people\/2026\/09\/02\/quelquun-a-vendu-mon-temoignage-a-la-presse-furieuse-helena-noguerra-prend-la-parole-apres-la-publication-de-son-temoignage-contre-patrick-bruel-7UH6QAEMJRBWRLFHWYKUV5GX4E\/\" target=\"_self\" class=\"ap-StoryInterstitialLink ap-StoryElement ap-StoryElement--mb\" rel=\"nofollow noopener\">\u00ab\u00a0Quelqu&rsquo;un a vendu mon t\u00e9moignage \u00e0 la presse\u00a0\u00bb : furieuse, Helena Noguerra prend la parole apr\u00e8s la publication de son t\u00e9moignage contre Patrick Bruel<\/a><\/p>\n<p class=\"ap-StoryElement ap-StoryElement--mb ap-StoryText\">\u00c0 l&rsquo;origine de ces fuites, il peut y avoir bien plus de monde qu&rsquo;on ne l&rsquo;imagine. Parce qu&rsquo;un grand nombre de personnes peut avoir acc\u00e8s aux dossiers en cours d&rsquo;instruction. \u00ab\u00a0Tous les policiers et les magistrats en charge de l&rsquo;enqu\u00eate\u00a0\u00bb, explique le juge Goeman qui ajoute que \u00ab\u00a0les proc\u00e8s-verbaux, par exemple, peuvent aussi transiter par des voies administratives. Donc, il y a un certain nombre de personnes qui, potentiellement, peuvent \u00eatre en contact avec un dossier.\u00a0\u00bb<\/p>\n<p>\u00ab\u00a0\u00c7a peut compromettre les recherches des enqu\u00eateurs\u00a0\u00bb<\/p>\n<p class=\"ap-StoryElement ap-StoryElement--mb ap-StoryText\">\u00c0 cela s&rsquo;ajoute la conservation de ces dossiers. Les versions papier (physiques) ne sont pas forc\u00e9ment mises dans une armoire ou un coffre-fort au sein du parquet ou des cabinets. Et puis, dit-il, \u00ab\u00a0ils sont de plus en plus souvent scann\u00e9s en ligne.\u00a0\u00bb D&rsquo;o\u00f9 la question de savoir qui peut avoir acc\u00e8s en ligne \u00e0 ces dossiers. \u00ab\u00a0Il est d\u00e9j\u00e0 arriv\u00e9 par le pass\u00e9 que des policiers n&rsquo;ayant rien \u00e0 voir avec une enqu\u00eate en cours soient poursuivis pour s&rsquo;\u00eatre introduits dans un dossier afin de donner des informations \u00e0 des journalistes.\u00a0\u00bb<\/p>\n<p><a href=\"https:\/\/www.dhnet.be\/actu\/2026\/06\/27\/la-justice-bruxelles-la-politique-denis-goeman-est-linvite-du-grand-entretien-le-choc-penal-a-eu-lieu-mais-il-faudra-gagner-la-guerre-XKRXOXRLJJGDJPZLGPIOTVDS7I\/\" target=\"_self\" class=\"ap-StoryInterstitialLink ap-StoryElement ap-StoryElement--mb\" rel=\"nofollow noopener\">La justice, Bruxelles, la politique&#8230; Denis Goeman est l&rsquo;invit\u00e9 du Grand Entretien : \u00ab\u00a0Le choc p\u00e9nal a eu lieu, mais il faudra gagner la guerre\u00a0\u00bb<\/a><\/p>\n<p class=\"ap-StoryElement ap-StoryElement--mb ap-StoryText\">Le secret de l&rsquo;instruction constitue pourtant un \u00e9l\u00e9ment capital pour une instruction, \u00ab\u00a0parce qu&rsquo;elle permet aux enqu\u00eateurs d&rsquo;avoir une s\u00e9r\u00e9nit\u00e9 pour essayer de d\u00e9couvrir et de se rapprocher de la v\u00e9rit\u00e9. Et essayer de d\u00e9couvrir des \u00e9l\u00e9ments\u00a0\u00bb, souligne Denis Goeman. \u00ab\u00a0Si chaque fois qu&rsquo;on auditionne quelqu&rsquo;un, on a une retranscription de son audition, \u00e7a peut compromettre les recherches des diff\u00e9rents enqu\u00eateurs, policiers, etc. Imaginez qu&rsquo;on parle d&rsquo;une personne qui serait mise en cause avant m\u00eame qu&rsquo;une perquisition soit effectu\u00e9e \u00e0 son domicile. Vous vous doutez bien qu&rsquo;on ne retrouvera rien chez elle. Ou alors, on a une audition mais elle peut, peut-\u00eatre, \u00eatre contredite par une autre. L\u00e0, \u00e7a peut donner une fausse id\u00e9e de la r\u00e9alit\u00e9 d&rsquo;un dossier.\u00a0\u00bb<\/p>\n<p><a href=\"https:\/\/www.dhnet.be\/lifestyle\/people\/2026\/09\/03\/affaire-patrick-bruel-une-plainte-pour-violation-du-secret-de-linstruction-va-etre-deposee-ABKZABR3GJFXVEBHAXFQKJ55DM\/\" target=\"_self\" class=\"ap-StoryInterstitialLink ap-StoryElement ap-StoryElement--mb\" rel=\"nofollow noopener\">Affaire Patrick Bruel  : une plainte pour violation du secret de l&rsquo;instruction va \u00eatre d\u00e9pos\u00e9e<\/a>Une d\u00e9fense bafou\u00e9e ?<\/p>\n<p class=\"ap-StoryElement ap-StoryElement--mb ap-StoryText\">Le travail d&rsquo;un juge d&rsquo;instruction, d&rsquo;un procureur est d\u00e9j\u00e0 compliqu\u00e9. Il l&rsquo;est d&rsquo;autant plus quand il y a de telles fuites dans les m\u00e9dias, insiste-t-il. Cela peut m\u00eame avoir des cons\u00e9quences non n\u00e9gligeables sur la proc\u00e9dure judiciaire en cours. \u00ab\u00a0La question peut se poser au niveau des droits de la d\u00e9fense. Des avocats se sont d\u00e9j\u00e0 &lsquo;insurg\u00e9s&rsquo; d&rsquo;une violation des droits de la d\u00e9fense de leurs clients, estimant que la d\u00e9fense de leurs clients a \u00e9t\u00e9 bafou\u00e9e, parce qu&rsquo;une s\u00e9rie d&rsquo;\u00e9l\u00e9ments \u00e9taient parus et qui ont pu &lsquo;vicier&rsquo; l&rsquo;enqu\u00eate\u00a0\u00bb, explique le magistrat. \u00ab\u00a0\u00c7a, c&rsquo;est appr\u00e9ci\u00e9 par le juge qui va juger le fond du dossier.\u00a0\u00bb<\/p>\n","protected":false},"excerpt":{"rendered":"Pourtant, constate-t-il, ce genre de fuite tant \u00e0 se multiplier aujourd&rsquo;hui. \u00ab\u00a0\u00c7a arrive de plus en plus fr\u00e9quemment&hellip;\n","protected":false},"author":2,"featured_media":237971,"comment_status":"","ping_status":"","sticky":false,"template":"","format":"standard","meta":{"footnotes":"","_share_on_mastodon":"0"},"categories":[83],"tags":[12,13,18,17,365,96,95,39463,753,103,38457,906,369],"class_list":["post-237970","post","type-post","status-publish","format-standard","has-post-thumbnail","category-divertissement","tag-be","tag-be-fr","tag-belgique","tag-belgium","tag-color-image","tag-divertissement","tag-entertainment","tag-fifa-world-cup","tag-gettyimagerank2","tag-horizontal","tag-international-team-soccer","tag-soccer","tag-sport"],"share_on_mastodon":{"url":"https:\/\/pubeurope.com\/@be_fr\/117208476770250964","error":""},"_links":{"self":[{"href":"https:\/\/www.europesays.com\/be-fr\/wp-json\/wp\/v2\/posts\/237970","targetHints":{"allow":["GET"]}}],"collection":[{"href":"https:\/\/www.europesays.com\/be-fr\/wp-json\/wp\/v2\/posts"}],"about":[{"href":"https:\/\/www.europesays.com\/be-fr\/wp-json\/wp\/v2\/types\/post"}],"author":[{"embeddable":true,"href":"https:\/\/www.europesays.com\/be-fr\/wp-json\/wp\/v2\/users\/2"}],"replies":[{"embeddable":true,"href":"https:\/\/www.europesays.com\/be-fr\/wp-json\/wp\/v2\/comments?post=237970"}],"version-history":[{"count":0,"href":"https:\/\/www.europesays.com\/be-fr\/wp-json\/wp\/v2\/posts\/237970\/revisions"}],"wp:featuredmedia":[{"embeddable":true,"href":"https:\/\/www.europesays.com\/be-fr\/wp-json\/wp\/v2\/media\/237971"}],"wp:attachment":[{"href":"https:\/\/www.europesays.com\/be-fr\/wp-json\/wp\/v2\/media?parent=237970"}],"wp:term":[{"taxonomy":"category","embeddable":true,"href":"https:\/\/www.europesays.com\/be-fr\/wp-json\/wp\/v2\/categories?post=237970"},{"taxonomy":"post_tag","embeddable":true,"href":"https:\/\/www.europesays.com\/be-fr\/wp-json\/wp\/v2\/tags?post=237970"}],"curies":[{"name":"wp","href":"https:\/\/api.w.org\/{rel}","templated":true}]}}