{"id":237982,"date":"2026-09-03T18:23:12","date_gmt":"2026-09-03T18:23:12","guid":{"rendered":"https:\/\/www.europesays.com\/be-fr\/237982\/"},"modified":"2026-09-03T18:23:12","modified_gmt":"2026-09-03T18:23:12","slug":"par-amour-florent-peyre-annonce-enfin-se-marier-avec-sa-compagne","status":"publish","type":"post","link":"https:\/\/www.europesays.com\/be-fr\/237982\/","title":{"rendered":"\u00abPar amour\u00bb : Florent Peyre annonce (enfin) se marier avec sa compagne"},"content":{"rendered":"<p>    Virginie Stref et Florent Peyre.<br \/>\n                Apaydin Alain\/ABACA<\/p>\n<p>\n    L\u2019humoriste partage sa vie avec la com\u00e9dienne depuis 2012. Et apr\u00e8s plus d\u2019une d\u00e9cennie, et deux refus, il a finalement d\u00e9cid\u00e9 de dire \u00aboui\u00bb pour le meilleur et pour le pire.<\/p>\n<p class=\"fig-paragraph\">L\u2019\u00e9t\u00e9 est sur le point de s\u2019achever, mais pas la saison des mariages. L\u2019humoriste et com\u00e9dien\u00a0<a href=\"https:\/\/www.lefigaro.fr\/tag\/florent-peyre\" target=\"_blank\" data-fig-type=\"Keyword\" rel=\"noopener nofollow\" data-gtm-custom-categorie=\"navigation\" data-gtm-custom-action=\"crossclick\" data-gtm-custom-label=\"Contextuel\" data-gtm-event=\"customEventSPE\" data-fig-domain=\"LEFIGARO\">Florent Peyre\u00a0<\/a> s\u2019appr\u00eate \u00e0 dire \u00aboui\u00bb pour la vie \u00e0 sa compagne de longue date, Virginie Stref. Et s\u2019ils partagent leur quotidien depuis 2012 et sont les heureux parents d\u2019un petit gar\u00e7on, Marius, n\u00e9 en 2017, les deux amoureux n\u2019avaient encore jamais pass\u00e9 le cap du mariage.<\/p>\n<p class=\"fig-paragraph\">Et pour cause. Florent Peyre y \u00e9tait farouchement oppos\u00e9. L\u2019homme de 46 ans l\u2019avait d\u2019ailleurs ouvertement partag\u00e9 sur le plateau du talk-show de\u00a0<a href=\"http:\/\/tvmag.lefigaro.fr\/programme-tv\/actu-tele\/en-retrait-du-20-heures-de-france-2-quand-lea-salame-va-t-elle-faire-son-retour-a-l-antenne-20260825\" target=\"_blank\" data-fig-type=\"Article\" rel=\"noopener nofollow\" data-gtm-custom-categorie=\"navigation\" data-gtm-custom-action=\"crossclick\" data-gtm-custom-label=\"Contextuel\" data-gtm-event=\"customEventSPE\" data-fig-domain=\"TVMAG\">L\u00e9a Salam\u00e9<\/a>, \u00abQuelle \u00e9poque\u00a0!\u00bb, en novembre 2024. \u00abC\u2019est beaucoup plus fort de faire un enfant que de se marier \u00e0 mes yeux. Elle ne m\u2019a pas demand\u00e9 en mariage, elle m\u2019a dit \u201cj\u2019adorerais que tu me demandes en mariage\u201d ce \u00e0 quoi j\u2019ai r\u00e9pondu \u201cnon\u201d.\u00bb Un an plus tard, l\u2019humoriste semblait camper sur ses positions. En octobre dernier, il confiait encore \u00e0 \u00c9ric Dussart dans \u00abOn refait la t\u00e9l\u00e9\u00bb avoir refus\u00e9 les deux demandes de sa compagne, en partie \u00e0 cause de l\u2019organisation et du stress caus\u00e9 par cet \u00e9v\u00e9nement.<\/p>\n<p class=\"fig-body-link\">\n            \u00c0 lire aussi<br \/>\n        <a class=\"fig-body-link__link\" href=\"http:\/\/tvmag.lefigaro.fr\/programme-tv\/actu-tele\/les-chaises-musicales-infernales-france-tv-florent-peyre-aux-commandes-d-un-nouveau-jeu-drolissime-et-efficace-20260529\" target=\"_blank\" data-fig-type=\"Article\" rel=\"noopener nofollow\" data-gtm-custom-categorie=\"navigation\" data-gtm-custom-action=\"crossclick\" data-gtm-custom-label=\"Contextuel\" data-gtm-event=\"customEventSPE\" data-fig-domain=\"TVMAG\"><br \/>\n                \u00abLes Chaises Musicales Infernales\u00bb (France.tv)\u00a0: Florent Peyre aux commandes d\u2019un nouveau jeu dr\u00f4lissime et efficace<br \/>\n    <\/a>\n<\/p>\n<p>                                                <a class=\"fig-a11y-skip\" href=\"#fig-a11y-skip-main-inarticle\" is=\"fig-a11y-skip\" data-trigger-mode=\"visible-once\"><br \/>\n    Passer la publicit\u00e9<br \/>\n<\/a>            <\/p>\n<p class=\"fig-paragraph\">Mais Virginie Stef aura finalement gain de cause. En effet, Florent Peyre, invit\u00e9 de Thibaut Gauthier dans \u00abFigaro La Nuit\u00bb sur Le Figaro TV, a confi\u00e9 en exclusivit\u00e9 au journaliste fra\u00eechement mari\u00e9 qu\u2019il allait, lui aussi, rejoindre le clan tr\u00e8s ferm\u00e9 des jeunes mari\u00e9s. \u00abOn est en alliance. Je me marie dans 25 jours\u00bb, lui a-t-il lanc\u00e9 en voyant la bague \u00e0 l\u2019annulaire du pr\u00e9sentateur avant de pr\u00e9ciser le faire par amour. \u00abQuinze ans [de vie commune], un enfant et un mariage l\u00e0, \u00e7a raconte autre chose\u00bb, a compar\u00e9 Florent Peyre face \u00e0 un couple sans enfant, avec une relation plus courte. \u00abNous, on a surmont\u00e9 pas mal de trucs. On a d\u00e9j\u00e0 bien avanc\u00e9, on est solide et on va marquer le coup. En tout cas, moi c\u2019est comme \u00e7a que je le vois\u00bb, a expliqu\u00e9 l\u2019humoriste. Les coulisses de la demande en fian\u00e7ailles resteront quant \u00e0 elles secr\u00e8tes. \u00abC\u2019est un secret, c\u2019est pour les intimes\u00bb, a-t-il ironis\u00e9 face \u00e0 Thibaut Gauthier. Nul ne saura donc si le souhait final \u00e9mane de sa compagne ou de lui-m\u00eame.<\/p>\n","protected":false},"excerpt":{"rendered":"Virginie Stref et Florent Peyre. Apaydin Alain\/ABACA L\u2019humoriste partage sa vie avec la com\u00e9dienne depuis 2012. Et apr\u00e8s&hellip;\n","protected":false},"author":2,"featured_media":237983,"comment_status":"","ping_status":"","sticky":false,"template":"","format":"standard","meta":{"footnotes":"","_share_on_mastodon":"0"},"categories":[102],"tags":[73832,12,13,18,17,274,129,128,96,95,73833,73837,55177,109,73836,73834,73835],"class_list":["post-237982","post","type-post","status-publish","format-standard","has-post-thumbnail","category-people","tag-actu-people","tag-be","tag-be-fr","tag-belgique","tag-belgium","tag-celebrites","tag-celebrities","tag-celebrity","tag-divertissement","tag-entertainment","tag-info-people","tag-infos-people-du-jour","tag-news-people","tag-people","tag-photo-people","tag-potins-de-stars","tag-potins-people"],"share_on_mastodon":{"url":"https:\/\/pubeurope.com\/@be_fr\/117208508514926194","error":""},"_links":{"self":[{"href":"https:\/\/www.europesays.com\/be-fr\/wp-json\/wp\/v2\/posts\/237982","targetHints":{"allow":["GET"]}}],"collection":[{"href":"https:\/\/www.europesays.com\/be-fr\/wp-json\/wp\/v2\/posts"}],"about":[{"href":"https:\/\/www.europesays.com\/be-fr\/wp-json\/wp\/v2\/types\/post"}],"author":[{"embeddable":true,"href":"https:\/\/www.europesays.com\/be-fr\/wp-json\/wp\/v2\/users\/2"}],"replies":[{"embeddable":true,"href":"https:\/\/www.europesays.com\/be-fr\/wp-json\/wp\/v2\/comments?post=237982"}],"version-history":[{"count":0,"href":"https:\/\/www.europesays.com\/be-fr\/wp-json\/wp\/v2\/posts\/237982\/revisions"}],"wp:featuredmedia":[{"embeddable":true,"href":"https:\/\/www.europesays.com\/be-fr\/wp-json\/wp\/v2\/media\/237983"}],"wp:attachment":[{"href":"https:\/\/www.europesays.com\/be-fr\/wp-json\/wp\/v2\/media?parent=237982"}],"wp:term":[{"taxonomy":"category","embeddable":true,"href":"https:\/\/www.europesays.com\/be-fr\/wp-json\/wp\/v2\/categories?post=237982"},{"taxonomy":"post_tag","embeddable":true,"href":"https:\/\/www.europesays.com\/be-fr\/wp-json\/wp\/v2\/tags?post=237982"}],"curies":[{"name":"wp","href":"https:\/\/api.w.org\/{rel}","templated":true}]}}