{"id":238032,"date":"2026-09-03T18:53:18","date_gmt":"2026-09-03T18:53:18","guid":{"rendered":"https:\/\/www.europesays.com\/be-fr\/238032\/"},"modified":"2026-09-03T18:53:18","modified_gmt":"2026-09-03T18:53:18","slug":"gims-annule-sa-venue-au-zevent-voici-pourquoi","status":"publish","type":"post","link":"https:\/\/www.europesays.com\/be-fr\/238032\/","title":{"rendered":"Gims annule sa venue au ZEvent, voici pourquoi"},"content":{"rendered":"<p>                    Par<\/p>\n<p>            <a href=\"https:\/\/actu.fr\/auteur\/antoine-heureu-2\" title=\"Consulter tous les articles de Antoine Hereu\" rel=\"nofollow noopener\" target=\"_blank\">Antoine Hereu<\/a><\/p>\n<p>        Publi\u00e9 le<\/p>\n<p>            3 sept. 2026 \u00e0 11h07        <\/p>\n<p>Le coup d\u2019envoi du dernier ZEvent, c\u2019est ce jeudi 3 septembre \u00e0 20h \u00e0 la Sud de France Arena de Montpellier\u00a0avec le concert officiel de l\u2019\u00e9v\u00e9nement. Cette ann\u00e9e, l\u2019organisation avait r\u00e9uni une belle programmation avec la venue de Bigflo et Oli, Gazo et Gims, mais ce dernier ne sera finalement pas de la partie. L\u2019\u00e9v\u00e9nement a annonc\u00e9 hier dans la soir\u00e9e que la star du rap fran\u00e7ais ne pourra pas \u00eatre pr\u00e9sente \u00ab pour des raisons de sant\u00e9 \u00bb.<\/p>\n<p>Nous partageons la d\u00e9ception de toutes celles et ceux qui attendaient sa venue et lui souhaitons un bon r\u00e9tablissement\u00a0\u00bb<\/p>\n<p>    Organisation du ZEvent<br \/>\n            Remplac\u00e9 par Yam\u00ea<\/p>\n<p class=\" wall-content\">Pour pallier son absence, c\u2019est le rappeur Yam\u00ea qui viendra le remplacer. \u00ab Avec sa voix \u00e0 part et son aisance naturelle sur sc\u00e8ne, il saura embarquer le public \u00bb, se r\u00e9jouissent les organisateurs. Par ailleurs, les deux fr\u00e8res toulousains Bigflo et Oli proposeront de leur c\u00f4t\u00e9 un set plus long que celui pr\u00e9vu \u00e0 l\u2019origine.<\/p>\n<p class=\" wall-content\">Pour rappel, l\u2019\u00e9v\u00e9nement accueillera \u00e9galement l\u2019Orchestre Curieux, accompagn\u00e9 de Lorien Testard, Ekaterina Shelehova, Marianne et PV Nova. Un \u00e9v\u00e9nement qui, malgr\u00e9 l\u2019absence de sa t\u00eate d\u2019affiche, s\u2019annonce particuli\u00e8rement anim\u00e9 pour cette derni\u00e8re \u00e9dition qui se promet d\u2019allier \u00e9motion, bonne ambiance et musique.<\/p>\n<p>Pratique : l\u2019\u00e9v\u00e9nement est complet.<\/p>\n<p class=\" wall-content\">Personnalisez votre actualit\u00e9 en ajoutant vos villes et m\u00e9dias en favori avec <a href=\"https:\/\/moncompte.actu.fr\" title=\"D\u00e9couvez Mon Actu\" rel=\"nofollow noopener\" data-trk=\"{&quot;cta&quot;:{&quot;action&quot;:&quot;https:\\\/\\\/moncompte.actu.fr&quot;,&quot;category&quot;:&quot;mon compte&quot;,&quot;from&quot;:&quot;article footer&quot;,&quot;name&quot;:&quot;Mon actu&quot;,&quot;type&quot;:&quot;cta&quot;}}\" target=\"_blank\">Mon Actu<\/a>.<\/p>\n","protected":false},"excerpt":{"rendered":"Par Antoine Hereu Publi\u00e9 le 3 sept. 2026 \u00e0 11h07 Le coup d\u2019envoi du dernier ZEvent, c\u2019est ce&hellip;\n","protected":false},"author":2,"featured_media":238033,"comment_status":"","ping_status":"","sticky":false,"template":"","format":"standard","meta":{"footnotes":"","_share_on_mastodon":"0"},"categories":[98],"tags":[12,13,18,17,366,96,95,760,107,108],"class_list":["post-238032","post","type-post","status-publish","format-standard","has-post-thumbnail","category-musique","tag-be","tag-be-fr","tag-belgique","tag-belgium","tag-concert","tag-divertissement","tag-entertainment","tag-loisirs-culture","tag-music","tag-musique"],"share_on_mastodon":{"url":"https:\/\/pubeurope.com\/@be_fr\/117208626632391991","error":""},"_links":{"self":[{"href":"https:\/\/www.europesays.com\/be-fr\/wp-json\/wp\/v2\/posts\/238032","targetHints":{"allow":["GET"]}}],"collection":[{"href":"https:\/\/www.europesays.com\/be-fr\/wp-json\/wp\/v2\/posts"}],"about":[{"href":"https:\/\/www.europesays.com\/be-fr\/wp-json\/wp\/v2\/types\/post"}],"author":[{"embeddable":true,"href":"https:\/\/www.europesays.com\/be-fr\/wp-json\/wp\/v2\/users\/2"}],"replies":[{"embeddable":true,"href":"https:\/\/www.europesays.com\/be-fr\/wp-json\/wp\/v2\/comments?post=238032"}],"version-history":[{"count":0,"href":"https:\/\/www.europesays.com\/be-fr\/wp-json\/wp\/v2\/posts\/238032\/revisions"}],"wp:featuredmedia":[{"embeddable":true,"href":"https:\/\/www.europesays.com\/be-fr\/wp-json\/wp\/v2\/media\/238033"}],"wp:attachment":[{"href":"https:\/\/www.europesays.com\/be-fr\/wp-json\/wp\/v2\/media?parent=238032"}],"wp:term":[{"taxonomy":"category","embeddable":true,"href":"https:\/\/www.europesays.com\/be-fr\/wp-json\/wp\/v2\/categories?post=238032"},{"taxonomy":"post_tag","embeddable":true,"href":"https:\/\/www.europesays.com\/be-fr\/wp-json\/wp\/v2\/tags?post=238032"}],"curies":[{"name":"wp","href":"https:\/\/api.w.org\/{rel}","templated":true}]}}