{"id":238052,"date":"2026-09-03T19:05:25","date_gmt":"2026-09-03T19:05:25","guid":{"rendered":"https:\/\/www.europesays.com\/be-fr\/238052\/"},"modified":"2026-09-03T19:05:25","modified_gmt":"2026-09-03T19:05:25","slug":"la-france-vient-de-vivre-son-ete-le-plus-chaud-jamais-enregistre","status":"publish","type":"post","link":"https:\/\/www.europesays.com\/be-fr\/238052\/","title":{"rendered":"La France vient de vivre son \u00e9t\u00e9 le plus chaud jamais enregistr\u00e9"},"content":{"rendered":"<p>Dans son bilan climatique de l&rsquo;\u00e9t\u00e9 2026, M\u00e9t\u00e9o-France revient sur la saison extr\u00eame qu&rsquo;a v\u00e9cue la France cette ann\u00e9e.Encha\u00eenement de canicules, s\u00e9cheresse historique, incendies\u2026 Le bilan est lourd.Et les relev\u00e9s hors normes ne sont peut-\u00eatre pas termin\u00e9s.<a href=\"https:\/\/www.google.com\/preferences\/source?q=tf1info.fr\" class=\"jsx-2150648137 jsx-976369737 ActionButton ActionButton--withBorder\" rel=\"nofollow noopener\" target=\"_blank\"><\/p>\n<p> Ajoutez TF1info \u00e0 vos sources sur Google <\/p>\n<p><\/a><\/p>\n<p id=\"body-_R_17v7tm_-block-5\" data-module=\"article-paragraph\" class=\"jsx-2921227388 Paragraph\">Il n&rsquo;a jamais fait aussi chaud en France durant l&rsquo;\u00e9t\u00e9 depuis le d\u00e9but des relev\u00e9s. M\u00e9t\u00e9o-France a pr\u00e9sent\u00e9, jeudi 3 septembre, <a href=\"https:\/\/meteofrance.com\/\" target=\"_blank\" rel=\"nofollow noopener\">son bilan climatique pour la saison estivale 2026 (nouvelle fen\u00eatre)<\/a>. Un \u00e9t\u00e9 qui \u00ab\u00a0restera dans l&rsquo;histoire\u00a0\u00bb, a jug\u00e9 en pr\u00e9ambule la ministre de la Transition \u00e9cologique, Monique Barbut, confirmant que cet \u00e9t\u00e9 avait \u00e9t\u00e9 \u00ab\u00a0le plus chaud jamais enregistr\u00e9\u00a0\u00bb depuis le d\u00e9but des mesures en 1900.<\/p>\n<p data-module=\"article-paragraph\" class=\"jsx-2921227388 Paragraph Paragraph__End\">Durant l&rsquo;\u00e9t\u00e9, la \u00ab\u00a0France est rest\u00e9e sous l&rsquo;influence des conditions anticycloniques persistantes, emp\u00eachant les perturbations de traverser le pays\u00a0\u00bb, d\u00e9taille M\u00e9t\u00e9o-France. \u00ab\u00a0Ces conditions, associ\u00e9es \u00e0 l&rsquo;influence du changement climatique, expliquent la persistance des fortes chaleurs, l&rsquo;absence de pluie, l&rsquo;ensoleillement exceptionnel et la s\u00e9cheresse des sols\u00a0\u00bb.\u00a0<\/p>\n<p>Une anomalie de +3,6\u00b0C<\/p>\n<p id=\"body-_R_17v7tm_-block-8\" data-module=\"article-paragraph\" class=\"jsx-2921227388 Paragraph\">Avec une temp\u00e9rature moyenne sur 24h de 24\u00b0C, l&rsquo;\u00e9t\u00e9 2026 a enregistr\u00e9 une anomalie de +3,6\u00b0C par rapport \u00e0 la moyenne 1991-2020. C&rsquo;est bien plus que les \u00e9t\u00e9s 2003 (2,7\u00b0C) et 2022 (2,3\u00b0C), consid\u00e9r\u00e9s comme les plus chauds jusqu&rsquo;alors. Les mois de juin et de juillet, avec une anomalie de +3,8\u00b0C <a href=\"https:\/\/www.tf1info.fr\/meteo\/un-mois-totalement-hors-norme-chaleur-secheresse-les-chiffres-qui-montrent-que-juillet-2026-bat-tous-les-records-2456814.html\" rel=\"nofollow noopener\" target=\"_blank\">sont les plus chauds jamais enregistr\u00e9s<\/a>, alors qu&rsquo;ao\u00fbt (+3,6\u00b0C) arrive \u00e0 la deuxi\u00e8me place derri\u00e8re ao\u00fbt 2003.<\/p>\n<p data-module=\"article-paragraph\" class=\"jsx-2921227388 Paragraph Paragraph__End\">Une situation qui aurait \u00e9t\u00e9 \u00ab\u00a0quasiment impossible\u00a0\u00bb sans le changement climatique d&rsquo;origine humaine, pointe M\u00e9t\u00e9o-France.<\/p>\n<p><img decoding=\"async\" src=\"https:\/\/www.europesays.com\/be-fr\/wp-content\/uploads\/2026\/09\/evolution-des-temperatures-en-france-depuis-le-15-mai-2026-d872fd-0@1x.jpeg\" alt=\"L\u2019\u00e9t\u00e9 2026 devient l\u2019\u00e9t\u00e9 le plus chaud depuis 1900 devant les \u00e9t\u00e9s 2003 et 2022\" loading=\"lazy\" importance=\"low\" fetchpriority=\"low\" class=\"\" data-module=\"article-image\"\/>L\u2019\u00e9t\u00e9 2026 devient l\u2019\u00e9t\u00e9 le plus chaud depuis 1900 devant les \u00e9t\u00e9s 2003 et 2022 &#8211; M\u00e9t\u00e9o-France<\/p>\n<p id=\"body-_R_17v7tm_-block-12\" data-module=\"article-paragraph\" class=\"jsx-2921227388 Paragraph\">Les chiffres montrent l&rsquo;ampleur du ph\u00e9nom\u00e8ne : 90% du territoire a connu au moins une fois une temp\u00e9rature \u00e9gale ou sup\u00e9rieure \u00e0 35\u00b0C. Concernant la barre des 40\u00b0C, consid\u00e9r\u00e9e comme exceptionnelle en France, 45% du territoire a \u00e9gal\u00e9 ou d\u00e9pass\u00e9 cette marque au moins une fois en juin, juillet ou ao\u00fbt.<\/p>\n<p data-module=\"article-paragraph\" class=\"jsx-2921227388 Paragraph Paragraph__End\">\u00ab\u00a0Sur le r\u00e9seau principal de M\u00e9t\u00e9o-France, le seuil de 40\u00b0C, temp\u00e9rature extr\u00eame dans le climat actuel de la France hexagonale, a \u00e9t\u00e9 franchi 178 fois, ce qui constitue un record, devant 2003 et 2019\u00a0\u00bb, d\u00e9taille le pr\u00e9visionniste.\u00a0<\/p>\n<p><img decoding=\"async\" src=\"https:\/\/www.europesays.com\/be-fr\/wp-content\/uploads\/2026\/09\/franchissement-seuil-40-degres-de-1951-a-2026-b2e43e-0@1x.png\" alt=\"Nom de franchissement du seuil des 40\u00b0C en France de 1951 \u00e0 2026\" loading=\"lazy\" importance=\"low\" fetchpriority=\"low\" class=\"\" data-module=\"article-image\"\/>Nom de franchissement du seuil des 40\u00b0C en France de 1951 \u00e0 2026 &#8211; M\u00e9t\u00e9o-France<\/p>\n<p id=\"body-_R_17v7tm_-block-14\" data-module=\"article-paragraph\" class=\"jsx-2921227388 Paragraph Paragraph__End\">Autre record de cet \u00e9t\u00e9 2026 : 53 jours de vagues de chaleur ont \u00e9t\u00e9 enregistr\u00e9s lors des trois \u00e9pisodes qui se sont succ\u00e9d\u00e9, du jamais vu depuis le d\u00e9but des relev\u00e9s. La saison a ainsi connu \u00e0 la fois sa vague de chaleur la plus intense, du 17 au 30 juin, et <a href=\"https:\/\/www.tf1info.fr\/meteo\/meteo-france-la-vague-de-chaleur-debutee-le-28-juillet-en-france-a-officiellement-pris-fin-egalant-le-record-de-1983-2459639.html\" rel=\"nofollow noopener\" target=\"_blank\">la plus longue (\u00e0 \u00e9galit\u00e9 avec 1983)<\/a> du 28 juillet au 19 ao\u00fbt.\u00a0<\/p>\n<p>Ao\u00fbt : mois le plus sec de tous les temps<\/p>\n<p id=\"body-_R_17v7tm_-block-17\" data-module=\"article-paragraph\" class=\"jsx-2921227388 Paragraph Paragraph__End\">Outre la chaleur, la France a \u00e9t\u00e9 frapp\u00e9e, pendant cet \u00e9t\u00e9, <a href=\"https:\/\/www.tf1info.fr\/economie\/agriculture-canicule-secheresse-incendie-voici-le-premier-bilan-des-degats-de-l-ete-2461042.html\" rel=\"nofollow noopener\" target=\"_blank\">d&rsquo;une s\u00e9cheresse historique<\/a>. \u00ab\u00a0Ao\u00fbt est la p\u00e9riode la plus s\u00e8che de tous les temps en France\u00a0\u00bb, a ainsi affirm\u00e9 M\u00e9t\u00e9o-France lors de la pr\u00e9sentation de son bilan. \u00ab\u00a0Apr\u00e8s un printemps 2026 d\u00e9j\u00e0 d\u00e9ficitaire de 30% et des mois de juin et juillet d\u00e9ficitaires respectivement de 50% et 70%, l\u2019\u00e9t\u00e9 2026 s\u2019ach\u00e8ve par un mois d\u2019ao\u00fbt d\u00e9ficitaire de plus de 10%\u00a0\u00bb, d\u00e9taille encore le pr\u00e9visionniste.<\/p>\n<p><a href=\"https:\/\/www.tf1info.fr\/environnement-ecologie\/secheresse-mer-en-surchauffe-et-incendies-pourquoi-on-pourrait-encore-payer-l-ete-2026-hors-norme-2460350.html\" rel=\"nofollow noopener\" class=\"jsx-958316424 Link flex\" target=\"_blank\"><img decoding=\"async\" src=\"https:\/\/www.europesays.com\/be-fr\/wp-content\/uploads\/2026\/09\/foret-brulee-gironde-aout-2026-4b4a14-0@1x.jpeg\" alt=\"La monoculture de pins maritimes br\u00fbl\u00e9e dans la for\u00eat des Landes de Gascogne, au Porge, le 1er ao\u00fbt 2026.\" loading=\"lazy\" importance=\"low\" fetchpriority=\"low\" class=\"\" copyright=\"Pierre Larrieu \/ Hans Lucas via AFP\" aria-hidden=\"true\"\/><\/p>\n<p class=\"jsx-4054529586 ReadMoreArticle__Title\">Lire aussi<\/p>\n<p class=\"jsx-4054529586\">S\u00e9cheresse, mer en surchauffe et incendies : pourquoi on pourrait (encore) payer un \u00e9t\u00e9 2026 hors norme<\/p>\n<p><\/a><\/p>\n<p id=\"body-_R_17v7tm_-block-19\" data-module=\"article-paragraph\" class=\"jsx-2921227388 Paragraph Paragraph__End\">Si l&rsquo;\u00e9t\u00e9 2026 repr\u00e9sente du jamais-vu dans l&rsquo;histoire de la France avec une anomalie de +5\u00b0C par rapport \u00e0 un \u00e9t\u00e9 moyen de l&rsquo;\u00e8re pr\u00e9industrielle (1850-1900), et qu&rsquo;il reste un \u00ab\u00a0\u00e9v\u00e9nement rare\u00a0\u00bb dans le climat actuel avec une possibilit\u00e9 sur 100 de se produire, il pourrait \u00eatre amen\u00e9 \u00e0 \u00eatre de plus en plus fr\u00e9quent. Dans une France \u00e0 +4\u00b0C &#8211; <a href=\"https:\/\/www.tf1info.fr\/environnement-ecologie\/changement-climatique-portrait-robot-d-une-france-a-plus-4-degres-de-hausse-de-temperature-en-2100-2256670.html\" rel=\"nofollow noopener\" target=\"_blank\">soit la trajectoire de r\u00e9chauffement actuellement envisag\u00e9e pour la France pour 2100<\/a> -, il serait en r\u00e9alit\u00e9 un \u00e9t\u00e9 \u00ab\u00a0dans la moyenne\u00a0\u00bb.\u00a0<\/p>\n<p><img decoding=\"async\" src=\"https:\/\/www.europesays.com\/be-fr\/wp-content\/uploads\/2026\/09\/l-ete-2026-rare-2026-climat-actuel-mais-ordinnaire-france-a-plus-4-degres-194d31-0@1x.jpeg\" alt=\"Comparaison de l'\u00e9t\u00e9 2026 par rapport aux \u00e9t\u00e9s attendus des ann\u00e9es 2050 et 2100\" loading=\"lazy\" importance=\"low\" fetchpriority=\"low\" class=\"\" data-module=\"article-image\"\/>Comparaison de l&rsquo;\u00e9t\u00e9 2026 par rapport aux \u00e9t\u00e9s attendus des ann\u00e9es 2050 et 2100 &#8211; M\u00e9t\u00e9o-France<\/p>\n<p id=\"body-_R_17v7tm_-block-21\" data-module=\"article-paragraph\" class=\"jsx-2921227388 Paragraph\">Toutefois, en termes de pluviom\u00e9trie, l\u2019\u00e9t\u00e9 2026 resterait parmi les moins arros\u00e9s d\u2019une France \u00e0 +2,7\u00b0C &#8211; soit la temp\u00e9rature moyenne attendue en 2050 -, et correspondrait \u00e0 un \u00e9t\u00e9 peu arros\u00e9 dans une France \u00e0 +4\u00b0C. D&rsquo;o\u00f9 l&rsquo;appel lanc\u00e9 par Monique Barbut \u00ab\u00a0d&rsquo;\u00eatre \u00e0 la hauteur des enjeux\u00a0\u00bb en mati\u00e8re climatique.\u00a0<\/p>\n<p data-module=\"article-paragraph\" class=\"jsx-2921227388 Paragraph\">\u00ab\u00a0On ne peut pas subir et attendre que les \u00e9v\u00e9nements arrivent pour prendre des d\u00e9cisions\u00a0\u00bb, a estim\u00e9 la ministre qui a affirm\u00e9 que, chez nos voisins europ\u00e9ens, \u00ab\u00a0personne n&rsquo;\u00e9tait mieux pr\u00e9par\u00e9 que nous\u00a0\u00bb \u00e0 cet \u00e9t\u00e9 2026 qui a surpris par l&rsquo;intensit\u00e9 des ph\u00e9nom\u00e8nes enregistr\u00e9s.<\/p>\n<p data-module=\"article-paragraph\" class=\"jsx-2921227388 Paragraph Paragraph__End\">\u00ab\u00a0On a tous dit que \u00e7a allait arriver, mais je crois qu&rsquo;on a tous \u00e9t\u00e9 un peu surpris par ce qu&rsquo;il s&rsquo;est pass\u00e9. Maintenant nous l&rsquo;avons v\u00e9cu\u00a0\u00bb et les impacts du changement climatique \u00ab\u00a0arrivent plus vite que ce qu&rsquo;on avait imagin\u00e9\u00a0\u00bb, a poursuivi la ministre. \u00ab\u00a0Maintenant, il faut \u00eatre pr\u00eats pour les prochains parce que, ce qu&rsquo;on a v\u00e9cu aujourd&rsquo;hui, on ne peut pas le revivre \u00e0 l&rsquo;identique\u00a0\u00bb.\u00a0<\/p>\n","protected":false},"excerpt":{"rendered":"Dans son bilan climatique de l&rsquo;\u00e9t\u00e9 2026, M\u00e9t\u00e9o-France revient sur la saison extr\u00eame qu&rsquo;a v\u00e9cue la France cette&hellip;\n","protected":false},"author":2,"featured_media":238053,"comment_status":"","ping_status":"","sticky":false,"template":"","format":"standard","meta":{"footnotes":"","_share_on_mastodon":"0"},"categories":[99],"tags":[141,10,138,12,13,18,17,8410,49,96,95,151,140,73869,3695,112,139,31080],"class_list":["post-238052","post","type-post","status-publish","format-standard","has-post-thumbnail","category-television","tag-actu","tag-actualites","tag-article-video","tag-be","tag-be-fr","tag-belgique","tag-belgium","tag-changement-climatique","tag-climat","tag-divertissement","tag-entertainment","tag-france","tag-info","tag-monique-barbut","tag-phenomenes-meteo","tag-television","tag-video","tag-video-environnement"],"share_on_mastodon":{"url":"https:\/\/pubeurope.com\/@be_fr\/117208674310244051","error":""},"_links":{"self":[{"href":"https:\/\/www.europesays.com\/be-fr\/wp-json\/wp\/v2\/posts\/238052","targetHints":{"allow":["GET"]}}],"collection":[{"href":"https:\/\/www.europesays.com\/be-fr\/wp-json\/wp\/v2\/posts"}],"about":[{"href":"https:\/\/www.europesays.com\/be-fr\/wp-json\/wp\/v2\/types\/post"}],"author":[{"embeddable":true,"href":"https:\/\/www.europesays.com\/be-fr\/wp-json\/wp\/v2\/users\/2"}],"replies":[{"embeddable":true,"href":"https:\/\/www.europesays.com\/be-fr\/wp-json\/wp\/v2\/comments?post=238052"}],"version-history":[{"count":0,"href":"https:\/\/www.europesays.com\/be-fr\/wp-json\/wp\/v2\/posts\/238052\/revisions"}],"wp:featuredmedia":[{"embeddable":true,"href":"https:\/\/www.europesays.com\/be-fr\/wp-json\/wp\/v2\/media\/238053"}],"wp:attachment":[{"href":"https:\/\/www.europesays.com\/be-fr\/wp-json\/wp\/v2\/media?parent=238052"}],"wp:term":[{"taxonomy":"category","embeddable":true,"href":"https:\/\/www.europesays.com\/be-fr\/wp-json\/wp\/v2\/categories?post=238052"},{"taxonomy":"post_tag","embeddable":true,"href":"https:\/\/www.europesays.com\/be-fr\/wp-json\/wp\/v2\/tags?post=238052"}],"curies":[{"name":"wp","href":"https:\/\/api.w.org\/{rel}","templated":true}]}}