{"id":238068,"date":"2026-09-03T19:15:17","date_gmt":"2026-09-03T19:15:17","guid":{"rendered":"https:\/\/www.europesays.com\/be-fr\/238068\/"},"modified":"2026-09-03T19:15:17","modified_gmt":"2026-09-03T19:15:17","slug":"prix-du-gaz-hausse-attendue-en-europe-cet-hiver-pas-de-penurie","status":"publish","type":"post","link":"https:\/\/www.europesays.com\/be-fr\/238068\/","title":{"rendered":"Prix du gaz\u00a0: hausse attendue en Europe cet hiver, pas de p\u00e9nurie"},"content":{"rendered":"<p>  <img decoding=\"async\" class=\"r-img lazyloaded\" src=\"https:\/\/www.europesays.com\/be-fr\/wp-content\/uploads\/2026\/09\/1788462916_49_vdd.jpg\" alt=\"Louis Vandendriessche\"\/><\/p>\n<p>Par <a href=\"https:\/\/www.rtl.be\/338762\/dpi-authors\/louis-vandendriessche\" rel=\"nofollow noopener\" target=\"_blank\">Louis Vandendriessche<\/a><\/p>\n<p>\tPubli\u00e9 le 03 septembre \u00e0 14h51\n<\/p>\n<p>  <a href=\"https:\/\/www.google.com\/preferences\/source?q=rtl%20info\" class=\"r-link--google-favorites\" role=\"button\">Ajoutez-nous \u00e0 vos favoris Google<\/a><br \/>\n\tLe conflit au Moyen-Orient fait grimper les prix du gaz \u00e0 l\u2019approche de l\u2019hiver. Faut-il craindre une crise en Europe\u00a0? Les experts \u00e9cartent le risque de p\u00e9nurie, mais alertent sur la facture des consommateurs.<\/p>\n<p>&#13;<br \/>\n&#13;<\/p>\n<p>Le conflit au Moyen-Orient dure, s\u2019enlise, et avec lui, les prix du gaz et du carburant augmentent toujours plus. De quoi se poser une question \u00e0 quelques mois de l\u2019hiver\u00a0: se dirige-t-on vers une crise du gaz\u00a0?<\/p>\n<p>Sur le plateau de \u00ab\u00a015 minutes pour comprendre\u00a0\u00bb, Julie Fr\u00e8re, porte-parole de Testachats et Laury Haytayan, sp\u00e9cialiste des questions \u00e9nerg\u00e9tiques et g\u00e9opolitiques au Moyen-Orient, \u00e9taient les invit\u00e9es de Jim Nejman afin de tenter de faire toute la lumi\u00e8re sur cette menace.<\/p>\n<p>&#13;<br \/>\n&#13;<\/p>\n<p>&#13;<br \/>\n&#13;<\/p>\n<p>Cette derni\u00e8re s\u2019est d\u2019abord montr\u00e9e rassurante\u00a0: si on peut craindre une crise, il ne s\u2019agira pas d\u2019une p\u00e9nurie de gaz, mais d\u2019une hausse des prix de celui-ci. \u00ab\u00a0Une p\u00e9nurie en Europe\u00a0? Non. Doit-on sonner l\u2019alarme\u00a0? Non. Doit-on s\u2019inqui\u00e9ter\u00a0? Oui. On doit s\u2019inqui\u00e9ter parce que la situation au Moyen-Orient, \u00e7a continue \u00e0 s\u2019aggraver. On ne s\u2019attendait pas vraiment \u00e0 ce que recommence la guerre, on s\u2019attendait \u00e0 une issue diplomatique, mais on ne l\u2019a pas. Cela veut dire qu\u2019il va y avoir plus de probl\u00e8mes pour le gaz mondial et on va avoir plus de hausses. Cela va cr\u00e9er une crise de prix, mais pas de p\u00e9nurie\u00a0\u00bb, explique Laury Haytayan.<\/p>\n<p>\n  &#13;<br \/>\n  \u00c0 lire aussi&#13;<br \/>\n  &#13;<\/p>\n<p>  <img decoding=\"async\" data-copyright=\"Asaad NIAZI \/ AFP\" class=\"r-img\"  typeof=\"foaf:Image\" src=\"https:\/\/www.europesays.com\/be-fr\/wp-content\/uploads\/2026\/09\/1788462917_975_99859145.jpeg\" alt=\"Belgaimage-99381644.jpg\"\/><br \/>\n        <a class=\"r-stories--link\" href=\"https:\/\/www.rtl.be\/actu\/belgique\/economie\/hausse-continue-du-prix-du-gaz-comment-expliquer-une-telle-flambee-et-quel-est\/2026-09-02\/article\/799089\" rel=\"nofollow noopener\" target=\"_blank\">Hausse continue du prix du gaz\u00a0: comment expliquer une telle flamb\u00e9e et quel est l\u2019impact sur votre facture\u00a0?<\/a>&#13;<br \/>\n  &#13;<br \/>\n&#13;\n<\/p>\n<p>Pour Testachats, qui s\u2019occupe de la protection des consommateurs, la question est d\u2019autant plus importante. \u00ab\u00a0Le risque est vraiment une hausse des prix importante avec toute une s\u00e9rie de facteurs qui vont jouer\u00a0: les r\u00e9serves de gaz qui doivent \u00eatre remplies, la m\u00e9t\u00e9o \u00e0 venir pour l\u2019hiver, une issue diplomatique ou non au conflit\u2026 Tout \u00e7a va avoir un impact tr\u00e8s concret sur les prix qui vont \u00eatre factur\u00e9s aux consommateurs. D\u2019ailleurs, on le ressent d\u00e9j\u00e0 aujourd\u2019hui, en tout cas, en fonction du type de contrat dont on dispose\u00a0\u00bb, pr\u00e9cise la porte-parole Julie Fr\u00e8re.<\/p>\n<p>En 2022, \u00e0 la suite de l\u2019envahissement de l\u2019Ukraine par la Russie et de toutes les sanctions qui ont suivi, une situation similaire avait vu le jour. Cependant, pour Laury Haytayan, ce n\u2019est pas encore aussi grave. \u00ab\u00a0En 2022, c\u2019\u00e9tait vraiment grave parce que plus de 50\u00a0% du gaz venait de la Russie et on devait donc remplacer ce gaz. Aujourd\u2019hui, on ne part pas de \u00e7a, on ne part que de 4\u00a0% de la consommation\u00a0\u00bb.<\/p>\n<p>&#13;<br \/>\n&#13;<\/p>\n<p>&#13;<br \/>\n&#13;<\/p>\n<p><a class=\"r-btn r-btn--tag\" href=\"https:\/\/www.rtl.be\/1064\/free-tags\/consommation\" title=\"consommation\" rel=\"nofollow noopener\" target=\"_blank\">consommation<\/a><br \/>\n<a class=\"r-btn r-btn--tag\" href=\"https:\/\/www.rtl.be\/832\/free-tags\/energie\" title=\"\u00e9nergie\" rel=\"nofollow noopener\" target=\"_blank\">\u00e9nergie<\/a><\/p>\n","protected":false},"excerpt":{"rendered":"Par Louis Vandendriessche Publi\u00e9 le 03 septembre \u00e0 14h51 Ajoutez-nous \u00e0 vos favoris Google Le conflit au Moyen-Orient&hellip;\n","protected":false},"author":2,"featured_media":238069,"comment_status":"","ping_status":"","sticky":false,"template":"","format":"standard","meta":{"footnotes":"","_share_on_mastodon":"0"},"categories":[8],"tags":[10,12,13,18,17,1276,8333,72889,73896,73898,73897,14522,11,73895,72890,44264],"class_list":["post-238068","post","type-post","status-publish","format-standard","has-post-thumbnail","category-actualites","tag-actualites","tag-be","tag-be-fr","tag-belgique","tag-belgium","tag-conflit-russie-ukraine","tag-consommateurs","tag-crise-du-gaz","tag-hausse-des-prix-gaz","tag-hiver-2024","tag-laury-haytayan","tag-moyen-orient","tag-news","tag-penurie-de-gaz","tag-reserves-de-gaz","tag-testachats"],"share_on_mastodon":{"url":"https:\/\/pubeurope.com\/@be_fr\/117208713193735709","error":""},"_links":{"self":[{"href":"https:\/\/www.europesays.com\/be-fr\/wp-json\/wp\/v2\/posts\/238068","targetHints":{"allow":["GET"]}}],"collection":[{"href":"https:\/\/www.europesays.com\/be-fr\/wp-json\/wp\/v2\/posts"}],"about":[{"href":"https:\/\/www.europesays.com\/be-fr\/wp-json\/wp\/v2\/types\/post"}],"author":[{"embeddable":true,"href":"https:\/\/www.europesays.com\/be-fr\/wp-json\/wp\/v2\/users\/2"}],"replies":[{"embeddable":true,"href":"https:\/\/www.europesays.com\/be-fr\/wp-json\/wp\/v2\/comments?post=238068"}],"version-history":[{"count":0,"href":"https:\/\/www.europesays.com\/be-fr\/wp-json\/wp\/v2\/posts\/238068\/revisions"}],"wp:featuredmedia":[{"embeddable":true,"href":"https:\/\/www.europesays.com\/be-fr\/wp-json\/wp\/v2\/media\/238069"}],"wp:attachment":[{"href":"https:\/\/www.europesays.com\/be-fr\/wp-json\/wp\/v2\/media?parent=238068"}],"wp:term":[{"taxonomy":"category","embeddable":true,"href":"https:\/\/www.europesays.com\/be-fr\/wp-json\/wp\/v2\/categories?post=238068"},{"taxonomy":"post_tag","embeddable":true,"href":"https:\/\/www.europesays.com\/be-fr\/wp-json\/wp\/v2\/tags?post=238068"}],"curies":[{"name":"wp","href":"https:\/\/api.w.org\/{rel}","templated":true}]}}