{"id":238088,"date":"2026-09-03T19:27:14","date_gmt":"2026-09-03T19:27:14","guid":{"rendered":"https:\/\/www.europesays.com\/be-fr\/238088\/"},"modified":"2026-09-03T19:27:14","modified_gmt":"2026-09-03T19:27:14","slug":"lancien-president-du-cpas-danderlecht-assigne-vincent-van-quickenborne-en-justice","status":"publish","type":"post","link":"https:\/\/www.europesays.com\/be-fr\/238088\/","title":{"rendered":"L&rsquo;ancien pr\u00e9sident du CPAS d&rsquo;Anderlecht assigne Vincent Van Quickenborne en justice"},"content":{"rendered":"<p class=\"ap-StoryElement ap-StoryElement--mb ap-StoryText\">Il exige des excuses publiques et des dommages et int\u00e9r\u00eats pour atteinte \u00e0 sa r\u00e9putation.<\/p>\n<p class=\"ap-StoryElement ap-StoryElement--mb ap-StoryText\">M. Van Quickenborne est accus\u00e9 d&rsquo;avoir port\u00e9 atteinte \u00e0 la r\u00e9putation de M. Akouz en 2024 lors d&rsquo;une s\u00e9rie d&rsquo;auditions \u00e0 la Chambre concernant <a href=\"https:\/\/www.lalibre.be\/belgique\/2026\/05\/28\/fraudes-presumees-au-cpas-danderlecht-lauditorat-du-travail-dement-avoir-classe-le-dossier-sans-suite-2LAGJKDJEVEDPBL424MOXIAGBU\/\" target=\"_self\" rel=\"nofollow noopener\">des all\u00e9gations de fraude au CPAS d&rsquo;Anderlecht<\/a>. Dans la citation \u00e0 compara\u00eetre, dat\u00e9e de fin juillet et que Belga a pu consulter, les avocats de M. Akouz affirment notamment que le lib\u00e9ral flamand a accus\u00e9 \u00e0 tort le socialiste de fraude et de client\u00e9lisme. De plus, les interventions au Parlement \u00e9taient \u00ab\u00a0d&rsquo;un caract\u00e8re particuli\u00e8rement d\u00e9nigrant et insultant\u00a0\u00bb, soutiennent-ils, notamment parce que M. Van Quickenborne s&rsquo;adressait syst\u00e9matiquement \u00e0 M. Akouz en utilisant le surnom de \u00ab\u00a0Musti\u00a0\u00bb.<\/p>\n<p><a href=\"https:\/\/www.lalibre.be\/belgique\/2026\/03\/25\/grosse-pression-au-cpas-suite-a-la-reforme-du-chomage-les-assistantes-sociales-ont-lhabitude-de-sadapter-mais-la-cest-quand-meme-plus-aigu-4WVCMKBGS5FY5GTRKZP6XVV7SA\/\" target=\"_self\" class=\"ap-StoryInterstitialLink ap-StoryElement ap-StoryElement--mb\" rel=\"nofollow noopener\">Grosse pression au CPAS suite \u00e0 la r\u00e9forme du ch\u00f4mage : \u00ab\u00a0Les assistantes sociales ont l&rsquo;habitude de s&rsquo;adapter mais l\u00e0, c&rsquo;est quand m\u00eame plus aigu\u00a0\u00bb<\/a><\/p>\n<p class=\"ap-StoryElement ap-StoryElement--mb ap-StoryText\">Au printemps dernier, Mustapha Akouz avait d\u00e9j\u00e0 adress\u00e9 une mise en demeure au d\u00e9put\u00e9, lui r\u00e9clamant 5.000 euros de dommages et int\u00e9r\u00eats et lui demandant des excuses publiques.<\/p>\n<p class=\"ap-StoryElement ap-StoryElement--mb ap-StoryText\">L&rsquo;ancien pr\u00e9sident du CPAS exige \u00e0 nouveau des excuses publiques de l&rsquo;ancien vice-Premier ministre, tant sur ses r\u00e9seaux sociaux que sur la cha\u00eene bruxelloise BX1, o\u00f9 il avait r\u00e9p\u00e9t\u00e9 ses accusations de client\u00e9lisme. M. Akouz estime que le d\u00e9put\u00e9 f\u00e9d\u00e9ral ne peut invoquer l&rsquo;immunit\u00e9 parlementaire. L&rsquo;affaire ne devrait \u00eatre examin\u00e9e qu&rsquo;en novembre de l&rsquo;ann\u00e9e prochaine.<\/p>\n<p class=\"ap-StoryElement ap-StoryElement--mb ap-StoryText\">En novembre 2024, un reportage <a href=\"https:\/\/www.lalibre.be\/belgique\/judiciaire\/2026\/05\/22\/cpas-danderlecht-le-parquet-demande-le-classement-sans-suite-de-laffaire-revelee-par-pano-MWV2GMSCHVCY7A4V7IBMUPXOAY\/\" target=\"_self\" rel=\"nofollow noopener\">du magazine Pano<\/a>, sur la VRT, mettait en lumi\u00e8re des dysfonctionnements majeurs au sein du CPAS d&rsquo;Anderlecht, accus\u00e9 notamment d&rsquo;accorder des allocations sans v\u00e9rification sur le terrain. Dix-huit mois, des auditions parlementaires et une enqu\u00eate judiciaire plus tard, l&rsquo;auditorat du travail a requis en mai dernier un non-lieu dans cette affaire, faute de preuves suffisantes.<\/p>\n<p><a href=\"https:\/\/www.lalibre.be\/culture\/2026\/05\/22\/cpas-danderlecht-anneleen-van-bossuyt-consternee-par-lannonce-du-parquet-se-constitue-formellement-partie-civile-PXMQCT4E2RAGTJPVXC5NUU3QTA\/\" target=\"_self\" class=\"ap-StoryInterstitialLink ap-StoryElement ap-StoryElement--mb\" rel=\"nofollow noopener\">\u00ab\u00a0Constern\u00e9e\u00a0\u00bb par l&rsquo;annonce relative au CPAS d&rsquo;Anderlecht, Anneleen Van Bossuyt se constitue formellement partie civile<\/a><\/p>\n","protected":false},"excerpt":{"rendered":"Il exige des excuses publiques et des dommages et int\u00e9r\u00eats pour atteinte \u00e0 sa r\u00e9putation. M. Van Quickenborne&hellip;\n","protected":false},"author":2,"featured_media":238089,"comment_status":"","ping_status":"","sticky":false,"template":"","format":"standard","meta":{"footnotes":"","_share_on_mastodon":"0"},"categories":[2],"tags":[12,13,18,17,1421,23,2384],"class_list":["post-238088","post","type-post","status-publish","format-standard","has-post-thumbnail","category-belgique","tag-be","tag-be-fr","tag-belgique","tag-belgium","tag-chambre","tag-judiciaire","tag-partis"],"share_on_mastodon":{"url":"https:\/\/pubeurope.com\/@be_fr\/117208760199631057","error":""},"_links":{"self":[{"href":"https:\/\/www.europesays.com\/be-fr\/wp-json\/wp\/v2\/posts\/238088","targetHints":{"allow":["GET"]}}],"collection":[{"href":"https:\/\/www.europesays.com\/be-fr\/wp-json\/wp\/v2\/posts"}],"about":[{"href":"https:\/\/www.europesays.com\/be-fr\/wp-json\/wp\/v2\/types\/post"}],"author":[{"embeddable":true,"href":"https:\/\/www.europesays.com\/be-fr\/wp-json\/wp\/v2\/users\/2"}],"replies":[{"embeddable":true,"href":"https:\/\/www.europesays.com\/be-fr\/wp-json\/wp\/v2\/comments?post=238088"}],"version-history":[{"count":0,"href":"https:\/\/www.europesays.com\/be-fr\/wp-json\/wp\/v2\/posts\/238088\/revisions"}],"wp:featuredmedia":[{"embeddable":true,"href":"https:\/\/www.europesays.com\/be-fr\/wp-json\/wp\/v2\/media\/238089"}],"wp:attachment":[{"href":"https:\/\/www.europesays.com\/be-fr\/wp-json\/wp\/v2\/media?parent=238088"}],"wp:term":[{"taxonomy":"category","embeddable":true,"href":"https:\/\/www.europesays.com\/be-fr\/wp-json\/wp\/v2\/categories?post=238088"},{"taxonomy":"post_tag","embeddable":true,"href":"https:\/\/www.europesays.com\/be-fr\/wp-json\/wp\/v2\/tags?post=238088"}],"curies":[{"name":"wp","href":"https:\/\/api.w.org\/{rel}","templated":true}]}}