{"id":238090,"date":"2026-09-03T19:28:10","date_gmt":"2026-09-03T19:28:10","guid":{"rendered":"https:\/\/www.europesays.com\/be-fr\/238090\/"},"modified":"2026-09-03T19:28:10","modified_gmt":"2026-09-03T19:28:10","slug":"marche-blanche-a-dinant-en-hommage-a-tymeo-et-bryan-brigou","status":"publish","type":"post","link":"https:\/\/www.europesays.com\/be-fr\/238090\/","title":{"rendered":"Marche blanche \u00e0 Dinant en hommage \u00e0 Tym\u00e9o et Bryan Brigou"},"content":{"rendered":"<p>  <img decoding=\"async\" class=\"r-img lazyloaded\" src=\"https:\/\/www.europesays.com\/be-fr\/wp-content\/uploads\/2026\/09\/1788463690_781_duynstee.jpg\" alt=\"Julie Duynstee\"\/><\/p>\n<p>Par <a href=\"https:\/\/www.rtl.be\/345311\/dpi-authors\/julie-duynstee\" rel=\"nofollow noopener\" target=\"_blank\">Julie Duynstee<\/a><\/p>\n<p>\tPubli\u00e9 le 03 septembre \u00e0 17h53\n<\/p>\n<p>  <a href=\"https:\/\/www.google.com\/preferences\/source?q=rtl%20info\" class=\"r-link--google-favorites\" role=\"button\">Ajoutez-nous \u00e0 vos favoris Google<\/a><br \/>\n\tCe jeudi, une marche blanche en hommage au petit Tym\u00e9o et \u00e0 son papa, Bryan Brigou, a rassembl\u00e9 pr\u00e8s de 200 personnes \u00e0 Dinant.<\/p>\n<p>&#13;<br \/>\n&#13;<\/p>\n<p>Ce jeudi en fin d\u2019apr\u00e8s-midi, pr\u00e8s de 200 personnes ont d\u00e9fil\u00e9 dans les rues de Dinant pour rendre hommage \u00e0 Tym\u00e9o et \u00e0 son papa, Bryan Brigou.<\/p>\n<p>La marche blanche s\u2019est \u00e9lanc\u00e9e depuis le centre culturel de Dinant avant de traverser les principales rues du centre-ville. Le cort\u00e8ge s\u2019est ensuite dirig\u00e9 vers la place Patenier, o\u00f9 plusieurs proches et amis ont pris la parole.<\/p>\n<p>&#13;<br \/>\n&#13;<\/p>\n<p>&#13;<br \/>\n&#13;<\/p>\n<p>Tina, la maman de Tym\u00e9o et la compagne de Bryan Brigou, a \u00e9galement remerci\u00e9 toutes les personnes ayant apport\u00e9 un soutien \u00e0 la famille dans ce moment difficile qu\u2019elle traverse. La c\u00e9r\u00e9monie s\u2019est achev\u00e9e par un l\u00e2cher de ballons en leur m\u00e9moire.<\/p>\n<p>\n  <img decoding=\"async\" data-copyright=\"RTL info\" class=\"r-img lazy\" data-  src=\"https:\/\/www.europesays.com\/be-fr\/wp-content\/uploads\/2026\/09\/100020873.jpeg\" typeof=\"foaf:Image\" alt=\"WhatsApp Image 2026-09-03 at 17.36.23.jpeg\"\/><img decoding=\"async\" class=\"r-img\" src=\"https:\/\/www.europesays.com\/be-fr\/wp-content\/uploads\/2026\/09\/100020873.jpeg\" alt=\"WhatsApp Image 2026-09-03 at 17.36.23.jpeg\"\/>RTL info\n<\/p>\n<p>Les circonstances entourant la mort du jeune gar\u00e7on et de son p\u00e8re, dont les corps sans vie ont \u00e9t\u00e9 d\u00e9couverts \u00e0 Onhaye la semaine derni\u00e8re, restent \u00e0 ce stade inconnues. Des enqu\u00eates sont toujours en cours afin de d\u00e9terminer les circonstances pr\u00e9cises de leur d\u00e9c\u00e8s.<\/p>\n<p>&#13;<br \/>\n&#13;<\/p>\n<p>&#13;<br \/>\n&#13;<\/p>\n<p><a class=\"r-btn r-btn--tag\" href=\"https:\/\/www.rtl.be\/1461\/free-tags\/police\" title=\"police\" rel=\"nofollow noopener\" target=\"_blank\">police<\/a><br \/>\n<a class=\"r-btn r-btn--tag\" href=\"https:\/\/www.rtl.be\/2303\/free-tags\/justice\" title=\"justice\" rel=\"nofollow noopener\" target=\"_blank\">justice<\/a><br \/>\n<a class=\"r-btn r-btn--tag\" href=\"https:\/\/www.rtl.be\/341249\/locations\/onhaye-prov-de-namur\" title=\"Onhaye (prov. de Namur)\" rel=\"nofollow noopener\" target=\"_blank\">Onhaye (prov. de Namur)<\/a><\/p>\n","protected":false},"excerpt":{"rendered":"Par Julie Duynstee Publi\u00e9 le 03 septembre \u00e0 17h53 Ajoutez-nous \u00e0 vos favoris Google Ce jeudi, une marche&hellip;\n","protected":false},"author":2,"featured_media":238091,"comment_status":"","ping_status":"","sticky":false,"template":"","format":"standard","meta":{"footnotes":"","_share_on_mastodon":"0"},"categories":[8],"tags":[10,12,13,18,17,70186,71683,16423,1119,73906,11,22036,36331,73907,64871,12243],"class_list":["post-238090","post","type-post","status-publish","format-standard","has-post-thumbnail","category-actualites","tag-actualites","tag-be","tag-be-fr","tag-belgique","tag-belgium","tag-bryan-brigou","tag-deces-enfant","tag-funerailles","tag-hommage","tag-marche-blanche-dinant","tag-news","tag-onhaye","tag-rassemblement","tag-tina","tag-tymeo","tag-yvoir"],"share_on_mastodon":{"url":"https:\/\/pubeurope.com\/@be_fr\/117208764087902274","error":""},"_links":{"self":[{"href":"https:\/\/www.europesays.com\/be-fr\/wp-json\/wp\/v2\/posts\/238090","targetHints":{"allow":["GET"]}}],"collection":[{"href":"https:\/\/www.europesays.com\/be-fr\/wp-json\/wp\/v2\/posts"}],"about":[{"href":"https:\/\/www.europesays.com\/be-fr\/wp-json\/wp\/v2\/types\/post"}],"author":[{"embeddable":true,"href":"https:\/\/www.europesays.com\/be-fr\/wp-json\/wp\/v2\/users\/2"}],"replies":[{"embeddable":true,"href":"https:\/\/www.europesays.com\/be-fr\/wp-json\/wp\/v2\/comments?post=238090"}],"version-history":[{"count":0,"href":"https:\/\/www.europesays.com\/be-fr\/wp-json\/wp\/v2\/posts\/238090\/revisions"}],"wp:featuredmedia":[{"embeddable":true,"href":"https:\/\/www.europesays.com\/be-fr\/wp-json\/wp\/v2\/media\/238091"}],"wp:attachment":[{"href":"https:\/\/www.europesays.com\/be-fr\/wp-json\/wp\/v2\/media?parent=238090"}],"wp:term":[{"taxonomy":"category","embeddable":true,"href":"https:\/\/www.europesays.com\/be-fr\/wp-json\/wp\/v2\/categories?post=238090"},{"taxonomy":"post_tag","embeddable":true,"href":"https:\/\/www.europesays.com\/be-fr\/wp-json\/wp\/v2\/tags?post=238090"}],"curies":[{"name":"wp","href":"https:\/\/api.w.org\/{rel}","templated":true}]}}