{"id":238102,"date":"2026-09-03T19:34:16","date_gmt":"2026-09-03T19:34:16","guid":{"rendered":"https:\/\/www.europesays.com\/be-fr\/238102\/"},"modified":"2026-09-03T19:34:16","modified_gmt":"2026-09-03T19:34:16","slug":"la-quotidienne-cest-comme-le-velo-finalement-aurelie-vaneck-ici-tout-commence-celebre-sa-premiere-annee-dans-la-peau-de-jeanne","status":"publish","type":"post","link":"https:\/\/www.europesays.com\/be-fr\/238102\/","title":{"rendered":"\u00ab\u00a0La quotidienne, c&rsquo;est comme le v\u00e9lo finalement\u2026\u00a0\u00bb : Aur\u00e9lie Vaneck (Ici tout commence) c\u00e9l\u00e8bre sa premi\u00e8re ann\u00e9e dans la peau de Jeanne"},"content":{"rendered":"<p><a href=\"https:\/\/www.programme-tv.net\/news\/series-tv\/386978-onze-ans-apres-son-depart-de-plus-belle-la-vie-aurelie-vaneck-rejoint-ici-tout-commence-et-ce-n-est-pas-la-seule-bonne-nouvelle\/\" data-api-deeplink=\"teleloisirs:\/\/news\/386978\" rel=\"nofollow noopener\" target=\"_blank\">Aur\u00e9lie Vaneck a d\u00e9sormais trouv\u00e9 sa place au sein de la grande famille d\u2019Ici tout commence<\/a>. Depuis un an, la com\u00e9dienne interpr\u00e8te <a href=\"https:\/\/www.programme-tv.net\/news\/series-tv\/391187-ici-tout-commence-ce-personnage-est-un-cadeau-aurelie-vaneck-et-marie-christine-adam-presentent-la-famille-jourdain-arrivee-dans-l-episode-diffuse-ce-lundi-3-novembre-2025\/\" data-api-deeplink=\"teleloisirs:\/\/news\/391187\" rel=\"nofollow noopener\" target=\"_blank\">Jeanne Sanko-Jourdain, la fille d\u2019Andr\u00e9a<\/a>, la gestionnaire administrative de l\u2019h\u00f4tel familial et directrice-adjointe de l\u2019Institut Auguste Armand. Un personnage de caract\u00e8re qui lui a permis de se lancer dans une nouvelle aventure<a href=\"https:\/\/www.programme-tv.net\/news\/series-tv\/391750-ici-tout-commence-limage-de-ninon-chaumette-ma-longtemps-colle-a-la-peau-aurelie-vaneck-explique-pourquoi-elle-na-pas-rejoint-plus-belle-la-vie-encore-plus-belle\/\" data-api-deeplink=\"teleloisirs:\/\/news\/391750\" rel=\"nofollow noopener\" target=\"_blank\"> au rythme soutenu d\u2019une quotidienne<\/a>.<\/p>\n<p>Un an apr\u00e8s ses premiers pas dans la peau de Jeanne, Aur\u00e9lie Vaneck a tenu \u00e0 marquer le coup sur Instagram. La com\u00e9dienne a dress\u00e9 le bilan de ces douze mois pass\u00e9s sur les plateaux de la s\u00e9rie de TF1. \u00ab\u00a01 an ! De textes, de joies, d&rsquo;intrigues, de rencontres, de le\u00e7ons de vie, de jeu\u00a0\u00bb, a-t-elle \u00e9crit pour commencer son message.<\/p>\n<p>Ici tout commence : Aur\u00e9lie Vaneck f\u00eate les un an de Jeanne Sanko-Jourdain<\/p>\n<p>Une ann\u00e9e faite \u00e9galement \u00ab\u00a0de f\u00eates, de travail, d&rsquo;essayages, de maquillages et de coiffures\u00a0\u00bb, mais aussi de nombreux d\u00e9placements. Aur\u00e9lie Vaneck \u00e9voque ainsi les Jourdain, le ch\u00e2teau, la Camargue et les allers-retours qui rythment d\u00e9sormais son quotidien. \u00ab\u00a01 an de JEANNE dans ma vie !\u00a0\u00bb, s&rsquo;est-elle r\u00e9jouie au moment de c\u00e9l\u00e9brer cet anniversaire.<\/p>\n<p>La com\u00e9dienne a ensuite tenu \u00e0 remercier toutes les personnes qui ont contribu\u00e9 \u00e0 cette aventure, de celles qui ont imagin\u00e9 son personnage aux \u00e9quipes qui travaillent quotidiennement sur la s\u00e9rie. Aur\u00e9lie Vaneck adresse notamment quelques mots \u00e0 l\u2019\u00e9quipe d\u2019\u00e9criture qui \u00ab\u00a0invente nos destins chaque jour\u00a0\u00bb, ainsi qu\u2019\u00e0 sa \u00ab\u00a0merveilleuse team Jourdain\u00a0\u00bb.<\/p>\n<p>Ici tout commence : Aur\u00e9lie Vaneck remercie les t\u00e9l\u00e9spectateurs<\/p>\n<p>Aur\u00e9lie Vaneck n\u2019oublie pas non plus ses partenaires de jeu. Elle remercie les anciens de l\u2019avoir accueillie et les nouveaux de \u00ab\u00a0relever le d\u00e9fi\u00a0\u00bb, mais \u00e9galement tous ses camarades crois\u00e9s depuis son arriv\u00e9e. \u00ab\u00a0Merci pour les c\u00e2lins, les sourires, les confidences, la confiance, merci pour la JOIE, encore et encore !\u00a0\u00bb, a poursuivi la com\u00e9dienne.<\/p>\n<p>Cette premi\u00e8re ann\u00e9e dans Ici tout commence a \u00e9galement eu des cons\u00e9quences sur sa vie personnelle. Dans son message, Aur\u00e9lie Vaneck remercie ainsi <a href=\"https:\/\/www.programme-tv.net\/news\/series-tv\/392048-on-a-adopte-chacun-la-fille-de-lautre-aurelie-vaneck-ici-tout-commence-se-confie-sur-sa-famille-recomposee-avec-son-compagnon\/\" data-api-deeplink=\"teleloisirs:\/\/news\/392048\" rel=\"nofollow noopener\" target=\"_blank\">son compagnon <\/a>\u00ab\u00a0d\u2019assurer seul le quotidien\u00a0\u00bb lorsqu\u2019elle est loin, mais aussi ses filles \u00ab\u00a0d\u2019accepter cette vie un peu folle\u00a0\u00bb. Un rythme particulier impos\u00e9 par les nombreux tournages et d\u00e9placements li\u00e9s \u00e0 la quotidienne.<\/p>\n<p>Enfin, l\u2019interpr\u00e8te de Jeanne a une pens\u00e9e pour les fid\u00e8les d\u2019Ici tout commence. \u00ab\u00a0Merci \u00e0 vous chers t\u00e9l\u00e9spectateurs qui faites vivre cette s\u00e9rie !\u00a0\u00bb, a-t-elle \u00e9crit avant de remercier une derni\u00e8re fois les \u00e9quipes du feuilleton pour cette \u00ab\u00a0ann\u00e9e intense\u00a0\u00bb. Apr\u00e8s douze mois \u00e0 incarner Jeanne, Aur\u00e9lie Vaneck semble en tout cas avoir parfaitement adopt\u00e9 le rythme : \u00ab\u00a0La quotidienne, c&rsquo;est comme le v\u00e9lo finalement\u2026\u00a0\u00bb.<\/p>\n","protected":false},"excerpt":{"rendered":"Aur\u00e9lie Vaneck a d\u00e9sormais trouv\u00e9 sa place au sein de la grande famille d\u2019Ici tout commence. Depuis un&hellip;\n","protected":false},"author":2,"featured_media":238103,"comment_status":"","ping_status":"","sticky":false,"template":"","format":"standard","meta":{"footnotes":"","_share_on_mastodon":"0"},"categories":[83],"tags":[73908,12,13,18,17,118,96,95,8185,773,1447,380],"class_list":["post-238102","post","type-post","status-publish","format-standard","has-post-thumbnail","category-divertissement","tag-auru00e9lie-vaneck","tag-be","tag-be-fr","tag-belgique","tag-belgium","tag-commentaire","tag-divertissement","tag-entertainment","tag-ici-tout-commence","tag-instagram","tag-plus-belle-la-vie","tag-tf1"],"share_on_mastodon":{"url":"https:\/\/pubeurope.com\/@be_fr\/117208787507328452","error":""},"_links":{"self":[{"href":"https:\/\/www.europesays.com\/be-fr\/wp-json\/wp\/v2\/posts\/238102","targetHints":{"allow":["GET"]}}],"collection":[{"href":"https:\/\/www.europesays.com\/be-fr\/wp-json\/wp\/v2\/posts"}],"about":[{"href":"https:\/\/www.europesays.com\/be-fr\/wp-json\/wp\/v2\/types\/post"}],"author":[{"embeddable":true,"href":"https:\/\/www.europesays.com\/be-fr\/wp-json\/wp\/v2\/users\/2"}],"replies":[{"embeddable":true,"href":"https:\/\/www.europesays.com\/be-fr\/wp-json\/wp\/v2\/comments?post=238102"}],"version-history":[{"count":0,"href":"https:\/\/www.europesays.com\/be-fr\/wp-json\/wp\/v2\/posts\/238102\/revisions"}],"wp:featuredmedia":[{"embeddable":true,"href":"https:\/\/www.europesays.com\/be-fr\/wp-json\/wp\/v2\/media\/238103"}],"wp:attachment":[{"href":"https:\/\/www.europesays.com\/be-fr\/wp-json\/wp\/v2\/media?parent=238102"}],"wp:term":[{"taxonomy":"category","embeddable":true,"href":"https:\/\/www.europesays.com\/be-fr\/wp-json\/wp\/v2\/categories?post=238102"},{"taxonomy":"post_tag","embeddable":true,"href":"https:\/\/www.europesays.com\/be-fr\/wp-json\/wp\/v2\/tags?post=238102"}],"curies":[{"name":"wp","href":"https:\/\/api.w.org\/{rel}","templated":true}]}}