{"id":238106,"date":"2026-09-03T19:37:07","date_gmt":"2026-09-03T19:37:07","guid":{"rendered":"https:\/\/www.europesays.com\/be-fr\/238106\/"},"modified":"2026-09-03T19:37:07","modified_gmt":"2026-09-03T19:37:07","slug":"ce-fut-la-plus-grande-surprise-de-ma-vie-un-homme-fait-une-decouverte-etonnante-datant-de-lepoque-viking","status":"publish","type":"post","link":"https:\/\/www.europesays.com\/be-fr\/238106\/","title":{"rendered":"\u00ab\u00a0Ce fut la plus grande surprise de ma vie\u00a0\u00bb: un homme fait une d\u00e9couverte \u00e9tonnante datant de l&rsquo;\u00e9poque viking"},"content":{"rendered":"<p class=\"ap-StoryElement ap-StoryElement--mb ap-StoryText\">C&rsquo;est au c\u0153ur de la ville de Rebild au Danemark que cet homme voulant rester anonyme a fait une \u00e9tonnante d\u00e9couverte. Alors qu&rsquo;il \u00e9tait en train de d\u00e9gager des pierres et du gravier sur sa terrasse, il a senti des morceaux de m\u00e9tal. Il raconte : \u00ab\u00a0Apr\u00e8s une demi-heure de fouilles, je suis tomb\u00e9 sur quelque chose qui a fait un bruit \u00e9trange. Quand j&rsquo;ai creus\u00e9 un peu plus loin avec mes mains, j&rsquo;ai r\u00e9ussi \u00e0 sortir un objet m\u00e9tallique apr\u00e8s l&rsquo;autre du sol\u00a0\u00bb.<\/p>\n","protected":false},"excerpt":{"rendered":"C&rsquo;est au c\u0153ur de la ville de Rebild au Danemark que cet homme voulant rester anonyme a fait&hellip;\n","protected":false},"author":2,"featured_media":238107,"comment_status":"","ping_status":"","sticky":false,"template":"","format":"standard","meta":{"footnotes":"","_share_on_mastodon":"0"},"categories":[70],"tags":[961,20624,20625,20626,12,13,18,17,5366,3031,964,968,1429,1430,1072,73,71,75,72,4628,76,74,1439],"class_list":["post-238106","post","type-post","status-publish","format-standard","has-post-thumbnail","category-sciences-et-technologies","tag-adult","tag-assisen","tag-assises","tag-assizes","tag-be","tag-be-fr","tag-belgique","tag-belgium","tag-bergen","tag-group-of-people","tag-indoors","tag-men","tag-occupation","tag-person","tag-proces","tag-science","tag-science-and-technology","tag-sciences","tag-sciences-et-technologies","tag-standing","tag-technologies","tag-technology","tag-young-adult"],"share_on_mastodon":{"url":"https:\/\/pubeurope.com\/@be_fr\/117208800000769976","error":""},"_links":{"self":[{"href":"https:\/\/www.europesays.com\/be-fr\/wp-json\/wp\/v2\/posts\/238106","targetHints":{"allow":["GET"]}}],"collection":[{"href":"https:\/\/www.europesays.com\/be-fr\/wp-json\/wp\/v2\/posts"}],"about":[{"href":"https:\/\/www.europesays.com\/be-fr\/wp-json\/wp\/v2\/types\/post"}],"author":[{"embeddable":true,"href":"https:\/\/www.europesays.com\/be-fr\/wp-json\/wp\/v2\/users\/2"}],"replies":[{"embeddable":true,"href":"https:\/\/www.europesays.com\/be-fr\/wp-json\/wp\/v2\/comments?post=238106"}],"version-history":[{"count":0,"href":"https:\/\/www.europesays.com\/be-fr\/wp-json\/wp\/v2\/posts\/238106\/revisions"}],"wp:featuredmedia":[{"embeddable":true,"href":"https:\/\/www.europesays.com\/be-fr\/wp-json\/wp\/v2\/media\/238107"}],"wp:attachment":[{"href":"https:\/\/www.europesays.com\/be-fr\/wp-json\/wp\/v2\/media?parent=238106"}],"wp:term":[{"taxonomy":"category","embeddable":true,"href":"https:\/\/www.europesays.com\/be-fr\/wp-json\/wp\/v2\/categories?post=238106"},{"taxonomy":"post_tag","embeddable":true,"href":"https:\/\/www.europesays.com\/be-fr\/wp-json\/wp\/v2\/tags?post=238106"}],"curies":[{"name":"wp","href":"https:\/\/api.w.org\/{rel}","templated":true}]}}