{"id":238126,"date":"2026-09-03T19:49:08","date_gmt":"2026-09-03T19:49:08","guid":{"rendered":"https:\/\/www.europesays.com\/be-fr\/238126\/"},"modified":"2026-09-03T19:49:08","modified_gmt":"2026-09-03T19:49:08","slug":"van-aert-qui-avoue-un-nouvel-objectif-un-record-de-pogacar-qui-tombe-et-mas-qui-grappille-voici-ce-quil-faut-retenir-de-la-12e-etape-de-la-vuelta","status":"publish","type":"post","link":"https:\/\/www.europesays.com\/be-fr\/238126\/","title":{"rendered":"Van Aert qui avoue un nouvel objectif, un record de Pogacar qui tombe et Mas qui grappille\u00a0: voici ce qu&rsquo;il faut retenir de la 12e \u00e9tape de la Vuelta"},"content":{"rendered":"<p class=\"ap-StoryElement ap-StoryElement--mb ap-StoryText\">Membre du groupe d&rsquo;une trentaine d&rsquo;hommes qui s&rsquo;est d\u00e9gag\u00e9 \u00e0 un peu plus de 100 kilom\u00e8tres de l&rsquo;arriv\u00e9e, l&rsquo;Anversois a fait le plein de points pour un maillot vert (20 pts) plus que jamais solidement accroch\u00e9 sur ses \u00e9paules. Mais aussi pour un classement de la montagne (11 pts) dont WVA ne cache plus faire un objectif ! Deuxi\u00e8me d&rsquo;un ranking qu&#8217;emm\u00e8ne Buitrago pour 22 unit\u00e9s de mieux, le dernier vainqueur de Paris-Roubaix aimerait refaire le coup de 2024 lorsqu&rsquo;il occupait la t\u00eate de ces deux classements annexes\u2026 avant de devoir abandonner la Vuelta sur chute.<\/p>\n<p class=\"ap-StoryElement ap-StoryElement--mb ap-StoryText\">\u00ab\u00a0C&rsquo;est tr\u00e8s probablement la derni\u00e8re semaine qui sera d\u00e9cisive pour ce classement de meilleur grimpeur, mais oui j&rsquo;y pense, analysait van Aert. J&rsquo;ai d&rsquo;autres objectifs avant cela sur lesquels je me concentre d&rsquo;abord, mais je n&rsquo;avais pas envie de laisser filer des points gratuitement ce jeudi. On saura plus tard si cette ambition est r\u00e9aliste. J&rsquo;ai en tout cas envie de tenter le coup si c&rsquo;est jouable. Entre ces unit\u00e9s glan\u00e9es et la bonne op\u00e9ration pour le maillot vert, le bilan de ma journ\u00e9e est plut\u00f4t satisfaisant (sourire)\u2026\u00a0\u00bb<\/p>\n<p>Omrzel fait mieux que Pogacar<\/p>\n<p class=\"ap-StoryElement ap-StoryElement--mb ap-StoryText\">Si son nom n&rsquo;est pas encore familier aux oreilles du grand public, Jakob Omrzel n&rsquo;est pas un inconnu pour les suiveurs assidus. Plus jeune coureur de cette Vuelta (20 ans depuis mars), le coureur de chez Bahrain-Victorious a d\u00e9pos\u00e9 sa carte de visite en levant les bras jeudi en haut du sommet andalou. L&rsquo;ancien vainqueur du Giro Next Gen (2025) a, du m\u00eame coup, fait mieux que son compatriote Tadej Pogacar en 2019 puisqu&rsquo;il est devenu le 2e vainqueur d&rsquo;\u00e9tape le plus jeune de l&rsquo;histoire de la Vuelta.<\/p>\n<p class=\"ap-StoryElement ap-StoryElement--mb ap-StoryText\"><a href=\"https:\/\/www.dhnet.be\/sports\/cyclisme\/2025\/06\/24\/victime-dun-arret-cardiaque-en-2024-et-successeur-de-widar-qui-est-jakob-ormzel-le-vainqueur-du-giro-next-gen-je-ne-suis-pas-le-nouveau-pogacar-DHKFHOLEQVFYHAIB5CPOSS545M\/\" target=\"_self\" rel=\"nofollow noopener\">Un destin plein de promesses qui a failli basculer en septembre 2024.<\/a> Favori du Giro della Lunigiana, une course pour juniors r\u00e9put\u00e9e et remport\u00e9e cette ann\u00e9e-l\u00e0 par un certain Paul Seixas, le Slov\u00e8ne avait \u00e9t\u00e9 victime d&rsquo;une terrible chute apr\u00e8s avoir percut\u00e9 un signaleur. Un accident qui avait provoqu\u00e9 un arr\u00eat cardiaque. Si son pronostic vital avait \u00e9t\u00e9 un temps engag\u00e9, l&rsquo;intervention rapide des secours avait sauv\u00e9 un talent d\u00e9termin\u00e9 \u00e0 profiter de chaque instant.<\/p>\n<p class=\"ap-StoryElement ap-StoryElement--mb ap-StoryText\">\u00ab\u00a0Cette victoire d&rsquo;\u00e9tape sur mon premier grand tour ne me surprend pas v\u00e9ritablement, souriait jeudi Omrzel, d\u00e9sormais 6e du g\u00e9n\u00e9ral. Je sais \u00e0 quel point j&rsquo;ai travaill\u00e9 dur. La question \u00e9tait plut\u00f4t de savoir quand elle allait tomber.\u00a0\u00bb<\/p>\n<p>Mas grappille<\/p>\n<p class=\"ap-StoryElement ap-StoryElement--mb ap-StoryText\">\u00ab\u00a0Pour Enric, c&rsquo;est sans doute l&rsquo;ann\u00e9e ou jamais\u2026\u00a0\u00bb Directeur sportif du maillot rouge Mas, l&rsquo;ancien champion de Belgique Jurgen Roelandts a appr\u00e9ci\u00e9 le coup de force du leader de la Movistar sur les pentes de la mont\u00e9e finale.<\/p>\n<p class=\"ap-StoryElement ap-StoryElement--mb ap-StoryText\">En attaquant \u00e0 un peu plus de dix kilom\u00e8tres de l&rsquo;arriv\u00e9e, le Majorquin a pi\u00e9g\u00e9 ses rivaux Roglic ou Gall. \u00ab\u00a0Reprendre 27 nouvelles secondes \u00e0 mes plus proches poursuivants au classement g\u00e9n\u00e9ral, c&rsquo;est \u00e9videmment une super op\u00e9ration, souriait l&rsquo;Espagnol. J&rsquo;ai choisi de passer \u00e0 l&rsquo;offensive d&rsquo;assez loin et j&rsquo;avoue que les derniers kilom\u00e8tres m&rsquo;ont paru long (rires)\u2026 Je connaissais bien cette mont\u00e9e pour y \u00eatre venu en stage. On y avait beaucoup souffert. Cette fois, le lieu a une autre saveur.\u00a0\u00bb<\/p>\n<p><a href=\"https:\/\/www.dhnet.be\/sports\/cyclisme\/2026\/09\/03\/col-de-mortirolo-masque-de-beaute-sauna-hamburger-une-journee-de-preparation-avec-remco-evenepoel-photos-ZU23HUF5UVGIXEK6PXZZUYKUIU\/\" target=\"_self\" class=\"ap-StoryInterstitialLink ap-StoryElement ap-StoryElement--mb\" rel=\"nofollow noopener\">Col de Mortirolo, masque de beaut\u00e9, sauna, hamburger\u2026 : une journ\u00e9e de pr\u00e9paration avec Remco Evenepoel (PHOTOS)<\/a><\/p>\n","protected":false},"excerpt":{"rendered":"Membre du groupe d&rsquo;une trentaine d&rsquo;hommes qui s&rsquo;est d\u00e9gag\u00e9 \u00e0 un peu plus de 100 kilom\u00e8tres de l&rsquo;arriv\u00e9e,&hellip;\n","protected":false},"author":2,"featured_media":238127,"comment_status":"","ping_status":"","sticky":false,"template":"","format":"standard","meta":{"footnotes":"","_share_on_mastodon":"0"},"categories":[81],"tags":[12,13,18,17,10216,11755,84,7717,7289],"class_list":["post-238126","post","type-post","status-publish","format-standard","has-post-thumbnail","category-sports","tag-be","tag-be-fr","tag-belgique","tag-belgium","tag-classiques-flandriennes","tag-paris-roubaix","tag-sports","tag-tadej-pogacar","tag-wout-van-aert"],"share_on_mastodon":{"url":"https:\/\/pubeurope.com\/@be_fr\/117208846452487626","error":""},"_links":{"self":[{"href":"https:\/\/www.europesays.com\/be-fr\/wp-json\/wp\/v2\/posts\/238126","targetHints":{"allow":["GET"]}}],"collection":[{"href":"https:\/\/www.europesays.com\/be-fr\/wp-json\/wp\/v2\/posts"}],"about":[{"href":"https:\/\/www.europesays.com\/be-fr\/wp-json\/wp\/v2\/types\/post"}],"author":[{"embeddable":true,"href":"https:\/\/www.europesays.com\/be-fr\/wp-json\/wp\/v2\/users\/2"}],"replies":[{"embeddable":true,"href":"https:\/\/www.europesays.com\/be-fr\/wp-json\/wp\/v2\/comments?post=238126"}],"version-history":[{"count":0,"href":"https:\/\/www.europesays.com\/be-fr\/wp-json\/wp\/v2\/posts\/238126\/revisions"}],"wp:featuredmedia":[{"embeddable":true,"href":"https:\/\/www.europesays.com\/be-fr\/wp-json\/wp\/v2\/media\/238127"}],"wp:attachment":[{"href":"https:\/\/www.europesays.com\/be-fr\/wp-json\/wp\/v2\/media?parent=238126"}],"wp:term":[{"taxonomy":"category","embeddable":true,"href":"https:\/\/www.europesays.com\/be-fr\/wp-json\/wp\/v2\/categories?post=238126"},{"taxonomy":"post_tag","embeddable":true,"href":"https:\/\/www.europesays.com\/be-fr\/wp-json\/wp\/v2\/tags?post=238126"}],"curies":[{"name":"wp","href":"https:\/\/api.w.org\/{rel}","templated":true}]}}