{"id":238142,"date":"2026-09-03T19:57:14","date_gmt":"2026-09-03T19:57:14","guid":{"rendered":"https:\/\/www.europesays.com\/be-fr\/238142\/"},"modified":"2026-09-03T19:57:14","modified_gmt":"2026-09-03T19:57:14","slug":"ca-navait-pas-beaucoup-dinteret-marc-olivier-fogiel-justifie-son-refus-de-participer-a-lheure-de-verite-sur-france-2","status":"publish","type":"post","link":"https:\/\/www.europesays.com\/be-fr\/238142\/","title":{"rendered":"\u00ab\u00c7a n\u2019avait pas beaucoup d\u2019int\u00e9r\u00eat\u00bb : Marc-Olivier Fogiel justifie son refus de participer \u00e0 \u00abL\u2019Heure de v\u00e9rit\u00e9\u00bb sur France 2"},"content":{"rendered":"<p>    Marc-Olivier Fogiel dans \u00abC \u00e0 vous\u00bb sur France 5.<br \/>\n                Capture d&rsquo;\u00e9cran.<\/p>\n<p>\n    Le journaliste et animateur, qui officie sur RTL, a \u00e9t\u00e9 pressenti pour rejoindre la nouvelle formule de l\u2019\u00e9mission politique lanc\u00e9e au d\u00e9but des ann\u00e9es 1980 avec Fran\u00e7ois-Henri de Virieu.<\/p>\n<p class=\"fig-paragraph\">Dans quelques semaines,\u00a0<a href=\"https:\/\/tvmag.lefigaro.fr\/programme-tv\/chaine\/4\/tous-les-programmes-de-france-2\" target=\"_blank\" rel=\"noopener nofollow\" data-gtm-custom-categorie=\"navigation\" data-gtm-custom-action=\"crossclick\" data-gtm-custom-label=\"Contextuel\" data-gtm-event=\"customEventSPE\">France 2<\/a>\u00a0va relancer \u00abL\u2019Heure de v\u00e9rit\u00e9\u00bb avec \u00e0 sa t\u00eate Caroline Roux. La journaliste sera entour\u00e9e de son confr\u00e8re\u00a0<a href=\"https:\/\/www.lefigaro.fr\/tag\/benjamin-duhamel\" data-fig-type=\"Keyword\" data-gtm-custom-categorie=\"navigation\" data-gtm-custom-action=\"crossclick\" data-gtm-custom-label=\"Contextuel\" data-gtm-event=\"customEventSPE\" data-fig-domain=\"LEFIGARO\" rel=\"nofollow noopener\" target=\"_blank\">Benjamin Duhamel<\/a>, d\u2019<a href=\"https:\/\/www.lefigaro.fr\/auteur\/eugenie-bastie\" target=\"_blank\" rel=\"noopener nofollow\" data-gtm-custom-categorie=\"navigation\" data-gtm-custom-action=\"crossclick\" data-gtm-custom-label=\"Contextuel\" data-gtm-event=\"customEventSPE\">Eug\u00e9nie Basti\u00e9<\/a>, r\u00e9dactrice en chef adjoint du Figaro, et du d\u00e9put\u00e9 La France insoumise\u00a0<a href=\"https:\/\/www.lefigaro.fr\/tag\/thomas-portes-personne\" target=\"_blank\" data-fig-type=\"Keyword\" rel=\"noopener nofollow\" data-gtm-custom-categorie=\"navigation\" data-gtm-custom-action=\"crossclick\" data-gtm-custom-label=\"Contextuel\" data-gtm-event=\"customEventSPE\" data-fig-domain=\"LEFIGARO\">Thomas Portes<\/a>.<\/p>\n<p class=\"fig-paragraph\">Un temps,\u00a0<a href=\"https:\/\/www.lefigaro.fr\/tag\/marc-olivier-fogiel-personne\" target=\"_blank\" data-fig-type=\"Keyword\" rel=\"noopener nofollow\" data-gtm-custom-categorie=\"navigation\" data-gtm-custom-action=\"crossclick\" data-gtm-custom-label=\"Contextuel\" data-gtm-event=\"customEventSPE\" data-fig-domain=\"LEFIGARO\">Marc-Olivier Fogiel<\/a> \u00a0a \u00e9t\u00e9 annonc\u00e9 mais celui-ci a finalement d\u00e9clin\u00e9 l\u2019offre faite par France T\u00e9l\u00e9visions. Mercredi soir, sur le plateau de\u00a0<a href=\"https:\/\/tvmag.lefigaro.fr\/programme-tv\/programme\/c-a-vous-d629397959\" target=\"_blank\" rel=\"noopener nofollow\" data-gtm-custom-categorie=\"navigation\" data-gtm-custom-action=\"crossclick\" data-gtm-custom-label=\"Contextuel\" data-gtm-event=\"customEventSPE\">\u00abC \u00e0 vous\u00bb<\/a>\u00a0sur France 5, il a expliqu\u00e9 que son recrutement avait \u00e9t\u00e9 \u00abtr\u00e8s compliqu\u00e9\u00bb notamment en raison de son envie. \u00abJ\u2019ai beaucoup h\u00e9sit\u00e9, a-t-il avou\u00e9. Philippe Corb\u00e9, qui est en coulisses, avec qui on a travaill\u00e9 ensemble \u00e0 BFM et qui aujourd\u2019hui dirige l\u2019info de France T\u00e9l\u00e9visions, m\u2019a beaucoup sollicit\u00e9. J\u2019ai trop tard\u00e9 \u00e0 r\u00e9pondre, ce qui \u00e9tait mauvais signe. \u00c7a prouvait que je n\u2019avais pas une envie farouche\u00bb, a-t-il reconnu.<\/p>\n<p class=\"fig-body-link\">\n            \u00c0 lire aussi<br \/>\n        <a class=\"fig-body-link__link fig-premium-mark\" href=\"http:\/\/tvmag.lefigaro.fr\/programme-tv\/actu-tele\/marc-olivier-fogiel-je-n-ai-qu-un-regret-que-mon-pere-n-ait-pas-pu-vivre-ma-reussite-20260312\" target=\"_blank\" data-fig-type=\"Article\" rel=\"noopener nofollow\" data-gtm-custom-categorie=\"navigation\" data-gtm-custom-action=\"crossclick\" data-gtm-custom-label=\"Contextuel\" data-gtm-event=\"customEventSPE\" data-fig-domain=\"TVMAG\"><br \/>\n                Marc-Olivier Fogiel\u00a0: \u00abJe n\u2019ai qu\u2019un regret, que mon p\u00e8re n\u2019ait pas pu vivre ma r\u00e9ussite\u00bb<br \/>\n    <\/a>\n<\/p>\n<p>                                                <a class=\"fig-a11y-skip\" href=\"#fig-a11y-skip-main-inarticle\" is=\"fig-a11y-skip\" data-trigger-mode=\"visible-once\"><br \/>\n    Passer la publicit\u00e9<br \/>\n<\/a>            <\/p>\n<p class=\"fig-paragraph\">\u00c0 la rentr\u00e9e 2025, apr\u00e8s cinq ans \u00e0 la t\u00eate de BFMTV et une ann\u00e9e sabbatique, Marc-Olivier Fogiel a rejoint RTL o\u00f9 il officie le matin aux commandes de l\u2019interview quotidienne. Un exercice qui le comble pleinement. \u00abJe suis rassasi\u00e9 aujourd\u2019hui entre ce que je fais \u00e0 RTL. Je ne voyais pas comment me renouveler dans cet exercice-l\u00e0. Si je l\u2019avais fait, je l\u2019aurais fait que pour des mauvaises raisons qui est l\u2019ego. L\u2019ego, je ne vais pas dire que je n\u2019en ai pas, autrement, je ne ferais pas ce que je fais, mais il est quand m\u00eame, heureusement pour moi, en partie rassasi\u00e9\u00bb, a-t-il affirm\u00e9.<\/p>\n<p class=\"fig-paragraph\">\u00abJ\u2019y serais all\u00e9 pour de mauvaises raisons\u00bb, a-t-il r\u00e9p\u00e9t\u00e9 concluant\u00a0: \u00abEt ce que j\u2019aurais pu faire \u00e9ventuellement \u00e0 \u201cL\u2019Heure de v\u00e9rit\u00e9\u201d, je le fais aujourd\u2019hui sur RTL, donc \u00e7a n\u2019avait pas beaucoup d\u2019int\u00e9r\u00eat \u00e0 part un mauvais int\u00e9r\u00eat\u00bb.<\/p>\n<p class=\"fig-paragraph\">Malgr\u00e9 ce refus, Marc-Olivier Fogiel compte bien couvrir la campagne \u00e0 l\u2019\u00e9lection pr\u00e9sidentielle 2027. D\u00e9j\u00e0 dans \u00abFace \u00e0 Fogiel\u00bb o\u00f9 il pr\u00e9voit de recevoir des invit\u00e9s politiques. Il va \u00e9galement animer les soir\u00e9es \u00e9lectorales de RTL. Et il vient de lancer un podcast politique intitul\u00e9 \u00abLes Aspirants\u00bb dans lequel il recevra les principaux candidats. \u00abLe principe de d\u00e9part est bas\u00e9 d\u2019archives et notamment celle de l\u2019invit\u00e9 quand il est venu pour la premi\u00e8re fois sur RTL. [&#8230;] Le fil conducteur n\u2019est que des archives notamment de RTL et il y a des probl\u00e9matiques personnelles qui am\u00e8nent \u00e0 une probl\u00e9matique de ce qui les conduit \u00e0 l\u2019\u00c9lys\u00e9e, ce n\u2019est pas de l\u2019intimit\u00e9\u00bb, a-t-il expliqu\u00e9.<\/p>\n","protected":false},"excerpt":{"rendered":"Marc-Olivier Fogiel dans \u00abC \u00e0 vous\u00bb sur France 5. Capture d&rsquo;\u00e9cran. Le journaliste et animateur, qui officie sur&hellip;\n","protected":false},"author":2,"featured_media":238143,"comment_status":"","ping_status":"","sticky":false,"template":"","format":"standard","meta":{"footnotes":"","_share_on_mastodon":"0"},"categories":[99],"tags":[12,13,18,17,96,95,115,10161,112],"class_list":["post-238142","post","type-post","status-publish","format-standard","has-post-thumbnail","category-television","tag-be","tag-be-fr","tag-belgique","tag-belgium","tag-divertissement","tag-entertainment","tag-france-2","tag-marc-olivier-fogiel","tag-television"],"share_on_mastodon":{"url":"https:\/\/pubeurope.com\/@be_fr\/117208878077843420","error":""},"_links":{"self":[{"href":"https:\/\/www.europesays.com\/be-fr\/wp-json\/wp\/v2\/posts\/238142","targetHints":{"allow":["GET"]}}],"collection":[{"href":"https:\/\/www.europesays.com\/be-fr\/wp-json\/wp\/v2\/posts"}],"about":[{"href":"https:\/\/www.europesays.com\/be-fr\/wp-json\/wp\/v2\/types\/post"}],"author":[{"embeddable":true,"href":"https:\/\/www.europesays.com\/be-fr\/wp-json\/wp\/v2\/users\/2"}],"replies":[{"embeddable":true,"href":"https:\/\/www.europesays.com\/be-fr\/wp-json\/wp\/v2\/comments?post=238142"}],"version-history":[{"count":0,"href":"https:\/\/www.europesays.com\/be-fr\/wp-json\/wp\/v2\/posts\/238142\/revisions"}],"wp:featuredmedia":[{"embeddable":true,"href":"https:\/\/www.europesays.com\/be-fr\/wp-json\/wp\/v2\/media\/238143"}],"wp:attachment":[{"href":"https:\/\/www.europesays.com\/be-fr\/wp-json\/wp\/v2\/media?parent=238142"}],"wp:term":[{"taxonomy":"category","embeddable":true,"href":"https:\/\/www.europesays.com\/be-fr\/wp-json\/wp\/v2\/categories?post=238142"},{"taxonomy":"post_tag","embeddable":true,"href":"https:\/\/www.europesays.com\/be-fr\/wp-json\/wp\/v2\/tags?post=238142"}],"curies":[{"name":"wp","href":"https:\/\/api.w.org\/{rel}","templated":true}]}}