{"id":238160,"date":"2026-09-03T20:07:13","date_gmt":"2026-09-03T20:07:13","guid":{"rendered":"https:\/\/www.europesays.com\/be-fr\/238160\/"},"modified":"2026-09-03T20:07:13","modified_gmt":"2026-09-03T20:07:13","slug":"ils-ont-80-ans-et-un-cerveau-de-50-le-surprenant-point-commun-des-super-agers","status":"publish","type":"post","link":"https:\/\/www.europesays.com\/be-fr\/238160\/","title":{"rendered":"Ils ont 80 ans et un cerveau de 50 : le surprenant point commun des \u00ab\u00a0super-agers\u00a0\u00bb"},"content":{"rendered":"<p class=\"ap-StoryElement ap-StoryElement--mb ap-StoryText\">Un \u00e9l\u00e9ment essentiel est \u00e0 relever. Tous n&rsquo;ont pas le m\u00eame r\u00e9gime alimentaire, la m\u00eame activit\u00e9 physique ou le m\u00eame traitement m\u00e9dical. Selon Sandra Weintraub, professeure de psychiatrie et de sciences du comportement \u00e0 la Northwestern Feinberg School of Medicine, ce qui relie ces individus est en r\u00e9alit\u00e9 \u00ab\u00a0la fa\u00e7on dont ils consid\u00e8rent l&rsquo;importance des relations sociales. Et sur le plan de la personnalit\u00e9, ils ont tendance \u00e0 \u00eatre plut\u00f4t extravertis.\u00a0\u00bb<\/p>\n<p><a href=\"https:\/\/www.lalibre.be\/economie\/conjoncture\/2026\/07\/09\/vieillissement-des-depenses-a-venir-a-la-hausse-en-belgique-JTN4CEVRSVBDZJHW2OND5K4Z5I\/\" target=\"_self\" class=\"ap-StoryInterstitialLink ap-StoryElement ap-StoryElement--mb\" rel=\"nofollow noopener\">Vieillissement: des d\u00e9penses \u00e0 venir \u00e0 la hausse en Belgique<\/a><\/p>\n<p class=\"ap-StoryElement ap-StoryElement--mb ap-StoryText\">Ben Rein, neuroscientifique et auteur du livre \u00e0 para\u00eetre Why Brains Need Friends : The Neuroscience of Social Connection, explique au New York Times : \u00ab\u00a0Les personnes qui ont davantage de contacts sociaux sont plus r\u00e9sistantes au d\u00e9clin cognitif en vieillissant. Elles ont g\u00e9n\u00e9ralement aussi un cerveau plus volumineux \u00ab\u00a0.<\/p>\n<p class=\"ap-StoryElement ap-StoryElement--mb ap-StoryText\">Selon cette \u00e9tude, les interactions sociales contribueraient \u00e0 prot\u00e9ger contre la diminution du volume c\u00e9r\u00e9bral qui survient avec l&rsquo;\u00e2ge et l&rsquo;isolement.<\/p>\n<p>Cortisol, neurones de von Economo<\/p>\n<p class=\"ap-StoryElement ap-StoryElement--mb ap-StoryText\">De plus, la solitude augmenterait le cortisol, l&rsquo;hormone du stress. Les super-agers ont g\u00e9n\u00e9ralement plus de neurones de von Economo. Ceux-ci jouent un r\u00f4le important dans les comportements sociaux et qu&rsquo;ils ne se trouvent que chez des mammif\u00e8res tr\u00e8s sociaux. Dr Bill Seeley, professeur de neurologie et de pathologie \u00e0 l&rsquo;Universit\u00e9 de Californie \u00e0 San Francisco affirme que ces neurones \u00ab\u00a0les aident probablement \u00e0 construire et \u00e0 maintenir des liens sociaux et des r\u00e9seaux sociaux puissants et solides. Cela pourrait avoir \u00ab\u00a0un effet consid\u00e9rable sur leur bien-\u00eatre g\u00e9n\u00e9ral et leur sant\u00e9\u00a0\u00bb.<\/p>\n<p class=\"ap-StoryElement ap-StoryElement--mb ap-StoryText\">Il faut tout de m\u00eame noter que cette capacit\u00e9 \u00e0 vivre vieux est forc\u00e9ment li\u00e9e aussi \u00e0 la g\u00e9n\u00e9tique, la biologie des individus et leurs comportements tout au long de leur vie.<\/p>\n<p><a href=\"https:\/\/www.lalibre.be\/belgique\/societe\/2026\/04\/20\/la-belgique-pourrait-seviter-des-milliards-deuros-de-depenses-si-elle-sinteressait-davantage-a-lisolement-social-des-seniors-DHCKR7ZI2BFZRGVCIE6GSTHBVA\/\" target=\"_self\" class=\"ap-StoryInterstitialLink ap-StoryElement ap-StoryElement--mb\" rel=\"nofollow noopener\">La Belgique pourrait s&rsquo;\u00e9viter \u00ab\u00a0des milliards d&rsquo;euros\u00a0\u00bb de d\u00e9penses si elle s&rsquo;int\u00e9ressait davantage \u00e0 l&rsquo;isolement social des seniors<\/a><\/p>\n","protected":false},"excerpt":{"rendered":"Un \u00e9l\u00e9ment essentiel est \u00e0 relever. Tous n&rsquo;ont pas le m\u00eame r\u00e9gime alimentaire, la m\u00eame activit\u00e9 physique ou&hellip;\n","protected":false},"author":2,"featured_media":238161,"comment_status":"","ping_status":"","sticky":false,"template":"","format":"standard","meta":{"footnotes":"","_share_on_mastodon":"0"},"categories":[8],"tags":[10,12,13,18,17,103,11,15521,104,73916],"class_list":["post-238160","post","type-post","status-publish","format-standard","has-post-thumbnail","category-actualites","tag-actualites","tag-be","tag-be-fr","tag-belgique","tag-belgium","tag-horizontal","tag-news","tag-pension","tag-politics","tag-senior-citizens"],"share_on_mastodon":{"url":"https:\/\/pubeurope.com\/@be_fr\/117208917459074074","error":""},"_links":{"self":[{"href":"https:\/\/www.europesays.com\/be-fr\/wp-json\/wp\/v2\/posts\/238160","targetHints":{"allow":["GET"]}}],"collection":[{"href":"https:\/\/www.europesays.com\/be-fr\/wp-json\/wp\/v2\/posts"}],"about":[{"href":"https:\/\/www.europesays.com\/be-fr\/wp-json\/wp\/v2\/types\/post"}],"author":[{"embeddable":true,"href":"https:\/\/www.europesays.com\/be-fr\/wp-json\/wp\/v2\/users\/2"}],"replies":[{"embeddable":true,"href":"https:\/\/www.europesays.com\/be-fr\/wp-json\/wp\/v2\/comments?post=238160"}],"version-history":[{"count":0,"href":"https:\/\/www.europesays.com\/be-fr\/wp-json\/wp\/v2\/posts\/238160\/revisions"}],"wp:featuredmedia":[{"embeddable":true,"href":"https:\/\/www.europesays.com\/be-fr\/wp-json\/wp\/v2\/media\/238161"}],"wp:attachment":[{"href":"https:\/\/www.europesays.com\/be-fr\/wp-json\/wp\/v2\/media?parent=238160"}],"wp:term":[{"taxonomy":"category","embeddable":true,"href":"https:\/\/www.europesays.com\/be-fr\/wp-json\/wp\/v2\/categories?post=238160"},{"taxonomy":"post_tag","embeddable":true,"href":"https:\/\/www.europesays.com\/be-fr\/wp-json\/wp\/v2\/tags?post=238160"}],"curies":[{"name":"wp","href":"https:\/\/api.w.org\/{rel}","templated":true}]}}