{"id":238164,"date":"2026-09-03T20:09:21","date_gmt":"2026-09-03T20:09:21","guid":{"rendered":"https:\/\/www.europesays.com\/be-fr\/238164\/"},"modified":"2026-09-03T20:09:21","modified_gmt":"2026-09-03T20:09:21","slug":"les-peintures-colorees-et-heureuses-danne-le-sommer-exposees-a-la-maison-du-phare-a-quiberon","status":"publish","type":"post","link":"https:\/\/www.europesays.com\/be-fr\/238164\/","title":{"rendered":"Les peintures color\u00e9es et heureuses d\u2019Anne le Sommer expos\u00e9es \u00e0 la Maison du Phare \u00e0 Quiberon"},"content":{"rendered":"<p>Quand on a d\u00e9j\u00e0 crois\u00e9 l\u2019univers de la peintre Anne le Sommer, on le reconna\u00eet de suite. Il suffit de suivre les ronds de couleur\u00a0! Cette ancienne assistante maternelle a gard\u00e9 de son m\u00e9tier initial le go\u00fbt de l\u2019univers des enfants\u00a0: des traits ronds, des ensembles tr\u00e8s color\u00e9s. Sa th\u00e9matique\u00a0? La Bretagne, ses villages, ses ports, ses bateaux, ses badauds et toujours ses ronds\u2026 pompons de marins, boules de bateaux et bonnets, ils sont partout. Il y a de la joie de vivre en bord de mer dans ses \u0153uvres empruntant \u00e0 l\u2019art dit na\u00eff. Sans oublier les d\u00e9clinaisons en puzzle ou..sac \u00e0 pain.<\/p>\n<p>Pratique<\/p>\n<p class=\"note\">Exposition des acryliques d\u2019Anne le Sommer \u00e0 la Maison du Phare \u00e0 Quiberon jusqu\u2019\u00e0 dimanche soir. Entr\u00e9e libre, de 10\u00a0h\u00a030 \u00e0 19\u00a0h.<\/p>\n","protected":false},"excerpt":{"rendered":"Quand on a d\u00e9j\u00e0 crois\u00e9 l\u2019univers de la peintre Anne le Sommer, on le reconna\u00eet de suite. Il&hellip;\n","protected":false},"author":2,"featured_media":238165,"comment_status":"","ping_status":"","sticky":false,"template":"","format":"standard","meta":{"footnotes":"","_share_on_mastodon":"0"},"categories":[101],"tags":[126,124,125,12,13,18,17,127,96,95,35121],"class_list":["post-238164","post","type-post","status-publish","format-standard","has-post-thumbnail","category-arts-et-design","tag-arts","tag-arts-and-design","tag-arts-et-design","tag-be","tag-be-fr","tag-belgique","tag-belgium","tag-design","tag-divertissement","tag-entertainment","tag-quiberon"],"share_on_mastodon":{"url":"https:\/\/pubeurope.com\/@be_fr\/117208925420754020","error":""},"_links":{"self":[{"href":"https:\/\/www.europesays.com\/be-fr\/wp-json\/wp\/v2\/posts\/238164","targetHints":{"allow":["GET"]}}],"collection":[{"href":"https:\/\/www.europesays.com\/be-fr\/wp-json\/wp\/v2\/posts"}],"about":[{"href":"https:\/\/www.europesays.com\/be-fr\/wp-json\/wp\/v2\/types\/post"}],"author":[{"embeddable":true,"href":"https:\/\/www.europesays.com\/be-fr\/wp-json\/wp\/v2\/users\/2"}],"replies":[{"embeddable":true,"href":"https:\/\/www.europesays.com\/be-fr\/wp-json\/wp\/v2\/comments?post=238164"}],"version-history":[{"count":0,"href":"https:\/\/www.europesays.com\/be-fr\/wp-json\/wp\/v2\/posts\/238164\/revisions"}],"wp:featuredmedia":[{"embeddable":true,"href":"https:\/\/www.europesays.com\/be-fr\/wp-json\/wp\/v2\/media\/238165"}],"wp:attachment":[{"href":"https:\/\/www.europesays.com\/be-fr\/wp-json\/wp\/v2\/media?parent=238164"}],"wp:term":[{"taxonomy":"category","embeddable":true,"href":"https:\/\/www.europesays.com\/be-fr\/wp-json\/wp\/v2\/categories?post=238164"},{"taxonomy":"post_tag","embeddable":true,"href":"https:\/\/www.europesays.com\/be-fr\/wp-json\/wp\/v2\/tags?post=238164"}],"curies":[{"name":"wp","href":"https:\/\/api.w.org\/{rel}","templated":true}]}}