{"id":238186,"date":"2026-09-03T20:21:12","date_gmt":"2026-09-03T20:21:12","guid":{"rendered":"https:\/\/www.europesays.com\/be-fr\/238186\/"},"modified":"2026-09-03T20:21:12","modified_gmt":"2026-09-03T20:21:12","slug":"present-en-tribunes-avec-bornauw-ilias-koutsoupias-va-bien-rejoindre-anderlecht","status":"publish","type":"post","link":"https:\/\/www.europesays.com\/be-fr\/238186\/","title":{"rendered":"Pr\u00e9sent en tribunes avec Bornauw, Ilias Koutsoupias va bien rejoindre Anderlecht !"},"content":{"rendered":"<p class=\"ap-StoryElement ap-StoryElement--mb ap-StoryText\">Le m\u00e9dian grec Ilias Koutsoupias (25 ans) assiste au match contre Courtrai aux c\u00f4t\u00e9s du CEO Kenneth Bornauw. Cela signifie qu&rsquo;il va quand m\u00eame rejoindre le Sporting pour 4 ans.<\/p>\n<p class=\"ap-StoryElement ap-StoryElement--mb ap-StoryText\"><a href=\"https:\/\/www.dhnet.be\/sports\/football\/division-1a\/anderlecht\/2026\/09\/03\/le-grec-koutsoupias-ne-signera-a-anderlecht-que-sil-y-a-un-depart-C6T5XRWXWJD7RHYUT6OLNII4FU\/\" target=\"_self\" rel=\"nofollow noopener\">Comme indiqu\u00e9, le joueur de Frosinone a pass\u00e9 et r\u00e9ussi ses tests m\u00e9dicaux dans la journ\u00e9e de mercredi. <\/a>Il \u00e9tait \u00e9galement pr\u00e9sent \u00e0 Neerpede comme s&rsquo;il avait sign\u00e9. Et ce jeudi, il r\u00e9sidait encore dans un h\u00f4tel \u00e0 Bruxelles.<\/p>\n<p class=\"ap-StoryElement ap-StoryElement--mb ap-StoryText\">L&rsquo;arriv\u00e9e du Norv\u00e9gien Thelo Aasgaard (Rangers) semblait avoir chang\u00e9 la donne. Jeudi matin, il nous revenait que Koutsoupias ne viendrait que si Anderlecht parvenait \u00e0 se d\u00e9barrasser d&rsquo;un gros contrat (Bertaccini, Stroeykens). Au moment du match contre Courtrai, Stroeykens et Bertaccini n&rsquo;\u00e9taient pas encore partis.<\/p>\n<p class=\"ap-StoryElement ap-StoryElement--mb ap-StoryText\">De toute fa\u00e7on, Koutsoupias ne sera pas qualifi\u00e9 pour jouer en Europa League vu que la liste devait \u00eatre rentr\u00e9e mercredi soir. Anderlecht devrait payer moins qu&rsquo;un million \u00e0 son club italien.<\/p>\n<p>Pour acc\u00e9der \u00e0 cet article, veuillez vous connecter au r\u00e9seau internet.<\/p>\n","protected":false},"excerpt":{"rendered":"Le m\u00e9dian grec Ilias Koutsoupias (25 ans) assiste au match contre Courtrai aux c\u00f4t\u00e9s du CEO Kenneth Bornauw.&hellip;\n","protected":false},"author":2,"featured_media":238187,"comment_status":"","ping_status":"","sticky":false,"template":"","format":"standard","meta":{"footnotes":"","_share_on_mastodon":"0"},"categories":[8],"tags":[13993,41,73560,10,12,13,18,17,15496,2828,482,48346,891,11,906,912],"class_list":["post-238186","post","type-post","status-publish","format-standard","has-post-thumbnail","category-actualites","tag-13993","tag-41","tag-abbild","tag-actualites","tag-be","tag-be-fr","tag-belgique","tag-belgium","tag-calcio","tag-cup","tag-football","tag-hoch","tag-italy","tag-news","tag-soccer","tag-x0x"],"share_on_mastodon":{"url":"https:\/\/pubeurope.com\/@be_fr\/117208972409942900","error":""},"_links":{"self":[{"href":"https:\/\/www.europesays.com\/be-fr\/wp-json\/wp\/v2\/posts\/238186","targetHints":{"allow":["GET"]}}],"collection":[{"href":"https:\/\/www.europesays.com\/be-fr\/wp-json\/wp\/v2\/posts"}],"about":[{"href":"https:\/\/www.europesays.com\/be-fr\/wp-json\/wp\/v2\/types\/post"}],"author":[{"embeddable":true,"href":"https:\/\/www.europesays.com\/be-fr\/wp-json\/wp\/v2\/users\/2"}],"replies":[{"embeddable":true,"href":"https:\/\/www.europesays.com\/be-fr\/wp-json\/wp\/v2\/comments?post=238186"}],"version-history":[{"count":0,"href":"https:\/\/www.europesays.com\/be-fr\/wp-json\/wp\/v2\/posts\/238186\/revisions"}],"wp:featuredmedia":[{"embeddable":true,"href":"https:\/\/www.europesays.com\/be-fr\/wp-json\/wp\/v2\/media\/238187"}],"wp:attachment":[{"href":"https:\/\/www.europesays.com\/be-fr\/wp-json\/wp\/v2\/media?parent=238186"}],"wp:term":[{"taxonomy":"category","embeddable":true,"href":"https:\/\/www.europesays.com\/be-fr\/wp-json\/wp\/v2\/categories?post=238186"},{"taxonomy":"post_tag","embeddable":true,"href":"https:\/\/www.europesays.com\/be-fr\/wp-json\/wp\/v2\/tags?post=238186"}],"curies":[{"name":"wp","href":"https:\/\/api.w.org\/{rel}","templated":true}]}}