{"id":238190,"date":"2026-09-03T20:23:13","date_gmt":"2026-09-03T20:23:13","guid":{"rendered":"https:\/\/www.europesays.com\/be-fr\/238190\/"},"modified":"2026-09-03T20:23:13","modified_gmt":"2026-09-03T20:23:13","slug":"les-cartes-postales-de-laval-cette-masse-documentaire-assez-exceptionnelle-sur-la-ville-dautrefois","status":"publish","type":"post","link":"https:\/\/www.europesays.com\/be-fr\/238190\/","title":{"rendered":"Les cartes postales de Laval, cette \u00ab\u00a0masse documentaire assez exceptionnelle\u00a0\u00bb sur la ville d\u2019autrefois"},"content":{"rendered":"<p>\n                Article premium,<br \/>\n                    R\u00e9serv\u00e9 aux\u00a0abonn\u00e9s\n            <\/p>\n<p class=\"su-standfirst chapeau\">Jusqu\u2019au 20\u00a0septembre, la Ville de Laval\u00a0(Mayenne) propose une grande exposition sur la photographie. Pour ce troisi\u00e8me \u00e9pisode de notre s\u00e9rie \u00e0 ce sujet, focus sur les cartes postales. Elles ont permis de r\u00e9v\u00e9ler des monuments\u2026 et constituent aujourd\u2019hui \u00ab\u00a0une masse documentaire assez exceptionnelle\u00a0\u00bb.<\/p>\n<p>                                        <img decoding=\"async\" class=\"su-media\" src=\"https:\/\/media.ouest-france.fr\/v1\/pictures\/MjAyNjA5Y2M3MWVlZjZlMmEwNTQ0NzBjMGQ1YTJhYTAzMzlmMzc?width=630&amp;height=354&amp;focuspoint=50%2C25&amp;cropresize=1&amp;client_id=bpeditorial&amp;sign=6012417f9b32e6f25bb46fcca2b0ac9ef65989dd6ca5a8970600f1eafacebb6c\" alt=\"Une carte postale montrant un tramway sortant de la gare des chemins de fer d\u00e9partementaux, \u00e0 Laval\u00a0(l\u2019actuelle Maison du tourisme avenue Robert-Buron).\"  \/><\/p>\n<p>                            Une carte postale montrant un tramway sortant de la gare des chemins de fer d\u00e9partementaux, \u00e0 Laval\u00a0(l\u2019actuelle Maison du tourisme avenue Robert-Buron). | COLLECTION PARTICULI\u00c8RE<\/p>\n<p>                            fermer<\/p>\n<p><img decoding=\"async\" data-ofmaxheight=\"\" class=\"su-media lazyload\" alt=\"Une carte postale montrant un tramway sortant de la gare des chemins de fer d\u00e9partementaux, \u00e0 Laval\u00a0(l\u2019actuelle Maison du tourisme avenue Robert-Buron).\" src=\"data:image\/png;base64,iVBORw0KGgoAAAANSUhEUgAAABAAAAAJCAYAAAA7KqwyAAAAGXRFWHRTb2Z0d2FyZQBBZG9iZSBJbWFnZVJlYWR5ccllPAAAABhJREFUeNpi\/P\/\/PwMlgHHUgFEDgAAgwAD+lBrvy+NcxAAAAABJRU5ErkJggg==\" data-oflazyload=\"{&quot;srcset&quot;:&quot;https:\/\/media.ouest-france.fr\/v1\/pictures\/MjAyNjA5Y2M3MWVlZjZlMmEwNTQ0NzBjMGQ1YTJhYTAzMzlmMzc?width=320&amp;focuspoint=50%2C25&amp;cropresize=1&amp;client_id=bpeditorial&amp;sign=8d5d0987969e6b27a21a1c2f25fbadef026f8eee3b636f9e76ff6a48d820a1af 320w,https:\/\/media.ouest-france.fr\/v1\/pictures\/MjAyNjA5Y2M3MWVlZjZlMmEwNTQ0NzBjMGQ1YTJhYTAzMzlmMzc?width=375&amp;focuspoint=50%2C25&amp;cropresize=1&amp;client_id=bpeditorial&amp;sign=62f70613391a5832d5e235f906fddf8d0806190c8e83d0d3cae3b09423fd6fcf 360w,https:\/\/media.ouest-france.fr\/v1\/pictures\/MjAyNjA5Y2M3MWVlZjZlMmEwNTQ0NzBjMGQ1YTJhYTAzMzlmMzc?width=480&amp;focuspoint=50%2C25&amp;cropresize=1&amp;client_id=bpeditorial&amp;sign=734fc82864a8502c76c5e3a66cc75fe562de4345c457337e72943304cb1180ee 480w,https:\/\/media.ouest-france.fr\/v1\/pictures\/MjAyNjA5Y2M3MWVlZjZlMmEwNTQ0NzBjMGQ1YTJhYTAzMzlmMzc?width=630&amp;focuspoint=50%2C25&amp;cropresize=1&amp;client_id=bpeditorial&amp;sign=782071ceb04704891381f651d5f8ce452c6d56529753287d961bd0f1316925b5 630w,https:\/\/media.ouest-france.fr\/v1\/pictures\/MjAyNjA5Y2M3MWVlZjZlMmEwNTQ0NzBjMGQ1YTJhYTAzMzlmMzc?width=940&amp;focuspoint=50%2C25&amp;cropresize=1&amp;client_id=bpeditorial&amp;sign=dc1f90689cf396cec25f7328766357851e8c10178dea056ec649ada6aa6f2672 940w,https:\/\/media.ouest-france.fr\/v1\/pictures\/MjAyNjA5Y2M3MWVlZjZlMmEwNTQ0NzBjMGQ1YTJhYTAzMzlmMzc?width=1260&amp;focuspoint=50%2C25&amp;cropresize=1&amp;client_id=bpeditorial&amp;sign=5b11156bad634bd3f421212130ee14fc254129319817a58c7db77026c1e69623 1260w&quot;}\"\/>Une carte postale montrant un tramway sortant de la gare des chemins de fer d\u00e9partementaux, \u00e0 Laval\u00a0(l\u2019actuelle Maison du tourisme avenue Robert-Buron). | COLLECTION PARTICULI\u00c8RE                            <\/p>\n<p data-ofstats-scroll=\"read_depth_20\">Est-ce que vous saviez que c\u2019est un peu gr\u00e2ce aux cartes postales que <a href=\"https:\/\/www.ouest-france.fr\/pays-de-la-loire\/laval-53000\/laval-la-porte-beucheresse-a-vecu-mille-vies-7146750?utm_source=troove&amp;utm_medium=site\" target=\"_self\" rel=\"nofollow noopener\">la Porte Beucheresse<\/a>, \u00e0 Laval\u00a0(Mayenne), avait \u00e9t\u00e9 reconnue\u00a0? En ce moment, Ouest-France Laval s\u2019int\u00e9resse \u00e0 la grande exposition de la Ville sur la photographie,<a href=\"https:\/\/www.ouest-france.fr\/pays-de-la-loire\/laval-53000\/laval-sous-lil-des-photographes-de-1850-a-nos-jours-une-exposition-sur-la-photographie-dans-cinq-lieux-publics-44a4297e-7dfe-11f1-a3cc-61ee167b6bba?utm_source=troove&amp;utm_medium=site\" target=\"_self\" rel=\"nofollow noopener\"> \u00ab\u00a0Dans l\u2019\u0153il du photographe\u00a0: regard(s) sur la ville\u00a0\u00bb.<\/a> Une exposition qui permet de voir les liens entre Laval et ce m\u00e9dia.<\/p>\n<p>Pour ce 3e \u00e9pisode, zoom sur la carte postale. Elle est apparue dans un cadre militaire, en 1870\u00a0\u00bb,rappelle St\u00e9phane Hiland, le directeur de Laval patrimoine, le service qui coordonne l\u2019exposition. Rapidement, la&#8230;<\/p>\n<p style=\"text-align: center; background-color: #dbbe4d; padding-top: 5px; padding-bottom: 5px; font-size: 14px;\">D\u00e9j\u00e0 abonn\u00e9 ? <a data-trkartmonet=\"Identification\" data-trk-sipa=\"{\" blockcategory=\"\" paywall=\"\" href=\"http:\/\/www.ouest-france.fr\/login?redirect=https:\/\/www.ouest-france.fr\/pays-de-la-loire\/laval-53000\/les-cartes-postales-de-laval-cette-masse-documentaire-assez-exceptionnelle-sur-la-ville-dautrefois-f0b0bc6a-959f-11f1-9ee8-a50506a5291a\" rel=\"nofollow noopener\" title=\"Se connecter \u00e0 Ouest-France\" class=\"su-link-light\" target=\"_blank\">Connectez-vous<\/a><\/p>\n<p style=\"text-align: center; padding-top: 15px; padding-bottom: 8px; vertical-align: bottom;\">bloqu\u00e9 Pour lire la suite, abonnez-vous<\/p>\n<p style=\"text-align: center;\">1er mois \u00e0 1\u20ac<\/p>\n<p style=\"text-align: center; margin-top: -5px;\">Annulable \u00e0 tout moment<\/p>\n<p style=\"text-align: center;\">\u00a0<\/p>\n<p style=\"text-align: center;\"><a data-ida=\"\" data-trkartmonet=\"Tunnel OF+\" data-trk-sipa=\"{&#010;\" blockcategory=\"\" paywall=\"\" :=\"\" m=\"\" of=\"\" class=\"su-button su-subscription\" data-trk-bloc=\"paywall\" href=\"https:\/\/abonnement.ouest-france.fr\/tunnel\/pack-essentiel-article\/122096117101?int_medium=lien&amp;int_campaign=PWFR0225-OF&amp;int_content=page-article-payant_boutonjaune-paywall&amp;marquesource=OF&amp;rt=https:\/\/www.ouest-france.fr\/pays-de-la-loire\/laval-53000\/les-cartes-postales-de-laval-cette-masse-documentaire-assez-exceptionnelle-sur-la-ville-dautrefois-f0b0bc6a-959f-11f1-9ee8-a50506a5291a\" rel=\"nofollow noopener\" target=\"_blank\">Je m&rsquo;abonne<\/a><\/p>\n<p style=\"text-align: center; padding-top: 10px; padding-bottom: 10px;\"><img decoding=\"async\" src=\"https:\/\/media.ouest-france.fr\/v1\/fonts\/be7723fcee3f1866f1ce99184077fc6f-carte-bancaire.svg?height=36\" alt=\"CB\"\/>\u00a0\u00a0<img decoding=\"async\" src=\"https:\/\/media.ouest-france.fr\/v1\/fonts\/1819d54c599d8afa64539cfba4ac9dde-rib.svg?height=36\" alt=\"RIB\"\/>\u00a0\u00a0<img decoding=\"async\" src=\"https:\/\/media.ouest-france.fr\/v1\/fonts\/065fc80d7b6a03d14a834c224ce723e1-paypal.svg?height=36\" alt=\"PAYPAL\"\/><\/p>\n","protected":false},"excerpt":{"rendered":"Article premium, R\u00e9serv\u00e9 aux\u00a0abonn\u00e9s Jusqu\u2019au 20\u00a0septembre, la Ville de Laval\u00a0(Mayenne) propose une grande exposition sur la photographie. Pour&hellip;\n","protected":false},"author":2,"featured_media":238191,"comment_status":"","ping_status":"","sticky":false,"template":"","format":"standard","meta":{"footnotes":"","_share_on_mastodon":"0"},"categories":[101],"tags":[126,124,125,12,13,18,17,127,96,95,505,13073,445],"class_list":["post-238190","post","type-post","status-publish","format-standard","has-post-thumbnail","category-arts-et-design","tag-arts","tag-arts-and-design","tag-arts-et-design","tag-be","tag-be-fr","tag-belgique","tag-belgium","tag-design","tag-divertissement","tag-entertainment","tag-histoire","tag-laval","tag-patrimoine"],"share_on_mastodon":{"url":"https:\/\/pubeurope.com\/@be_fr\/117208980562920871","error":""},"_links":{"self":[{"href":"https:\/\/www.europesays.com\/be-fr\/wp-json\/wp\/v2\/posts\/238190","targetHints":{"allow":["GET"]}}],"collection":[{"href":"https:\/\/www.europesays.com\/be-fr\/wp-json\/wp\/v2\/posts"}],"about":[{"href":"https:\/\/www.europesays.com\/be-fr\/wp-json\/wp\/v2\/types\/post"}],"author":[{"embeddable":true,"href":"https:\/\/www.europesays.com\/be-fr\/wp-json\/wp\/v2\/users\/2"}],"replies":[{"embeddable":true,"href":"https:\/\/www.europesays.com\/be-fr\/wp-json\/wp\/v2\/comments?post=238190"}],"version-history":[{"count":0,"href":"https:\/\/www.europesays.com\/be-fr\/wp-json\/wp\/v2\/posts\/238190\/revisions"}],"wp:featuredmedia":[{"embeddable":true,"href":"https:\/\/www.europesays.com\/be-fr\/wp-json\/wp\/v2\/media\/238191"}],"wp:attachment":[{"href":"https:\/\/www.europesays.com\/be-fr\/wp-json\/wp\/v2\/media?parent=238190"}],"wp:term":[{"taxonomy":"category","embeddable":true,"href":"https:\/\/www.europesays.com\/be-fr\/wp-json\/wp\/v2\/categories?post=238190"},{"taxonomy":"post_tag","embeddable":true,"href":"https:\/\/www.europesays.com\/be-fr\/wp-json\/wp\/v2\/tags?post=238190"}],"curies":[{"name":"wp","href":"https:\/\/api.w.org\/{rel}","templated":true}]}}