{"id":238194,"date":"2026-09-03T20:25:22","date_gmt":"2026-09-03T20:25:22","guid":{"rendered":"https:\/\/www.europesays.com\/be-fr\/238194\/"},"modified":"2026-09-03T20:25:22","modified_gmt":"2026-09-03T20:25:22","slug":"lio-est-decidee-18-mois-apres-la-perte-de-son-fils-diego-la-chanteuse-a-pris-sa-decision-ode-purepeople","status":"publish","type":"post","link":"https:\/\/www.europesays.com\/be-fr\/238194\/","title":{"rendered":"Lio est d\u00e9cid\u00e9e : 18 mois apr\u00e8s la perte de son fils Diego, la chanteuse a pris sa d\u00e9cision &#8211; Ode (Purepeople)"},"content":{"rendered":"<p><a href=\"https:\/\/news.google.com\/rss\/articles\/CBMiygFBVV95cUxQVkZpZjEtX2tJSTEzaDczaktkLTBzeG5Gb0hmV0R0dkJoNVhHWjZCaV9FYXZ6SXpSRmZkd3BFVXZGRS1iSkYxdURkbXdXNnpKYkNTYTAxZmhFSWF5MTZycG9SLXBFbUFQUTVfa2t6b01ySkNJQnU2RmRUY2JXV1FOalhGWm5WVHIySXRXLW5LU2V3VGdGMTFHMUlOc1F2SDFlNXA4czVkZENOS2pQSTJsTlpGTGxMbTJsTGd4ay1mQkRTTkJ0YlBHVHBR?oc=5\" target=\"_blank\" rel=\"nofollow noopener\">Lio est d\u00e9cid\u00e9e : 18 mois apr\u00e8s la perte de son fils Diego, la chanteuse a pris sa d\u00e9cision<\/a>&nbsp;&nbsp;Ode (Purepeople)<a href=\"https:\/\/news.google.com\/rss\/articles\/CBMi1AFBVV95cUxOMnY3bW1zdlBQV1VOVTZCdVZuazd4ekdXeHBaZ2lFVURoTFVZcUxCSUVkVHFQbjVudFNlaVh2aHBwUGhWWnBVengtOHlJUXZ2MjhLTkpDd1RldVhwcm16dFVHblFfb29ENmtFbVhocHJMV3NoSUJ1bGsyYUtCbUdCVkNPMXlyNTBmY2FQTThBTjdOWS1oVDlZQnBSRmxuckE0bGpsWjRNbVlocHBRaDFoS2FjRTU5ZkFMMjlvTVc2NFhGUDZ5TzY2MGcwNHdNdWl3dzZkWg?oc=5\" target=\"_blank\" rel=\"nofollow noopener\">\u00ab On ne va plus me voir \u00bb : les confidences poignantes de Lio sur le deuil impossible de son fils Diego<\/a>&nbsp;&nbsp;parismatch.com<a href=\"https:\/\/news.google.com\/rss\/articles\/CBMi_AFBVV95cUxOcXRBNE51bDhpQkFkTkpzVEVhVUZuZDlmY3ZfdTh3akpmU2cwMHM4bHNReFM3YlpDX0Y2LVRXWmtLUXo0OXZfWUlIVkhHWFVwUTBpSm8yMUd1a1JRS21ZM1pZRVJSSU01N1RiQmVCLV9naVMxNVpNRjZGcXhtVkxvTXZCNExfYUpCdFpUbnJsVEpUbWtwLUpFdy1uOUpaODd4Z1pJbHRaaDZTdzF4RzUxTHM0WndWZUZIamJiLXNYaGN4cmlzREF5bnRqQkpZNU0xOXNXblp4M0pfdUdPcE9MMUJwVmV6U1F3ci1vdUFNSVdsMWNoN2FkMmQ5cWs?oc=5\" target=\"_blank\" rel=\"nofollow noopener\">Lio endeuill\u00e9e, ses bouleversantes confidences 1 an et demi apr\u00e8s la mort de son fils Diego : \u201cTout a explos\u00e9 dans ma t\u00eate\u201d<\/a>&nbsp;&nbsp;Gala<a href=\"https:\/\/news.google.com\/rss\/articles\/CBMitwFBVV95cUxOczNzdmhlaVJKQWVyZHRVVDV0UUJoNFV1SFNYX3RJdnIzRzk2SWI2T3RoUzNjTmhWemxHRVUxZmxpbGs0VW11ZXViV2NyaWI4T2lhNUN2alk5bXkwUFRYbDRFLVlaUE1xUi1PN2hIVDNMMFNtSDhHd3AyaUg0Q0prakVKWmEteHRrYnJJR2RGMkp0enFObzVjM0cxbU94MUhGS3BBMVpDMkV3elZLR1ViTnBMYVZOSDg?oc=5\" target=\"_blank\" rel=\"nofollow noopener\">\u00ab Tout a explos\u00e9 dans ma t\u00eate \u00bb : Lio envisage de mettre fin \u00e0 sa carri\u00e8re<\/a>&nbsp;&nbsp;Soirmag<a href=\"https:\/\/news.google.com\/rss\/articles\/CBMi2wFBVV95cUxNZ0Zia3ZLM29MSVNNeTBLUUJxaldrUVZONlF6bVAwZndnaWdBc0oxdTA2eEZPdVNmcnluSE5pVm9ZV1FGdm9CeFVNVFFFTkNjYU54b3hrZTRGSjFTdUM3TmRULU1WQWw2cTNmUUdBV2dRZTZnaXNyS1R4OFNHZnl1NUVVREFoRG9kcjl4Z0hsSGpqdVNCOENIeHFlcGZzZ3V2a0Z0ZTZDLVZaS3dkblZqNzRKcXlDejhjYS05emdycDRkYVB1V3ZEWVVwNVk5RFRWcXE0bXJVbmNfQUk?oc=5\" target=\"_blank\" rel=\"nofollow noopener\">\u00ab\u00a0\u00c7a m&rsquo;\u00e9puise\u00a0\u00bb : Lio an\u00e9antie par la mort de son fils Diego, cette d\u00e9cision radicale qu&rsquo;elle a envisag\u00e9e (ZAPTV)<\/a>&nbsp;&nbsp;Voici<\/p>\n","protected":false},"excerpt":{"rendered":"Lio est d\u00e9cid\u00e9e : 18 mois apr\u00e8s la perte de son fils Diego, la chanteuse a pris sa&hellip;\n","protected":false},"author":2,"featured_media":238195,"comment_status":"","ping_status":"","sticky":false,"template":"","format":"standard","meta":{"footnotes":"","_share_on_mastodon":"0"},"categories":[98],"tags":[12,13,18,17,96,95,107,108],"class_list":["post-238194","post","type-post","status-publish","format-standard","has-post-thumbnail","category-musique","tag-be","tag-be-fr","tag-belgique","tag-belgium","tag-divertissement","tag-entertainment","tag-music","tag-musique"],"share_on_mastodon":{"url":"https:\/\/pubeurope.com\/@be_fr\/117208988143955283","error":""},"_links":{"self":[{"href":"https:\/\/www.europesays.com\/be-fr\/wp-json\/wp\/v2\/posts\/238194","targetHints":{"allow":["GET"]}}],"collection":[{"href":"https:\/\/www.europesays.com\/be-fr\/wp-json\/wp\/v2\/posts"}],"about":[{"href":"https:\/\/www.europesays.com\/be-fr\/wp-json\/wp\/v2\/types\/post"}],"author":[{"embeddable":true,"href":"https:\/\/www.europesays.com\/be-fr\/wp-json\/wp\/v2\/users\/2"}],"replies":[{"embeddable":true,"href":"https:\/\/www.europesays.com\/be-fr\/wp-json\/wp\/v2\/comments?post=238194"}],"version-history":[{"count":0,"href":"https:\/\/www.europesays.com\/be-fr\/wp-json\/wp\/v2\/posts\/238194\/revisions"}],"wp:featuredmedia":[{"embeddable":true,"href":"https:\/\/www.europesays.com\/be-fr\/wp-json\/wp\/v2\/media\/238195"}],"wp:attachment":[{"href":"https:\/\/www.europesays.com\/be-fr\/wp-json\/wp\/v2\/media?parent=238194"}],"wp:term":[{"taxonomy":"category","embeddable":true,"href":"https:\/\/www.europesays.com\/be-fr\/wp-json\/wp\/v2\/categories?post=238194"},{"taxonomy":"post_tag","embeddable":true,"href":"https:\/\/www.europesays.com\/be-fr\/wp-json\/wp\/v2\/tags?post=238194"}],"curies":[{"name":"wp","href":"https:\/\/api.w.org\/{rel}","templated":true}]}}