{"id":238196,"date":"2026-09-03T20:26:37","date_gmt":"2026-09-03T20:26:37","guid":{"rendered":"https:\/\/www.europesays.com\/be-fr\/238196\/"},"modified":"2026-09-03T20:26:37","modified_gmt":"2026-09-03T20:26:37","slug":"blue-heron-sophy-romvari-revient-de-facon-brillante-sur-un-traumatisme-familial","status":"publish","type":"post","link":"https:\/\/www.europesays.com\/be-fr\/238196\/","title":{"rendered":"\u00ab\u00a0Blue Heron\u00a0\u00bb : Sophy Romvari revient de fa\u00e7on brillante sur un traumatisme familial"},"content":{"rendered":"<p class=\"ap-StoryElement ap-StoryElement--mb ap-StoryText\">Sasha (Eylul Guven), huit ans, grandit dans une famille unie, dont les parents (Iring\u00f3 R\u00e9ti et \u00c1d\u00e1m Tompa) ont \u00e9migr\u00e9 de Hongrie. C&rsquo;est l&rsquo;\u00e9t\u00e9, il fait beau. Mais le mal-\u00eatre de son grand fr\u00e8re Jeremy (Edik Beddoes) ne cesse de grandir, celui-ci pr\u00e9sentant des comportements autodestructeurs de plus en plus inqui\u00e9tants\u2026<\/p>\n<p>Portrait \u00e9clat\u00e9<\/p>\n<p class=\"ap-StoryElement ap-StoryElement--mb ap-StoryText\">S&rsquo;inspirant de ses propres souvenirs, forc\u00e9ment partiels et tronqu\u00e9s, Sophy Romvari con\u00e7oit Blue Heron comme un espace de r\u00e9flexion sur la m\u00e9moire. Gr\u00e2ce \u00e0 une tr\u00e8s belle photographie r\u00e9tro, la cin\u00e9aste nous plonge dans une atmosph\u00e8re nostalgique douce-am\u00e8re. L&rsquo;enfance rimant ici avec insouciance, mais aussi avec tensions, climat d&rsquo;angoisse sourde.<\/p>\n<p class=\"ap-StoryElement ap-StoryElement--mb ap-StoryText\">Mais l\u00e0 o\u00f9 Blue Heron se d\u00e9marque, c&rsquo;est par le tournant qu&rsquo;il prend dans sa seconde partie, mettant en sc\u00e8ne Sacha devenue r\u00e9alisatrice s&rsquo;int\u00e9ressant au destin tragique de son fr\u00e8re. D\u00e9passant la simple mise en ab\u00eeme de son propre travail sur la m\u00e9moire familiale, Sophy Romvari ose un pari audacieux, assez brillant, mais aussi d\u00e9stabilisateur pour le spectateur. La cin\u00e9aste quitte le naturalisme strict pour aller vers autre chose. Vers une m\u00e9taphore purement cin\u00e9matographique du fonctionnement de la m\u00e9moire, o\u00f9 pass\u00e9 et pr\u00e9sent sont intrins\u00e8quement li\u00e9s.<\/p>\n<p><img loading=\"lazy\" decoding=\"async\" class=\"w-full lazyload lazyload--opacity object-contain\" style=\"aspect-ratio:167 \/ 100;opacity:1\" alt=\"&quot;Blue heron&quot;, premier film, d\u00e9licat, de la Canadienne Sophy Romvari. Avec Eylul Guven, Amy Zimmer, \u00c1d\u00e1m Tompa, Iring\u00f3 R\u00e9ti\u2026\" width=\"768\" height=\"461\" fetchpriority=\"auto\" src=\"https:\/\/www.europesays.com\/be-fr\/wp-content\/uploads\/2026\/09\/1788467195_391_S5VKD3X55FFF3BW6V4SEHXNP7I.png\"  data- data-optimumx=\"1\"\/><img loading=\"lazy\" decoding=\"async\" src=\"https:\/\/www.europesays.com\/be-fr\/wp-content\/uploads\/2026\/09\/RZBPH2DNA5GTBHWJSCJY7IVW5E.jpg\" width=\"768\" height=\"461\" alt=\"\" blue=\"\" heron=\"\" premier=\"\" film=\"\" d=\"\" de=\"\" la=\"\" canadienne=\"\" sophy=\"\" romvari.=\"\" avec=\"\" eylul=\"\" guven=\"\" amy=\"\" zimmer=\"\" tompa=\"\" iring=\"\" r=\"\" class=\"absolute inset-0 w-full\"\/>Sasha (Eylul Guven) grandit dans une famille d&rsquo;origine hongroise a priori heureuse&#8230; \u00a9Cherry Pickers<img loading=\"lazy\" decoding=\"async\" class=\"w-full lazyload lazyload--opacity object-contain\" style=\"aspect-ratio:70 \/ 100;opacity:1\" alt=\"&quot;Blue heron&quot;, premier film, d\u00e9licat, de la Canadienne Sophy Romvari. Avec Eylul Guven, Amy Zimmer, \u00c1d\u00e1m Tompa, Iring\u00f3 R\u00e9ti\u2026\" width=\"768\" height=\"1093\" fetchpriority=\"auto\" src=\"https:\/\/www.europesays.com\/be-fr\/wp-content\/uploads\/2026\/09\/1788467195_391_S5VKD3X55FFF3BW6V4SEHXNP7I.png\"  data- data-optimumx=\"1\"\/><img loading=\"lazy\" decoding=\"async\" src=\"https:\/\/www.europesays.com\/be-fr\/wp-content\/uploads\/2026\/09\/W27KSSGBGNB4BNEOPCDBJXFHCM.jpg\" width=\"768\" height=\"1093\" alt=\"\" blue=\"\" heron=\"\" premier=\"\" film=\"\" d=\"\" de=\"\" la=\"\" canadienne=\"\" sophy=\"\" romvari.=\"\" avec=\"\" eylul=\"\" guven=\"\" amy=\"\" zimmer=\"\" tompa=\"\" iring=\"\" r=\"\" class=\"absolute inset-0 w-full\"\/> \u00a9Cherry PickersBlue heron<\/p>\n<p class=\"ap-StoryElement ap-StoryElement--mb ap-StoryText\">Drame Sc\u00e9nario et r\u00e9alisation Sophy Romvari Photographie Maya Bankovic Montage Kurt Walker Avec Eylul Guven, Amy Zimmer, \u00c1d\u00e1m Tompa, Iring\u00f3 R\u00e9ti\u2026 Dur\u00e9e 1h30<\/p>\n","protected":false},"excerpt":{"rendered":"Sasha (Eylul Guven), huit ans, grandit dans une famille unie, dont les parents (Iring\u00f3 R\u00e9ti et \u00c1d\u00e1m Tompa)&hellip;\n","protected":false},"author":2,"featured_media":238197,"comment_status":"","ping_status":"","sticky":false,"template":"","format":"standard","meta":{"footnotes":"","_share_on_mastodon":"0"},"categories":[97],"tags":[961,12,13,18,17,38,96,95,106,1424,962,4717,1426,964,966,967,968,105,969,1430,104,491,9470,4718,4720],"class_list":["post-238196","post","type-post","status-publish","format-standard","has-post-thumbnail","category-films","tag-adult","tag-be","tag-be-fr","tag-belgique","tag-belgium","tag-business","tag-divertissement","tag-entertainment","tag-films","tag-formal-wear","tag-front-view","tag-gray-hair","tag-headshot","tag-indoors","tag-looking-at-camera","tag-mature-adult","tag-men","tag-movies","tag-one-person","tag-person","tag-politics","tag-portrait","tag-security","tag-senior-adult","tag-serious"],"share_on_mastodon":{"url":"https:\/\/pubeurope.com\/@be_fr\/117208992860847427","error":""},"_links":{"self":[{"href":"https:\/\/www.europesays.com\/be-fr\/wp-json\/wp\/v2\/posts\/238196","targetHints":{"allow":["GET"]}}],"collection":[{"href":"https:\/\/www.europesays.com\/be-fr\/wp-json\/wp\/v2\/posts"}],"about":[{"href":"https:\/\/www.europesays.com\/be-fr\/wp-json\/wp\/v2\/types\/post"}],"author":[{"embeddable":true,"href":"https:\/\/www.europesays.com\/be-fr\/wp-json\/wp\/v2\/users\/2"}],"replies":[{"embeddable":true,"href":"https:\/\/www.europesays.com\/be-fr\/wp-json\/wp\/v2\/comments?post=238196"}],"version-history":[{"count":0,"href":"https:\/\/www.europesays.com\/be-fr\/wp-json\/wp\/v2\/posts\/238196\/revisions"}],"wp:featuredmedia":[{"embeddable":true,"href":"https:\/\/www.europesays.com\/be-fr\/wp-json\/wp\/v2\/media\/238197"}],"wp:attachment":[{"href":"https:\/\/www.europesays.com\/be-fr\/wp-json\/wp\/v2\/media?parent=238196"}],"wp:term":[{"taxonomy":"category","embeddable":true,"href":"https:\/\/www.europesays.com\/be-fr\/wp-json\/wp\/v2\/categories?post=238196"},{"taxonomy":"post_tag","embeddable":true,"href":"https:\/\/www.europesays.com\/be-fr\/wp-json\/wp\/v2\/tags?post=238196"}],"curies":[{"name":"wp","href":"https:\/\/api.w.org\/{rel}","templated":true}]}}