{"id":238212,"date":"2026-09-03T20:37:19","date_gmt":"2026-09-03T20:37:19","guid":{"rendered":"https:\/\/www.europesays.com\/be-fr\/238212\/"},"modified":"2026-09-03T20:37:19","modified_gmt":"2026-09-03T20:37:19","slug":"je-nosais-pas-me-lancer-en-ille-et-vilaine-elle-quitte-les-ressources-humaines-pour-devenir-photographe","status":"publish","type":"post","link":"https:\/\/www.europesays.com\/be-fr\/238212\/","title":{"rendered":"\u00ab Je n\u2019osais pas me lancer \u00bb : en Ille-et-Vilaine, elle quitte les ressources humaines pour devenir photographe"},"content":{"rendered":"<p>                    Par<\/p>\n<p>            <a href=\"https:\/\/actu.fr\/auteur\/redaction-jv\" title=\"Consulter tous les articles de R\u00e9daction Vitr\u00e9\" rel=\"nofollow noopener\" target=\"_blank\">R\u00e9daction Vitr\u00e9<\/a><\/p>\n<p>        Publi\u00e9 le<\/p>\n<p>            3 sept. 2026 \u00e0 12h24        <\/p>\n<p>Apr\u00e8s plusieurs ann\u00e9es pass\u00e9es dans les ressources humaines, Marine Vannier a choisi de changer de vie. Install\u00e9e \u00e0 \u00c9trelles (Ille-et-Vilaine) depuis 2022, la jeune femme de 28\u00a0ans vient de cr\u00e9er son entreprise de photographie sous le nom <a href=\"https:\/\/laphotographiebymarine.fr\/\" rel=\"nofollow noopener\" target=\"_blank\">La photographie by Marine<\/a>. Un projet m\u00fbri de longue date, concr\u00e9tis\u00e9 \u00e0 la suite de son cong\u00e9 maternit\u00e9.<\/p>\n<p class=\" wall-content\">\u00ab\u2009Cela faisait pr\u00e8s de deux ans que j\u2019y pensais, mais je n\u2019osais pas me lancer, confie-t-elle. Finalement, j\u2019avais plus peur de regretter de ne jamais avoir essay\u00e9 que de voir le projet ne pas fonctionner.\u2009\u00bb<\/p>\n<p>Une passion devenue vocation<\/p>\n<p class=\" wall-content\">Si Marine a toujours aim\u00e9 prendre des photos de ses proches, c\u2019est \u00e0 l\u2019occasion de moments importants de sa vie que son envie de devenir photographe s\u2019est r\u00e9ellement affirm\u00e9e.<\/p>\n<p class=\" wall-content\">\u00ab\u2009Lors de mon mariage, puis pendant ma grossesse, j\u2019ai v\u00e9cu de tr\u00e8s belles exp\u00e9riences avec les photographes qui nous accompagnaient. Cela m\u2019a donn\u00e9 envie, \u00e0 mon tour, de cr\u00e9er ces souvenirs pour d\u2019autres personnes.\u2009\u00bb<\/p>\n<p class=\" wall-content\">Pour transformer cette passion en v\u00e9ritable m\u00e9tier, elle a suivi une formation professionnelle \u00e0 distance de soixante heures aupr\u00e8s d\u2019un organisme parisien. Au programme\u2009: techniques de prise de vue, retouche photo, ma\u00eetrise des logiciels sp\u00e9cialis\u00e9s, mais aussi douze heures de tutorat individuel avec un photographe professionnel.<\/p>\n<p>Vid\u00e9os : en ce moment sur Actu<\/p>\n<p class=\" wall-content\">\u00ab\u2009Les \u00e9changes ont \u00e9t\u00e9 tr\u00e8s enrichissants. Nous avons beaucoup travaill\u00e9 sur la relation avec les clients, la fa\u00e7on de les mettre \u00e0 l\u2019aise et de cr\u00e9er un climat de confiance. C\u2019est un aspect essentiel de ce m\u00e9tier.\u2009\u00bb<\/p>\n<p>Une nouvelle aventure entrepreneuriale<\/p>\n<p class=\" wall-content\">Elle a lanc\u00e9 son activit\u00e9 en mai\u00a02026. \u00ab\u2009Les retours sont tr\u00e8s positifs et, comme les demandes sont encore peu nombreuses, je peux consacrer beaucoup de temps au traitement des images.\u2009\u00bb<\/p>\n<p class=\" wall-content\">Les premiers clients sont principalement des familles, des couples ou des proches, mais son activit\u00e9 commence d\u00e9j\u00e0 \u00e0 se d\u00e9velopper gr\u00e2ce au bouche-\u00e0-oreille, aux r\u00e9seaux sociaux et m\u00eame \u00e0 l\u2019intelligence artificielle.<\/p>\n<p class=\" wall-content\">\u00ab\u2009Deux clients m\u2019ont trouv\u00e9e gr\u00e2ce \u00e0 ChatGPT et une autre personne apr\u00e8s avoir d\u00e9couvert mon travail sur Facebook\u2009\u00bb, sourit-elle.<\/p>\n<p class=\" wall-content\">Elle a r\u00e9alis\u00e9 son premier mariage en tant que photographe professionnelle le 11\u00a0juillet.<\/p>\n<p>S\u2019adapter \u00e0 chaque histoire<\/p>\n<p class=\" wall-content\">Pour l\u2019instant, Marine souhaite rester ouverte \u00e0 tous types de prestations\u2009: portraits, familles, couples, grossesses, \u00e9v\u00e9nements priv\u00e9s ou professionnels, entreprises, CSE\u2026<\/p>\n<p class=\" wall-content\">\u00c0 terme, elle aimerait toutefois faire du mariage et de la photographie de grossesse ses sp\u00e9cialit\u00e9s. Son approche repose avant tout sur l\u2019\u00e9coute et la personnalisation.<\/p>\n<p class=\" wall-content\">\u00ab\u2009J\u2019aime m\u2019adapter \u00e0 l\u2019univers de chaque personne. Que ce soit un style lifestyle, \u00e9l\u00e9gant ou plus intimiste, chaque s\u00e9ance doit ressembler \u00e0 ceux qui sont devant l\u2019objectif.\u2009\u00bb<\/p>\n<p class=\" wall-content\">Les s\u00e9ances se d\u00e9roulent principalement en ext\u00e9rieur ou directement au domicile des clients, dans un rayon d\u2019une cinquantaine de kilom\u00e8tres autour d\u2019\u00c9trelles.<\/p>\n<p>Cr\u00e9er une relation de confiance<\/p>\n<p class=\" wall-content\">Au-del\u00e0 de l\u2019aspect technique, c\u2019est la rencontre avec les personnes qu\u2019elle appr\u00e9cie le plus. \u00ab\u2009Beaucoup de gens arrivent en \u00e9tant un peu stress\u00e9s ou intimid\u00e9s. Mon r\u00f4le est de les rassurer pour qu\u2019ils oublient l\u2019appareil photo et restent eux-m\u00eames.\u2009\u00bb<\/p>\n<p class=\" wall-content\">Son ancienne exp\u00e9rience dans les ressources humaines lui est d\u2019ailleurs pr\u00e9cieuse.<\/p>\n<p class=\" wall-content\">\u00ab\u2009Le relationnel fait vraiment partie de mon m\u00e9tier aujourd\u2019hui. Il faut savoir \u00e9couter, mettre en confiance et cr\u00e9er une relation bienveillante.\u2009\u00bb<\/p>\n<p class=\" wall-content\">Attach\u00e9e \u00e0 son territoire, Marine souhaite d\u00e9velopper son activit\u00e9 aupr\u00e8s des habitants, des associations et des entreprises locales.<\/p>\n<p class=\" wall-content\">En plus de son site internet, il est d\u00e9j\u00e0 possible de d\u00e9couvrir son univers sur Facebook et Instagram sous le nom La photographie by Marine.<\/p>\n<p class=\" wall-content\">\u00ab\u2009J\u2019ai envie d\u2019accompagner les habitants dans tous leurs moments de vie. Chaque s\u00e9ance raconte une histoire diff\u00e9rente, et c\u2019est ce qui rend ce m\u00e9tier aussi passionnant.\u2009\u00bb<\/p>\n<p class=\" wall-content\">Personnalisez votre actualit\u00e9 en ajoutant vos villes et m\u00e9dias en favori avec <a href=\"https:\/\/moncompte.actu.fr\" title=\"D\u00e9couvez Mon Actu\" rel=\"nofollow noopener\" data-trk=\"{&quot;cta&quot;:{&quot;action&quot;:&quot;https:\\\/\\\/moncompte.actu.fr&quot;,&quot;category&quot;:&quot;mon compte&quot;,&quot;from&quot;:&quot;article footer&quot;,&quot;name&quot;:&quot;Mon actu&quot;,&quot;type&quot;:&quot;cta&quot;}}\" target=\"_blank\">Mon Actu<\/a>.<\/p>\n","protected":false},"excerpt":{"rendered":"Par R\u00e9daction Vitr\u00e9 Publi\u00e9 le 3 sept. 2026 \u00e0 12h24 Apr\u00e8s plusieurs ann\u00e9es pass\u00e9es dans les ressources humaines,&hellip;\n","protected":false},"author":2,"featured_media":238213,"comment_status":"","ping_status":"","sticky":false,"template":"","format":"standard","meta":{"footnotes":"","_share_on_mastodon":"0"},"categories":[101],"tags":[126,124,125,12,13,18,17,27704,127,96,95,2303,476],"class_list":["post-238212","post","type-post","status-publish","format-standard","has-post-thumbnail","category-arts-et-design","tag-arts","tag-arts-and-design","tag-arts-et-design","tag-be","tag-be-fr","tag-belgique","tag-belgium","tag-creation-dentreprise","tag-design","tag-divertissement","tag-entertainment","tag-photographie","tag-societe"],"share_on_mastodon":{"url":"https:\/\/pubeurope.com\/@be_fr\/117209035349057227","error":""},"_links":{"self":[{"href":"https:\/\/www.europesays.com\/be-fr\/wp-json\/wp\/v2\/posts\/238212","targetHints":{"allow":["GET"]}}],"collection":[{"href":"https:\/\/www.europesays.com\/be-fr\/wp-json\/wp\/v2\/posts"}],"about":[{"href":"https:\/\/www.europesays.com\/be-fr\/wp-json\/wp\/v2\/types\/post"}],"author":[{"embeddable":true,"href":"https:\/\/www.europesays.com\/be-fr\/wp-json\/wp\/v2\/users\/2"}],"replies":[{"embeddable":true,"href":"https:\/\/www.europesays.com\/be-fr\/wp-json\/wp\/v2\/comments?post=238212"}],"version-history":[{"count":0,"href":"https:\/\/www.europesays.com\/be-fr\/wp-json\/wp\/v2\/posts\/238212\/revisions"}],"wp:featuredmedia":[{"embeddable":true,"href":"https:\/\/www.europesays.com\/be-fr\/wp-json\/wp\/v2\/media\/238213"}],"wp:attachment":[{"href":"https:\/\/www.europesays.com\/be-fr\/wp-json\/wp\/v2\/media?parent=238212"}],"wp:term":[{"taxonomy":"category","embeddable":true,"href":"https:\/\/www.europesays.com\/be-fr\/wp-json\/wp\/v2\/categories?post=238212"},{"taxonomy":"post_tag","embeddable":true,"href":"https:\/\/www.europesays.com\/be-fr\/wp-json\/wp\/v2\/tags?post=238212"}],"curies":[{"name":"wp","href":"https:\/\/api.w.org\/{rel}","templated":true}]}}