{"id":238222,"date":"2026-09-03T20:43:11","date_gmt":"2026-09-03T20:43:11","guid":{"rendered":"https:\/\/www.europesays.com\/be-fr\/238222\/"},"modified":"2026-09-03T20:43:11","modified_gmt":"2026-09-03T20:43:11","slug":"je-suis-face-a-un-dilemme-ce-fan-chinois-pensait-avoir-trouve-ladresse-de-thibaut-courtois-mais-voici-ce-que-notre-collegue-journaliste-qui-porte-exactement-l","status":"publish","type":"post","link":"https:\/\/www.europesays.com\/be-fr\/238222\/","title":{"rendered":"\u00ab\u00a0Je suis face \u00e0 un dilemme\u00a0\u00bb\u00a0: ce fan chinois pensait avoir trouv\u00e9 l\u2019adresse de Thibaut Courtois, mais voici ce que notre coll\u00e8gue journaliste, qui porte exactement les m\u00eames nom et pr\u00e9nom, a re\u00e7u chez lui \u00e0 Profondeville\u2026 (vid\u00e9o)"},"content":{"rendered":"<p>  \tVoici la traduction de sa lettre, dat\u00e9e du 17 juillet 2026<\/p>\n<p>Cher Thibaut Courtois,<\/p>\n<p>Bonjour, et merci de consacrer un peu de votre pr\u00e9cieux temps \u00e0 la lecture de cette lettre.<\/p>\n<p>Je suis l\u2019un de vos fans en Chine. Je vous \u00e9cris en tant qu\u2019admirateur de votre talent exceptionnel afin de vous exprimer toute ma reconnaissance pour cette nouvelle saison remarquable avec le Real Madrid, ainsi que tout mon soutien apr\u00e8s la d\u00e9ception v\u00e9cue lors de la Coupe du monde.<\/p>\n<p>La saison 2025-2026 a une nouvelle fois d\u00e9montr\u00e9 toute l\u2019\u00e9tendue de vos qualit\u00e9s. En 45 apparitions toutes comp\u00e9titions confondues, vous n\u2019avez encaiss\u00e9 que 43 buts et avez r\u00e9alis\u00e9 17 clean sheets \u2013 une performance remarquable qui confirme votre statut parmi les meilleurs gardiens du monde. Rien qu\u2019en Liga, vous avez disput\u00e9 32 rencontres, toutes comme titulaire, pour plus de 2 800 minutes de jeu, constituant un v\u00e9ritable pilier de r\u00e9gularit\u00e9 pour une \u00e9quipe du Real Madrid qui a termin\u00e9 deuxi\u00e8me du championnat avec 86 points. Vos arr\u00eats ont \u00e9t\u00e9 essentiels pour permettre au Real de rester comp\u00e9titif tout au long d\u2019une saison difficile, et vous \u00eates rest\u00e9 l\u2019un des joueurs les plus importants de l\u2019\u00e9quipe, obtenant une note de 7,5\/10 en fin de saison.<\/p>\n<p>La Coupe du monde, en revanche, a \u00e9t\u00e9 faite \u00e0 la fois de moments brillants et de d\u00e9ceptions. Vous avez \u00e9t\u00e9 immense avec la Belgique tout au long du tournoi \u2013 r\u00e9alisant des arr\u00eats d\u00e9cisifs contre le S\u00e9n\u00e9gal pour permettre \u00e0 l\u2019\u00e9quipe de d\u00e9crocher une victoire apr\u00e8s avoir \u00e9t\u00e9 men\u00e9e, gardant votre cage inviol\u00e9e contre l\u2019Iran, et participant aux larges victoires contre la Nouvelle-Z\u00e9lande et les \u00c9tats-Unis. En quart de finale face \u00e0 l\u2019Espagne, vous avez effectu\u00e9 plusieurs arr\u00eats exceptionnels, mettant notamment en \u00e9chec Lamine Yamal et Mikel Oyarzabal. Puis, \u00e0 la 70e minute, une blessure \u00e0 la cuisse vous a contraint \u00e0 quitter le terrain. Vous voir sortir en larmes, en prenant votre entra\u00eeneur dans vos bras, a \u00e9t\u00e9 un moment qui a \u00e9mu tous ceux qui regardaient le match. Une erreur de votre rempla\u00e7ant a ensuite permis \u00e0 l\u2019Espagne d\u2019inscrire le but de la victoire \u00e0 la 88e minute, et la g\u00e9n\u00e9ration dor\u00e9e belge a \u00e9t\u00e9 \u00e9limin\u00e9e de la mani\u00e8re la plus cruelle qui soit. Je sais que cette d\u00e9ception doit encore \u00eatre pr\u00e9sente, mais sachez que vous avez repr\u00e9sent\u00e9 votre pays avec une immense fiert\u00e9 et que vous vous \u00eates battu jusqu\u2019au bout.<\/p>\n<p>\u00c0 pr\u00e9sent, alors que l\u2019\u00e9t\u00e9 arrive et que vous vous pr\u00e9parez pour la nouvelle saison, j\u2019ai \u00e9t\u00e9 soulag\u00e9 d\u2019apprendre que les examens avaient confirm\u00e9 qu\u2019il n\u2019y avait pas de l\u00e9sion grave au quadriceps. Vous rejoindrez normalement vos co\u00e9quipiers du Real Madrid pour la pr\u00e9paration d\u2019avant-saison, pr\u00eat \u00e0 poursuivre votre remarquable carri\u00e8re au Bernab\u00e9u. Je vous souhaite de merveilleuses vacances, reposantes \u2013 vous les avez largement m\u00e9rit\u00e9es. Apr\u00e8s cette pause indispensable, j\u2019ai d\u00e9j\u00e0 h\u00e2te de vous revoir dans les buts, plus en forme et plus aff\u00fbt\u00e9 que jamais, pr\u00eat \u00e0 mener le Real Madrid lors de la saison 2026-2027. Votre parcours est suivi avec une sinc\u00e8re admiration.<\/p>\n<p>Enfin, j\u2019aurais une petite demande\u00a0: pourriez-vous, s\u2019il vous pla\u00eet, signer les photos afin que je puisse les conserver pr\u00e9cieusement\u00a0? Je vous en serais vraiment reconnaissant. Merci beaucoup et je vous souhaite tout le meilleur.<\/p>\n<p>Cordialement,<\/p>\n","protected":false},"excerpt":{"rendered":"Voici la traduction de sa lettre, dat\u00e9e du 17 juillet 2026 Cher Thibaut Courtois, Bonjour, et merci de&hellip;\n","protected":false},"author":2,"featured_media":238223,"comment_status":"","ping_status":"","sticky":false,"template":"","format":"standard","meta":{"footnotes":"","_share_on_mastodon":"0"},"categories":[81],"tags":[2596,16110,6958,12,13,18,17,22744,24143,14106,73956,73957,2709,26713,1722,17256,5947,1605,9286,34258,84,14117,18065,139,4202],"class_list":["post-238222","post","type-post","status-publish","format-standard","has-post-thumbnail","category-sports","tag-je","tag-adresse","tag-avoir","tag-be","tag-be-fr","tag-belgique","tag-belgium","tag-chinois","tag-collegue","tag-courtois","tag-dilemme","tag-exactement","tag-journaliste","tag-memes","tag-notre","tag-pensait","tag-porte","tag-prenom","tag-profondeville","tag-recu","tag-sports","tag-thibaut","tag-trouve","tag-video","tag-voici"],"share_on_mastodon":{"url":"https:\/\/pubeurope.com\/@be_fr\/117209059041893360","error":""},"_links":{"self":[{"href":"https:\/\/www.europesays.com\/be-fr\/wp-json\/wp\/v2\/posts\/238222","targetHints":{"allow":["GET"]}}],"collection":[{"href":"https:\/\/www.europesays.com\/be-fr\/wp-json\/wp\/v2\/posts"}],"about":[{"href":"https:\/\/www.europesays.com\/be-fr\/wp-json\/wp\/v2\/types\/post"}],"author":[{"embeddable":true,"href":"https:\/\/www.europesays.com\/be-fr\/wp-json\/wp\/v2\/users\/2"}],"replies":[{"embeddable":true,"href":"https:\/\/www.europesays.com\/be-fr\/wp-json\/wp\/v2\/comments?post=238222"}],"version-history":[{"count":0,"href":"https:\/\/www.europesays.com\/be-fr\/wp-json\/wp\/v2\/posts\/238222\/revisions"}],"wp:featuredmedia":[{"embeddable":true,"href":"https:\/\/www.europesays.com\/be-fr\/wp-json\/wp\/v2\/media\/238223"}],"wp:attachment":[{"href":"https:\/\/www.europesays.com\/be-fr\/wp-json\/wp\/v2\/media?parent=238222"}],"wp:term":[{"taxonomy":"category","embeddable":true,"href":"https:\/\/www.europesays.com\/be-fr\/wp-json\/wp\/v2\/categories?post=238222"},{"taxonomy":"post_tag","embeddable":true,"href":"https:\/\/www.europesays.com\/be-fr\/wp-json\/wp\/v2\/tags?post=238222"}],"curies":[{"name":"wp","href":"https:\/\/api.w.org\/{rel}","templated":true}]}}