{"id":238248,"date":"2026-09-03T20:59:23","date_gmt":"2026-09-03T20:59:23","guid":{"rendered":"https:\/\/www.europesays.com\/be-fr\/238248\/"},"modified":"2026-09-03T20:59:23","modified_gmt":"2026-09-03T20:59:23","slug":"el-nino-2024-2027-quel-impact-sur-la-meteo-en-belgique","status":"publish","type":"post","link":"https:\/\/www.europesays.com\/be-fr\/238248\/","title":{"rendered":"El Ni\u00f1o 2024-2027\u00a0: quel impact sur la m\u00e9t\u00e9o en Belgique\u00a0?"},"content":{"rendered":"<p>  <img decoding=\"async\" class=\"r-img lazyloaded\" src=\"https:\/\/www.europesays.com\/be-fr\/wp-content\/uploads\/2026\/09\/1788469162_234_duynstee.jpg\" alt=\"Julie Duynstee\"\/><\/p>\n<p>Par <a href=\"https:\/\/www.rtl.be\/345311\/dpi-authors\/julie-duynstee\" rel=\"nofollow noopener\" target=\"_blank\">Julie Duynstee<\/a><\/p>\n<p>\tPubli\u00e9 le 03 septembre \u00e0 21h04\n<\/p>\n<p>  <a href=\"https:\/\/www.google.com\/preferences\/source?q=rtl%20info\" class=\"r-link--google-favorites\" role=\"button\">Ajoutez-nous \u00e0 vos favoris Google<\/a><br \/>\n\tEn plus du changement climatique, le ph\u00e9nom\u00e8ne El Ni\u00f1o s\u2019installe durablement. Et il devrait encore se renforcer dans les prochains mois, pr\u00e9vient l\u2019Organisation m\u00e9t\u00e9orologique mondiale. Un ph\u00e9nom\u00e8ne intense qui risque d\u2019avoir des r\u00e9percussions importantes sur la m\u00e9t\u00e9o\u00a0: pr\u00e9cipitations intenses, risques d\u2019inondation, s\u00e9cheresses et chaleurs extr\u00eames. \u00c0 quoi faut-il s\u2019attendre pour la Belgique\u00a0? \u00c9l\u00e9ments de r\u00e9ponse avec Vincent Jamoulle et David Muller.<\/p>\n<p>&#13;<br \/>\n&#13;<\/p>\n<p>Le ph\u00e9nom\u00e8ne naturel El Ni\u00f1o revient tous les deux \u00e0 sept ans. Sur l\u2019oc\u00e9an Pacifique, le vent soufflant d\u2019habitude de l\u2019Am\u00e9rique du Sud vers l\u2019Australie s\u2019inverse. Ce qui bouscule compl\u00e8tement la temp\u00e9rature de l\u2019eau en surface. \u00ab\u00a0Le vent change de sens, il va de l\u2019Australie vers l\u2019Am\u00e9rique du Sud, du coup il pleut ici, il fait sec l\u00e0-bas. Et en allant par l\u00e0, il emp\u00eache l\u2019eau froide de remonter et du coup on a cette anomalie chaude en surface de l\u2019oc\u00e9an\u00a0\u00bb, explique Xavier Fettweis, climatologue \u00e0 l\u2019universit\u00e9 de Li\u00e8ge.<\/p>\n<p>Un pic fin de l\u2019ann\u00e9e 2026<\/p>\n<p>El Ni\u00f1o devrait produire son effet jusqu\u2019en f\u00e9vrier 2027 avec un pic fin de cette ann\u00e9e. Son intensit\u00e9 devrait \u00eatre tr\u00e8s forte, surtout dans l\u2019h\u00e9misph\u00e8re sud. \u00ab\u00a0Dans certaines r\u00e9gions, nous devrions observer de fortes pluies et des inondations. Dans d\u2019autres, des s\u00e9cheresses. Dans d\u2019autres encore, une augmentation ou une diminution des vagues de chaleur extr\u00eame ou de l\u2019activit\u00e9 cyclonique tropicale\u00a0\u00bb, indique C\u00e9leste Saulo, secr\u00e9taire g\u00e9n\u00e9rale de l\u2019Organisation m\u00e9t\u00e9orologique mondiale.<\/p>\n<p>&#13;<br \/>\n&#13;<\/p>\n<p>&#13;<br \/>\n&#13;<\/p>\n<p>\n  &#13;<br \/>\n  \u00c0 lire aussi&#13;<br \/>\n  &#13;<\/p>\n<p>  <img decoding=\"async\" data-copyright=\"RTL info\" class=\"r-img\"  typeof=\"foaf:Image\" src=\"https:\/\/www.europesays.com\/be-fr\/wp-content\/uploads\/2026\/09\/99982573.jpeg\" alt=\"Doroth\u00e9e Klein, pr\u00e9sidente de la f\u00e9d\u00e9ration des CPAS de Wallonie.\"\/><br \/>\n        <a class=\"r-stories--link\" href=\"https:\/\/www.rtl.be\/actu\/belgique\/societe\/3000-deces-supplementaires-lies-la-chaleur-cet-ete-la-presidente-des-cpas-de\/2026-09-03\/article\/799151\" rel=\"nofollow noopener\" target=\"_blank\">3.000 d\u00e9c\u00e8s suppl\u00e9mentaires li\u00e9s \u00e0 la chaleur cet \u00e9t\u00e9, la pr\u00e9sidente des CPAS de Wallonie \u00e9voque \u00ab\u00a0un lien avec la qualit\u00e9 du logement\u00a0\u00bb<\/a>&#13;<br \/>\n  &#13;<br \/>\n&#13;\n<\/p>\n<p>El Ni\u00f1o devrait aussi, dans une moindre mesure, influencer l\u2019hiver en Europe, et donc en Belgique. \u00ab\u00a0Chez nous, l\u2019impact en hiver, c\u2019est souvent quand on a El Ni\u00f1o, on a un renforcement de la dynamique atmosph\u00e9rique. Cela veut dire une circulation d\u2019ouest, beaucoup de vent, beaucoup de pr\u00e9cipitations et beaucoup de douceur en hiver\u00a0\u00bb, d\u00e9taille Xavier Fettweis.<\/p>\n<p>Cette tendance est d\u2019autant plus probable que l\u2019Atlantique et la M\u00e9diterran\u00e9e sont en surchauffe apr\u00e8s un \u00e9t\u00e9 caniculaire. \u00c0 l\u2019\u00e9chelle de la plan\u00e8te, El Ni\u00f1o, c\u2019est aussi la promesse d\u2019un r\u00e9chauffement climatique qui s\u2019acc\u00e9l\u00e8re. \u00ab\u00a0L\u2019ann\u00e9e suivante d\u2019un \u00e9v\u00e9nement El Ni\u00f1o, souvent, \u00e7a rehausse la temp\u00e9rature globale partout sur Terre. Et donc ici, en 2027, on pourrait s\u2019attendre \u00e0 observer l\u2019ann\u00e9e la plus chaude jamais enregistr\u00e9e sur Terre\u00a0\u00bb, pr\u00e9voit le climatologue.<\/p>\n<p>\n  &#13;<br \/>\n  \u00c0 lire aussi&#13;<br \/>\n  &#13;<\/p>\n<p>  <img decoding=\"async\" data-copyright=\"Md Arif Babu - stock.adobe.com\" class=\"r-img\"  typeof=\"foaf:Image\" src=\"https:\/\/www.europesays.com\/be-fr\/wp-content\/uploads\/2026\/09\/99610528.jpeg\" alt=\"AdobeStock_2074022019.jpeg\"\/><br \/>\n        <a class=\"r-stories--link\" href=\"https:\/\/www.rtl.be\/actu\/belgique\/meteo\/cest-officiel-lirm-confirme-que-lete-2026-ete-le-plus-chaud-jamais-enregistre-en\/2026-09-01\/article\/798943\" rel=\"nofollow noopener\" target=\"_blank\">C\u2019est officiel\u00a0: l\u2019IRM confirme que l\u2019\u00e9t\u00e9 2026 a \u00e9t\u00e9 \u00ab\u00a0le plus chaud jamais enregistr\u00e9\u00a0\u00bb en Belgique<\/a>&#13;<br \/>\n  &#13;<br \/>\n&#13;\n<\/p>\n<p>R\u00e9sum\u00e9 des pr\u00e9visions, pour l\u2019h\u00e9misph\u00e8re sud\u00a0: chaleur, s\u00e9cheresse, incendie, inondation et cyclone. Pour la Belgique\u00a0: un hiver doux, pluvieux, quasiment pas de neige et un \u00e9t\u00e9 2027 potentiellement encore plus chaud que le pr\u00e9c\u00e9dent.<\/p>\n<p>&#13;<br \/>\n&#13;<\/p>\n<p>&#13;<br \/>\n&#13;<\/p>\n<p><a class=\"r-btn r-btn--tag\" href=\"https:\/\/www.rtl.be\/1966\/free-tags\/rechauffement-climatique\" title=\"r\u00e9chauffement climatique\" rel=\"nofollow noopener\" target=\"_blank\">r\u00e9chauffement climatique<\/a><br \/>\n<a class=\"r-btn r-btn--tag\" href=\"https:\/\/www.rtl.be\/439\/free-tags\/meteo\" title=\"m\u00e9t\u00e9o\" rel=\"nofollow noopener\" target=\"_blank\">m\u00e9t\u00e9o<\/a><\/p>\n","protected":false},"excerpt":{"rendered":"Par Julie Duynstee Publi\u00e9 le 03 septembre \u00e0 21h04 Ajoutez-nous \u00e0 vos favoris Google En plus du changement&hellip;\n","protected":false},"author":2,"featured_media":238249,"comment_status":"","ping_status":"","sticky":false,"template":"","format":"standard","meta":{"footnotes":"","_share_on_mastodon":"0"},"categories":[9],"tags":[12,13,18,17,42895,8410,17165,3096,31,30,73964,55199,21271,32,73965],"class_list":["post-238248","post","type-post","status-publish","format-standard","has-post-thumbnail","category-international","tag-be","tag-be-fr","tag-belgique","tag-belgium","tag-chaleur-extreme","tag-changement-climatique","tag-el-nino","tag-inondations","tag-international","tag-meteo","tag-organisation-meteorologique-mondiale","tag-precipitations","tag-secheresse","tag-world-news","tag-xavier-fettweis"],"share_on_mastodon":{"url":"https:\/\/pubeurope.com\/@be_fr\/117209122184750345","error":""},"_links":{"self":[{"href":"https:\/\/www.europesays.com\/be-fr\/wp-json\/wp\/v2\/posts\/238248","targetHints":{"allow":["GET"]}}],"collection":[{"href":"https:\/\/www.europesays.com\/be-fr\/wp-json\/wp\/v2\/posts"}],"about":[{"href":"https:\/\/www.europesays.com\/be-fr\/wp-json\/wp\/v2\/types\/post"}],"author":[{"embeddable":true,"href":"https:\/\/www.europesays.com\/be-fr\/wp-json\/wp\/v2\/users\/2"}],"replies":[{"embeddable":true,"href":"https:\/\/www.europesays.com\/be-fr\/wp-json\/wp\/v2\/comments?post=238248"}],"version-history":[{"count":0,"href":"https:\/\/www.europesays.com\/be-fr\/wp-json\/wp\/v2\/posts\/238248\/revisions"}],"wp:featuredmedia":[{"embeddable":true,"href":"https:\/\/www.europesays.com\/be-fr\/wp-json\/wp\/v2\/media\/238249"}],"wp:attachment":[{"href":"https:\/\/www.europesays.com\/be-fr\/wp-json\/wp\/v2\/media?parent=238248"}],"wp:term":[{"taxonomy":"category","embeddable":true,"href":"https:\/\/www.europesays.com\/be-fr\/wp-json\/wp\/v2\/categories?post=238248"},{"taxonomy":"post_tag","embeddable":true,"href":"https:\/\/www.europesays.com\/be-fr\/wp-json\/wp\/v2\/tags?post=238248"}],"curies":[{"name":"wp","href":"https:\/\/api.w.org\/{rel}","templated":true}]}}