{"id":238254,"date":"2026-09-03T21:02:17","date_gmt":"2026-09-03T21:02:17","guid":{"rendered":"https:\/\/www.europesays.com\/be-fr\/238254\/"},"modified":"2026-09-03T21:02:17","modified_gmt":"2026-09-03T21:02:17","slug":"nikos-aliagas-a-liege-je-vous-fais-visiter-mon-chateau-mais-pas-celui-de-la-star-academy","status":"publish","type":"post","link":"https:\/\/www.europesays.com\/be-fr\/238254\/","title":{"rendered":"Nikos Aliagas \u00e0 Li\u00e8ge\u00a0: \u00ab\u00a0Je vous fais visiter mon ch\u00e2teau mais pas celui de la Star Academy\u00a0\u00bb"},"content":{"rendered":"<p class=\"ap-StoryElement ap-StoryElement--mb ap-StoryText\">C&rsquo;est au c\u0153ur d&rsquo;un ch\u00e2teau li\u00e9geois class\u00e9, celui de Waroux, que le c\u00e9l\u00e8bre animateur de The Voice et de la Star Academy nous a accueillis pour nous faire d\u00e9couvrir son exposition de photographies intitul\u00e9e L&rsquo;Esprit grec. Un voyage cin\u00e9matographique en noir et blanc, po\u00e9tique et humain sur ses racines grecques.<\/p>\n<p class=\"ap-StoryElement ap-StoryElement--mb ap-StoryText\">\u00ab\u00a0Je vous fais visiter mon ch\u00e2teau mais pas celui de la Star Academy\u00a0\u00bb, plaisante Nikos Aliagas, fils d&rsquo;immigr\u00e9s, \u00e0 propos de son b\u00e9b\u00e9 expos\u00e9 dans les d\u00e9dales de ce magnifique lieu culturel. \u00ab\u00a0Je voulais revenir en Belgique car le public belge est incroyable. La derni\u00e8re fois, c&rsquo;\u00e9tait \u00e0 l&rsquo;abbaye de Villers-la-ville. Il pleuvait des cordes et des centaines de personnes sont venues. Vous \u00eates si chaleureux, vous les Belges !\u00a0\u00bb<\/p>\n<p><a href=\"https:\/\/www.dhnet.be\/lifestyle\/people\/2026\/06\/28\/nikos-aliagas-exposera-bientot-ses-photos-en-belgique-G5U6WRDUWNFIFFZILNLPBGF2T4\/\" target=\"_self\" class=\"ap-StoryInterstitialLink ap-StoryElement ap-StoryElement--mb js-paywall-target\" rel=\"nofollow noopener\">Nikos Aliagas exposera bient\u00f4t ses photos en Belgique<\/a><\/p>\n<p class=\"ap-StoryElement ap-StoryElement--mb ap-StoryText\">Parmi ses \u0153uvres \u00e0 propos desquelles il nous raconte mille anecdotes (comme celle, la larme \u00e0 l&rsquo;\u0153il, sur sa m\u00e8re et la gitane muette), on remarque surtout une main, un visage, un regard ou\u2026 une gu\u00eape sur un bras. L&rsquo;humain et l&rsquo;histoire derri\u00e8re le clich\u00e9. \u00ab\u00a0Des visages dont on ne sait rien mais qui disent tout, explique le pr\u00e9sentateur de 57 ans. En photo, on attend l&rsquo;insaisissable.\u00a0\u00bb<\/p>\n<p class=\"ap-StoryElement ap-StoryElement--mb ap-StoryText\">Infos, T\u00e9l. et r\u00e9servations : 04\/247 73 89 et <a href=\"https:\/\/www.ans-ville.be\/chateau-de-waroux\/evenements\/nikos-aliagas-expose-au-chateau-de-waroux?u=852bafea284a4888a800e6b15830e510\" target=\"_self\" rel=\"nofollow noopener\">www.chateau-waroux.be<\/a>. Interview compl\u00e8te de Nikos Aliagas \u00e0 retrouver ce samedi dans votre DH Week-end.<\/p>\n<p>Pour acc\u00e9der \u00e0 cet article, veuillez vous connecter au r\u00e9seau internet.<\/p>\n","protected":false},"excerpt":{"rendered":"C&rsquo;est au c\u0153ur d&rsquo;un ch\u00e2teau li\u00e9geois class\u00e9, celui de Waroux, que le c\u00e9l\u00e8bre animateur de The Voice et&hellip;\n","protected":false},"author":2,"featured_media":238255,"comment_status":"","ping_status":"","sticky":false,"template":"","format":"standard","meta":{"footnotes":"","_share_on_mastodon":"0"},"categories":[102],"tags":[12,13,18,17,1074,129,128,1076,96,1077,1078,95,1079,1080,482,3914,109,1081,906,1082],"class_list":["post-238254","post","type-post","status-publish","format-standard","has-post-thumbnail","category-people","tag-be","tag-be-fr","tag-belgique","tag-belgium","tag-bruges","tag-celebrities","tag-celebrity","tag-d1","tag-divertissement","tag-division-un","tag-eerste-klasse","tag-entertainment","tag-first-division","tag-foot","tag-football","tag-luik","tag-people","tag-premiere-division","tag-soccer","tag-voetbal"],"share_on_mastodon":{"url":"https:\/\/pubeurope.com\/@be_fr\/117209133735969661","error":""},"_links":{"self":[{"href":"https:\/\/www.europesays.com\/be-fr\/wp-json\/wp\/v2\/posts\/238254","targetHints":{"allow":["GET"]}}],"collection":[{"href":"https:\/\/www.europesays.com\/be-fr\/wp-json\/wp\/v2\/posts"}],"about":[{"href":"https:\/\/www.europesays.com\/be-fr\/wp-json\/wp\/v2\/types\/post"}],"author":[{"embeddable":true,"href":"https:\/\/www.europesays.com\/be-fr\/wp-json\/wp\/v2\/users\/2"}],"replies":[{"embeddable":true,"href":"https:\/\/www.europesays.com\/be-fr\/wp-json\/wp\/v2\/comments?post=238254"}],"version-history":[{"count":0,"href":"https:\/\/www.europesays.com\/be-fr\/wp-json\/wp\/v2\/posts\/238254\/revisions"}],"wp:featuredmedia":[{"embeddable":true,"href":"https:\/\/www.europesays.com\/be-fr\/wp-json\/wp\/v2\/media\/238255"}],"wp:attachment":[{"href":"https:\/\/www.europesays.com\/be-fr\/wp-json\/wp\/v2\/media?parent=238254"}],"wp:term":[{"taxonomy":"category","embeddable":true,"href":"https:\/\/www.europesays.com\/be-fr\/wp-json\/wp\/v2\/categories?post=238254"},{"taxonomy":"post_tag","embeddable":true,"href":"https:\/\/www.europesays.com\/be-fr\/wp-json\/wp\/v2\/tags?post=238254"}],"curies":[{"name":"wp","href":"https:\/\/api.w.org\/{rel}","templated":true}]}}