{"id":238268,"date":"2026-09-03T21:13:11","date_gmt":"2026-09-03T21:13:11","guid":{"rendered":"https:\/\/www.europesays.com\/be-fr\/238268\/"},"modified":"2026-09-03T21:13:11","modified_gmt":"2026-09-03T21:13:11","slug":"la-rdc-va-deplacer-son-ambassade-en-israel-de-tel-aviv-a-jerusalem","status":"publish","type":"post","link":"https:\/\/www.europesays.com\/be-fr\/238268\/","title":{"rendered":"La RDC va d\u00e9placer son ambassade en Isra\u00ebl de Tel-Aviv \u00e0 J\u00e9rusalem"},"content":{"rendered":"<p>\n    La R\u00e9publique d\u00e9mocratique du Congo rejoint ainsi un petit groupe de pays, dont les \u00c9tats-Unis, ayant pris cette mesure symbolique en rupture avec le consensus international.<\/p>\n<p class=\"fig-paragraph\">La R\u00e9publique d\u00e9mocratique du Congo (<a href=\"http:\/\/sante.lefigaro.fr\/social\/sante-publique\/ebola-en-rdc-l-oms-espere-des-essais-cliniques-de-vaccins-des-octobre-ou-novembre-20260902\" data-fig-type=\"NewsFlash\" data-gtm-custom-categorie=\"navigation\" data-gtm-custom-action=\"crossclick\" data-gtm-custom-label=\"Contextuel\" data-gtm-event=\"customEventSPE\" data-fig-domain=\"SANTE\" rel=\"nofollow noopener\" target=\"_blank\">RDC<\/a>) a annonc\u00e9 jeudi qu&rsquo;elle allait\u00a0<a href=\"https:\/\/www.lefigaro.fr\/flash-actu\/2018\/09\/05\/97001-20180905FILWWW00322-le-paraguay-va-renvoyer-son-ambassade-de-jerusalem-a-tel-aviv.php\" data-fig-type=\"NewsFlash\" data-gtm-custom-categorie=\"navigation\" data-gtm-custom-action=\"crossclick\" data-gtm-custom-label=\"Contextuel\" data-gtm-event=\"customEventSPE\" data-fig-domain=\"LEFIGARO\" rel=\"nofollow noopener\" target=\"_blank\">d\u00e9placer son ambassade<\/a>\u00a0en Isra\u00ebl de Tel-Aviv \u00e0 J\u00e9rusalem, rejoignant ainsi un petit groupe de pays, dont les \u00c9tats-Unis, ayant pris cette mesure symbolique en rupture avec le consensus international. \u00c0 l&rsquo;issue d&rsquo;une visite du pr\u00e9sident F\u00e9lix Tshisekedi, la RDC et Isra\u00ebl ont d\u00e9clar\u00e9 dans un communiqu\u00e9 qu&rsquo;elles prendraient des mesures en vue du \u00abtransfert de l&rsquo;ambassade de la R\u00e9publique d\u00e9mocratique du Congo de Tel-Aviv \u00e0 J\u00e9rusalem\u00bb.<\/p>\n<p class=\"fig-paragraph\">Le pr\u00e9sident congolais et le premier ministre isra\u00e9lien \u00abont r\u00e9affirm\u00e9 leur engagement commun \u00e0 renforcer les relations diplomatiques entre leurs pays et \u00e0 consolider davantage les liens d\u2019amiti\u00e9 et de coop\u00e9ration qui les unissent\u00bb, affirme ce communiqu\u00e9. La quasi-totalit\u00e9 des pays disposant d\u2019une repr\u00e9sentation diplomatique formelle aupr\u00e8s des autorit\u00e9s isra\u00e9liennes ont leur ambassade \u00e0 Tel-Aviv. Le pr\u00e9sident am\u00e9ricain Donald Trump avait d\u00e9plac\u00e9 l\u2019ambassade am\u00e9ricaine de Tel-Aviv \u00e0 J\u00e9rusalem en mai 2018.<\/p>\n<p>                                            <a class=\"fig-a11y-skip\" href=\"#fig-a11y-skip-main-inarticle\" is=\"fig-a11y-skip\" data-trigger-mode=\"visible-once\"><br \/>\n    Passer la publicit\u00e9<br \/>\n<\/a>            <\/p>\n<p class=\"fig-paragraph\">Depuis, le Guatemala, le Honduras, le Kosovo, la Papouasie-Nouvelle-Guin\u00e9e, le Paraguay, les \u00eeles Fidji et le Somaliland ont \u00e9galement ouvert une ambassade \u00e0 J\u00e9rusalem. Le statut de J\u00e9rusalem est l\u2019une des questions les plus \u00e9pineuses du conflit isra\u00e9lo-palestinien. Isra\u00ebl a annex\u00e9 J\u00e9rusalem-Est dans la foul\u00e9e de sa conqu\u00eate de la Cisjordanie lors de la guerre isra\u00e9lo-arabe de 1967, mais cette annexion n\u2019est pas reconnue par l\u2019ONU.<\/p>\n","protected":false},"excerpt":{"rendered":"La R\u00e9publique d\u00e9mocratique du Congo rejoint ainsi un petit groupe de pays, dont les \u00c9tats-Unis, ayant pris cette&hellip;\n","protected":false},"author":2,"featured_media":238269,"comment_status":"","ping_status":"","sticky":false,"template":"","format":"standard","meta":{"footnotes":"","_share_on_mastodon":"0"},"categories":[9],"tags":[11721,12,13,18,17,31,46328,6524,32],"class_list":["post-238268","post","type-post","status-publish","format-standard","has-post-thumbnail","category-international","tag-ambassade","tag-be","tag-be-fr","tag-belgique","tag-belgium","tag-international","tag-jerusalem","tag-rdc","tag-world-news"],"share_on_mastodon":{"url":"https:\/\/pubeurope.com\/@be_fr\/117209176914819200","error":""},"_links":{"self":[{"href":"https:\/\/www.europesays.com\/be-fr\/wp-json\/wp\/v2\/posts\/238268","targetHints":{"allow":["GET"]}}],"collection":[{"href":"https:\/\/www.europesays.com\/be-fr\/wp-json\/wp\/v2\/posts"}],"about":[{"href":"https:\/\/www.europesays.com\/be-fr\/wp-json\/wp\/v2\/types\/post"}],"author":[{"embeddable":true,"href":"https:\/\/www.europesays.com\/be-fr\/wp-json\/wp\/v2\/users\/2"}],"replies":[{"embeddable":true,"href":"https:\/\/www.europesays.com\/be-fr\/wp-json\/wp\/v2\/comments?post=238268"}],"version-history":[{"count":0,"href":"https:\/\/www.europesays.com\/be-fr\/wp-json\/wp\/v2\/posts\/238268\/revisions"}],"wp:featuredmedia":[{"embeddable":true,"href":"https:\/\/www.europesays.com\/be-fr\/wp-json\/wp\/v2\/media\/238269"}],"wp:attachment":[{"href":"https:\/\/www.europesays.com\/be-fr\/wp-json\/wp\/v2\/media?parent=238268"}],"wp:term":[{"taxonomy":"category","embeddable":true,"href":"https:\/\/www.europesays.com\/be-fr\/wp-json\/wp\/v2\/categories?post=238268"},{"taxonomy":"post_tag","embeddable":true,"href":"https:\/\/www.europesays.com\/be-fr\/wp-json\/wp\/v2\/tags?post=238268"}],"curies":[{"name":"wp","href":"https:\/\/api.w.org\/{rel}","templated":true}]}}