{"id":238276,"date":"2026-09-03T21:17:19","date_gmt":"2026-09-03T21:17:19","guid":{"rendered":"https:\/\/www.europesays.com\/be-fr\/238276\/"},"modified":"2026-09-03T21:17:19","modified_gmt":"2026-09-03T21:17:19","slug":"artcheval-2026-un-nouveau-concours-photo-est-lance-avec-une-ouverture-sur-linternational","status":"publish","type":"post","link":"https:\/\/www.europesays.com\/be-fr\/238276\/","title":{"rendered":"ArtCheval 2026 : Un nouveau concours photo est lanc\u00e9 avec une ouverture sur l\u2019international !"},"content":{"rendered":"<p>Organis\u00e9 par la Soci\u00e9t\u00e9 Publique Locale L\u2019\u00c9questre dans le cadre du festival ArtCheval, le concours photo met \u00e0 l\u2019honneur le regard de photographes amateurs et professionnels sur l\u2019univers du cheval et de l\u2019\u00e9quitation. Cr\u00e9\u00e9 \u00e0 Saumur en 1993, le festival ArtCheval s\u2019est impos\u00e9 au fil des ann\u00e9es comme un rendez-vous majeur de la cr\u00e9ation artistique autour du cheval, en investissant notamment l\u2019espace public \u00e0 travers des expositions mais aussi des spectacles vivants.<\/p>\n<p>Une premi\u00e8re \u00e9dition qui a rencontr\u00e9 son public <\/p>\n<p>Lanc\u00e9 en 2025, le concours photo ArtCheval avait suscit\u00e9 un r\u00e9el engouement avec plus de 110 candidatures re\u00e7ues. Au total, 20 photographes, 10 dans la cat\u00e9gorie professionnelle et 10 dans la cat\u00e9gorie amateur, avaient \u00e9t\u00e9 distingu\u00e9s par le jury. Leurs \u0153uvres ont troqu\u00e9 les traditionnelles cimaises des galeries pour investir l\u2019espace public saumurois, pr\u00e9sent\u00e9es en grand format dans les rues de la ville pendant pr\u00e8s de deux mois. Fort de ce premier succ\u00e8s, ArtCheval revient en 2026 avec une ambition nouvelle : faire voyager les \u0153uvres au-del\u00e0 des fronti\u00e8res fran\u00e7aises.<\/p>\n<p>De Saumur \u00e0 Waregem, ArtCheval s\u2019ouvre \u00e0 l\u2019Europe<\/p>\n<p>Pour cette deuxi\u00e8me \u00e9dition, les photographies s\u00e9lectionn\u00e9es seront expos\u00e9es simultan\u00e9ment \u00e0 Saumur, en France, et \u00e0 Waregem, en Belgique. Cette ouverture internationale s\u2019inscrit dans la dynamique des \u00e9changes d\u00e9velopp\u00e9s au sein d\u2019Euro Equus, le r\u00e9seau des Capitales europ\u00e9ennes du cheval, dont Saumur et Waregem sont membres. Les relations nou\u00e9es entre les deux villes autour de projets europ\u00e9ens et transnationaux li\u00e9s au cheval ont ainsi permis de faire \u00e9merger cette premi\u00e8re collaboration autour d\u2019ArtCheval. Pour les photographes s\u00e9lectionn\u00e9s, cette exposition constitue une v\u00e9ritable opportunit\u00e9 : leurs \u0153uvres pourront \u00eatre d\u00e9couvertes dans deux pays, aupr\u00e8s de deux publics et dans deux territoires particuli\u00e8rement attach\u00e9s \u00e0 la culture \u00e9questre. Apr\u00e8s avoir investi les rues de Saumur en 2025, les photographies ArtCheval franchiront donc les fronti\u00e8res en 2026 pour porter un regard artistique sur le cheval au-del\u00e0 du territoire saumurois.<\/p>\n<p>Les inscriptions sont ouvertes jusqu\u2019au 13 septembre<\/p>\n<p>Pour cette nouvelle \u00e9dition, le th\u00e8me propos\u00e9 porte sur la complicit\u00e9 dans l\u2019univers du cheval et de l\u2019\u00e9quitation, avec \u00e0 la cl\u00e9 plus de 1 200 \u20ac de dotations et de cadeaux. Mais au-del\u00e0 des r\u00e9compenses, les participants s\u00e9lectionn\u00e9s b\u00e9n\u00e9ficieront surtout d\u2019une visibilit\u00e9 exceptionnelle gr\u00e2ce \u00e0 l\u2019exposition de leurs photographies dans l\u2019espace public, en France et en Belgique. Les photographes fran\u00e7ais et internationaux ont jusqu\u2019au 13 septembre 2026 \u00e0 minuit pour participer au concours. R\u00e8glement et inscription sur <a href=\"https:\/\/lequestre-saumurvaldeloire.fr\/nos-evenements\/artcheval\/concours-photo-artcheval\" rel=\"nofollow noopener\" target=\"_blank\">https:\/\/lequestre-saumurvaldeloire.fr\/nos-evenements\/artcheval\/concours-photo-artcheval<\/a>.<\/p>\n","protected":false},"excerpt":{"rendered":"Organis\u00e9 par la Soci\u00e9t\u00e9 Publique Locale L\u2019\u00c9questre dans le cadre du festival ArtCheval, le concours photo met \u00e0&hellip;\n","protected":false},"author":2,"featured_media":238277,"comment_status":"","ping_status":"","sticky":false,"template":"","format":"standard","meta":{"footnotes":"","_share_on_mastodon":"0"},"categories":[101],"tags":[126,124,125,12,13,18,17,127,96,95],"class_list":["post-238276","post","type-post","status-publish","format-standard","has-post-thumbnail","category-arts-et-design","tag-arts","tag-arts-and-design","tag-arts-et-design","tag-be","tag-be-fr","tag-belgique","tag-belgium","tag-design","tag-divertissement","tag-entertainment"],"share_on_mastodon":{"url":"https:\/\/pubeurope.com\/@be_fr\/117209192752940747","error":""},"_links":{"self":[{"href":"https:\/\/www.europesays.com\/be-fr\/wp-json\/wp\/v2\/posts\/238276","targetHints":{"allow":["GET"]}}],"collection":[{"href":"https:\/\/www.europesays.com\/be-fr\/wp-json\/wp\/v2\/posts"}],"about":[{"href":"https:\/\/www.europesays.com\/be-fr\/wp-json\/wp\/v2\/types\/post"}],"author":[{"embeddable":true,"href":"https:\/\/www.europesays.com\/be-fr\/wp-json\/wp\/v2\/users\/2"}],"replies":[{"embeddable":true,"href":"https:\/\/www.europesays.com\/be-fr\/wp-json\/wp\/v2\/comments?post=238276"}],"version-history":[{"count":0,"href":"https:\/\/www.europesays.com\/be-fr\/wp-json\/wp\/v2\/posts\/238276\/revisions"}],"wp:featuredmedia":[{"embeddable":true,"href":"https:\/\/www.europesays.com\/be-fr\/wp-json\/wp\/v2\/media\/238277"}],"wp:attachment":[{"href":"https:\/\/www.europesays.com\/be-fr\/wp-json\/wp\/v2\/media?parent=238276"}],"wp:term":[{"taxonomy":"category","embeddable":true,"href":"https:\/\/www.europesays.com\/be-fr\/wp-json\/wp\/v2\/categories?post=238276"},{"taxonomy":"post_tag","embeddable":true,"href":"https:\/\/www.europesays.com\/be-fr\/wp-json\/wp\/v2\/tags?post=238276"}],"curies":[{"name":"wp","href":"https:\/\/api.w.org\/{rel}","templated":true}]}}