{"id":238294,"date":"2026-09-03T21:30:20","date_gmt":"2026-09-03T21:30:20","guid":{"rendered":"https:\/\/www.europesays.com\/be-fr\/238294\/"},"modified":"2026-09-03T21:30:20","modified_gmt":"2026-09-03T21:30:20","slug":"un-artiste-de-renom-en-region-parisienne-il-decouvre-une-peinture-de-1926-figurant-sa-commune-dille-et-vilaine","status":"publish","type":"post","link":"https:\/\/www.europesays.com\/be-fr\/238294\/","title":{"rendered":"\u00ab\u00a0Un artiste de renom\u00a0\u00bb\u00a0: en r\u00e9gion parisienne, il d\u00e9couvre une peinture de 1926 figurant sa commune d\u2019Ille-et-Vilaine"},"content":{"rendered":"<p data-ofstats-scroll=\"read_depth_20\">Pierrick Noury, originaire de La Guerche-de-Bretagne, a d\u00e9couvert r\u00e9cemment, en r\u00e9gion parisienne, une huile sur panneau, datant d\u2019il y a un si\u00e8cle et repr\u00e9sentant la rue du Cheval-Blanc de La Guerche-de-Bretagne, pr\u00e8s de Vitr\u00e9 (Ille-et-Vilaine).<\/p>\n<p>                        <img decoding=\"async\" class=\"su-media\" title=\"La Guerche-de-Bretagne : la rue du Cheval-Blanc peinte en 1926 par Pierre Pelhate (1876-1973).\" src=\"data:image\/png;base64,iVBORw0KGgoAAAANSUhEUgAAABAAAAAJCAYAAAA7KqwyAAAAGXRFWHRTb2Z0d2FyZQBBZG9iZSBJbWFnZVJlYWR5ccllPAAAABhJREFUeNpi\/P\/\/PwMlgHHUgFEDgAAgwAD+lBrvy+NcxAAAAABJRU5ErkJggg==\" data-oflazyload=\"{&quot;srcset&quot;:&quot;https:\/\/media.ouest-france.fr\/v1\/pictures\/MjAyNjA5MGE0MDIxOWQ2YTUzMTdlYTRjNjRiYmY3ZDYzYzM2NzA?width=320&amp;focuspoint=50%2C25&amp;cropresize=1&amp;client_id=bpeditorial&amp;sign=c3871c826a922b3aefbbc60281b4628eb1633db8fd1bfc3d2aac4cec2de9d8d4 280w, https:\/\/media.ouest-france.fr\/v1\/pictures\/MjAyNjA5MGE0MDIxOWQ2YTUzMTdlYTRjNjRiYmY3ZDYzYzM2NzA?width=375&amp;focuspoint=50%2C25&amp;cropresize=1&amp;client_id=bpeditorial&amp;sign=231af64eb3ac3105b35ad9630a96d28296883febbc86f02bce91f3f5596beb23 360w, https:\/\/media.ouest-france.fr\/v1\/pictures\/MjAyNjA5MGE0MDIxOWQ2YTUzMTdlYTRjNjRiYmY3ZDYzYzM2NzA?width=480&amp;focuspoint=50%2C25&amp;cropresize=1&amp;client_id=bpeditorial&amp;sign=5fe92b39f4113f24e084d8268749809d3687b6db707dbe00bf50dd98fc73f2f2 480w, https:\/\/media.ouest-france.fr\/v1\/pictures\/MjAyNjA5MGE0MDIxOWQ2YTUzMTdlYTRjNjRiYmY3ZDYzYzM2NzA?width=630&amp;focuspoint=50%2C25&amp;cropresize=1&amp;client_id=bpeditorial&amp;sign=6831c65bf5e5644898278d04676c2cddac0eecafed8f531de2e15c5f0c49ed81 630w, https:\/\/media.ouest-france.fr\/v1\/pictures\/MjAyNjA5MGE0MDIxOWQ2YTUzMTdlYTRjNjRiYmY3ZDYzYzM2NzA?width=940&amp;focuspoint=50%2C25&amp;cropresize=1&amp;client_id=bpeditorial&amp;sign=1074045cdd0e1dc9a374e027d5bcd542ec54ff6ca866721d1dfbc766f5bee1ed 940w, https:\/\/media.ouest-france.fr\/v1\/pictures\/MjAyNjA5MGE0MDIxOWQ2YTUzMTdlYTRjNjRiYmY3ZDYzYzM2NzA?width=1260&amp;focuspoint=50%2C25&amp;cropresize=1&amp;client_id=bpeditorial&amp;sign=d3318de4b7e62c73d5228feafb4b15f3a79e54543ba2410a74515b2e78410ef1 1260w&quot; }\"\/><\/p>\n<p>                    La Guerche-de-Bretagne : la rue du Cheval-Blanc peinte en 1926 par Pierre Pelhate (1876-1973). | OUEST-FRANCE<br \/>\n                    Voir en plein \u00e9cran<\/p>\n<p>                    <img decoding=\"async\" class=\"media\" title=\"La Guerche-de-Bretagne : la rue du Cheval-Blanc peinte en 1926 par Pierre Pelhate (1876-1973).\" data-oflazyload=\"{&quot;srcset&quot;:&quot;https:\/\/media.ouest-france.fr\/v1\/pictures\/MjAyNjA5MGE0MDIxOWQ2YTUzMTdlYTRjNjRiYmY3ZDYzYzM2NzA?width=320&amp;focuspoint=50%2C25&amp;cropresize=1&amp;client_id=bpeditorial&amp;sign=c3871c826a922b3aefbbc60281b4628eb1633db8fd1bfc3d2aac4cec2de9d8d4 280w, https:\/\/media.ouest-france.fr\/v1\/pictures\/MjAyNjA5MGE0MDIxOWQ2YTUzMTdlYTRjNjRiYmY3ZDYzYzM2NzA?width=375&amp;focuspoint=50%2C25&amp;cropresize=1&amp;client_id=bpeditorial&amp;sign=231af64eb3ac3105b35ad9630a96d28296883febbc86f02bce91f3f5596beb23 360w, https:\/\/media.ouest-france.fr\/v1\/pictures\/MjAyNjA5MGE0MDIxOWQ2YTUzMTdlYTRjNjRiYmY3ZDYzYzM2NzA?width=480&amp;focuspoint=50%2C25&amp;cropresize=1&amp;client_id=bpeditorial&amp;sign=5fe92b39f4113f24e084d8268749809d3687b6db707dbe00bf50dd98fc73f2f2 480w, https:\/\/media.ouest-france.fr\/v1\/pictures\/MjAyNjA5MGE0MDIxOWQ2YTUzMTdlYTRjNjRiYmY3ZDYzYzM2NzA?width=630&amp;focuspoint=50%2C25&amp;cropresize=1&amp;client_id=bpeditorial&amp;sign=6831c65bf5e5644898278d04676c2cddac0eecafed8f531de2e15c5f0c49ed81 630w, https:\/\/media.ouest-france.fr\/v1\/pictures\/MjAyNjA5MGE0MDIxOWQ2YTUzMTdlYTRjNjRiYmY3ZDYzYzM2NzA?width=940&amp;focuspoint=50%2C25&amp;cropresize=1&amp;client_id=bpeditorial&amp;sign=1074045cdd0e1dc9a374e027d5bcd542ec54ff6ca866721d1dfbc766f5bee1ed 940w, https:\/\/media.ouest-france.fr\/v1\/pictures\/MjAyNjA5MGE0MDIxOWQ2YTUzMTdlYTRjNjRiYmY3ZDYzYzM2NzA?width=1260&amp;focuspoint=50%2C25&amp;cropresize=1&amp;client_id=bpeditorial&amp;sign=d3318de4b7e62c73d5228feafb4b15f3a79e54543ba2410a74515b2e78410ef1 1260w&quot; }\"\/><br \/>\n                    La Guerche-de-Bretagne : la rue du Cheval-Blanc peinte en 1926 par Pierre Pelhate (1876-1973). | OUEST-FRANCE<\/p>\n<p>        Int\u00e9r\u00eat patrimonial<\/p>\n<p data-ofstats-scroll=\"read_depth_50\">D\u00e9couverte qu\u2019il souhaite porter \u00e0 la connaissance des Guerchais. En effet, cette toile, datant de 1926, est int\u00e9ressante d\u2019un point de vue patrimonial car on y voit les maisons \u00e0 porches mais aussi, en fond, une partie des halles h\u00e9rit\u00e9es du Moyen \u00c2ge et <a href=\"https:\/\/www.ouest-france.fr\/bretagne\/la-guerche-de-bretagne-35130\/a-la-guerche-de-bretagne-la-salorge-et-sa-place-sont-un-concentre-dhistoire-555bc9c6-26d5-11ee-a8c5-053f7b6c129d\" target=\"_blank\" rel=\"nofollow noopener\">qui \u00e9taient attenantes au b\u00e2timent la Salorge<\/a>.<\/p>\n<p class=\"su-line-height-m\">Lire aussi\u00a0: <a data-trk-internal-link=\"a lire aussi\" data-trk-sipa=\"{\" blockcategory=\"\" lire=\"\" aussi=\"\" la=\"\" guerche-de-bretagne=\"\" salorge=\"\" et=\"\" sa=\"\" place=\"\" sont=\"\" un=\"\" concentr=\"\" d=\"\" href=\"https:\/\/www.ouest-france.fr\/bretagne\/la-guerche-de-bretagne-35130\/a-la-guerche-de-bretagne-la-salorge-et-sa-place-sont-un-concentre-dhistoire-555bc9c6-26d5-11ee-a8c5-053f7b6c129d\" rel=\"- nofollow noopener\" target=\"_blank\">\u00c0 La Guerche-de-Bretagne, la Salorge et sa place sont un concentr\u00e9 d\u2019histoire<\/a><\/p>\n<p data-ofstats-scroll=\"read_depth_90\">\u00ab\u00a0Cette \u0153uvre a \u00e9t\u00e9 peinte par un artiste de renom, Pierre Pelhate n\u00e9 \u00e0 Ess\u00e9 en 1876 et d\u00e9c\u00e9d\u00e9 \u00e0 Janz\u00e9 en 1973. Le Mus\u00e9e des Beaux-Arts de Rennes poss\u00e8de d\u2019ailleurs un grand nombre d\u2019\u0153uvres graphiques,\u00a0\u00bb raconte Pierrick Noury. Au travers de cette d\u00e9couverte, le Guerchais souhaite mettre en lumi\u00e8re cet artiste parfois oubli\u00e9 et connu principalement pour ses travaux d\u2019illustrations\u00a0(magazine \u00ab\u00a0les Belles Histoires\u00a0\u00bb et \u00ab\u00a0J\u2019aime lire\u00a0\u00bb), ses gravures mais aussi pour ses peintures \u00e0 l\u2019huile dont sa plus c\u00e9l\u00e8bre, le toile \u00ab\u00a0La ramasseuse de pommes de terre\u00a0\u00bb.<\/p>\n<p data-ofstats-scroll=\"read_depth_100\">Cette huile sur panneau, d\u00e9couverte en r\u00e9gion parisienne, fait d\u00e9sormais partie de la collection de Pierrick Noury r\u00e9sidant dans les C\u00f4tes-d\u2019Armor.<\/p>\n","protected":false},"excerpt":{"rendered":"Pierrick Noury, originaire de La Guerche-de-Bretagne, a d\u00e9couvert r\u00e9cemment, en r\u00e9gion parisienne, une huile sur panneau, datant d\u2019il&hellip;\n","protected":false},"author":2,"featured_media":238295,"comment_status":"","ping_status":"","sticky":false,"template":"","format":"standard","meta":{"footnotes":"","_share_on_mastodon":"0"},"categories":[101],"tags":[126,124,125,12,13,18,17,127,96,95,6029,41328,3387,18638],"class_list":["post-238294","post","type-post","status-publish","format-standard","has-post-thumbnail","category-arts-et-design","tag-arts","tag-arts-and-design","tag-arts-et-design","tag-be","tag-be-fr","tag-belgique","tag-belgium","tag-design","tag-divertissement","tag-entertainment","tag-ille-et-vilaine","tag-la-guerche-de-bretagne","tag-rennes","tag-vitre"],"share_on_mastodon":{"url":"https:\/\/pubeurope.com\/@be_fr\/117209243743446628","error":""},"_links":{"self":[{"href":"https:\/\/www.europesays.com\/be-fr\/wp-json\/wp\/v2\/posts\/238294","targetHints":{"allow":["GET"]}}],"collection":[{"href":"https:\/\/www.europesays.com\/be-fr\/wp-json\/wp\/v2\/posts"}],"about":[{"href":"https:\/\/www.europesays.com\/be-fr\/wp-json\/wp\/v2\/types\/post"}],"author":[{"embeddable":true,"href":"https:\/\/www.europesays.com\/be-fr\/wp-json\/wp\/v2\/users\/2"}],"replies":[{"embeddable":true,"href":"https:\/\/www.europesays.com\/be-fr\/wp-json\/wp\/v2\/comments?post=238294"}],"version-history":[{"count":0,"href":"https:\/\/www.europesays.com\/be-fr\/wp-json\/wp\/v2\/posts\/238294\/revisions"}],"wp:featuredmedia":[{"embeddable":true,"href":"https:\/\/www.europesays.com\/be-fr\/wp-json\/wp\/v2\/media\/238295"}],"wp:attachment":[{"href":"https:\/\/www.europesays.com\/be-fr\/wp-json\/wp\/v2\/media?parent=238294"}],"wp:term":[{"taxonomy":"category","embeddable":true,"href":"https:\/\/www.europesays.com\/be-fr\/wp-json\/wp\/v2\/categories?post=238294"},{"taxonomy":"post_tag","embeddable":true,"href":"https:\/\/www.europesays.com\/be-fr\/wp-json\/wp\/v2\/tags?post=238294"}],"curies":[{"name":"wp","href":"https:\/\/api.w.org\/{rel}","templated":true}]}}