{"id":238300,"date":"2026-09-03T21:33:20","date_gmt":"2026-09-03T21:33:20","guid":{"rendered":"https:\/\/www.europesays.com\/be-fr\/238300\/"},"modified":"2026-09-03T21:33:20","modified_gmt":"2026-09-03T21:33:20","slug":"respire-le-roman-a-lorigine-du-film-qui-a-bouleverse-melanie-laurent-a-lage-de-17-ans","status":"publish","type":"post","link":"https:\/\/www.europesays.com\/be-fr\/238300\/","title":{"rendered":"Respire : Le roman \u00e0 l&rsquo;origine du film qui a boulevers\u00e9 M\u00e9lanie Laurent \u00e0 l&rsquo;\u00e2ge de 17 ans"},"content":{"rendered":"<p class=\"articleContent-meta\">\n        Aujourd&rsquo;hui \u00e0 12:00 &#8211; par             Stacie Arena<\/p>\n<p>                                        <img decoding=\"async\" src=\"https:\/\/www.europesays.com\/be-fr\/wp-content\/uploads\/2026\/09\/respire-le-roman-a-l-origine-du-film-qui-a-bouleverse-melanie-laurent-a-l-age-de-17-ans.jpg\"   alt=\"Respire : Le roman \u00e0 l'origine du film qui a boulevers\u00e9 M\u00e9lanie Laurent \u00e0 l'\u00e2ge de 17 ans\" class=\"  apply-ratio\"\/><\/p>\n<p class=\"articleContent-imageCredit\">\n                \u00a9 TMDB\n            <\/p>\n<p>Jeudi 3 septembre, France 4 diffuse le film Respire, r\u00e9alis\u00e9 par M\u00e9lanie Laurent, sorti en 2014. Il est l&rsquo;adaptation d&rsquo;un roman sorti treize ans plus t\u00f4t en 2001, \u00e9crit par Anne-Sophie Brasme. <\/p>\n<p>Un roman qui a boulevers\u00e9 l&rsquo;actrice en pleine adolescence. Nous sommes en 2001, M\u00e9lanie Laurent n&rsquo;a que 17 ans et elle tombe sur Respire, \u00e9crit par la jeune \u00e9crivaine Anne-Sophie Brasme, elle-aussi \u00e2g\u00e9e de 17 ans au moment de l&rsquo;\u00e9criture de son premier roman. La projection de l&rsquo;actrice sur l&rsquo;\u00e9crivaine est imm\u00e9diate. \u00c0 l&rsquo;\u00e9poque, le succ\u00e8s du livre est fulgurant : il se vend \u00e0 plus de 40 000 exemplaires en quelques mois. Respire a re\u00e7u le prix du premier roman de l&rsquo;universit\u00e9 d&rsquo;Artois. Il a m\u00eame \u00e9t\u00e9 traduit dans plus de 17 langues. En 2014, M\u00e9lanie Laurent n&rsquo;a qu&rsquo;un souhait : adapter Respire au cin\u00e9ma, \u00e0 condition de trouver les actrices parfaites pour interpr\u00e9ter les r\u00f4les de Charl\u00e8ne et Sarah.<\/p>\n<p>M\u00e9lanie Laurent : Le roman Respire a boulevers\u00e9 sa vie lorsqu&rsquo;elle avait 17 ans<\/p>\n<p>Au d\u00e9but du roman, on d\u00e9couvre Charl\u00e8ne, la narratrice, qui moisit en prison pour le meurtre de son amie Sarah. Charl\u00e8ne est une enfant comme les autres, qui vit sans trop se poser de questions, prend ce qu\u2019on lui donne et ne demande rien. Elle habite un immense appartement \u00e0 Paris avec ses parents, pas tr\u00e8s aimants ni tr\u00e8s amoureux. Charl\u00e8ne souffre : elle est asthmatique, se sent incomprise, mal aim\u00e9e. Avec l\u2019entr\u00e9e au coll\u00e8ge commencent de longs mois difficiles, de solitude et d\u2019attente. Jusqu\u2019\u00e0 la cinqui\u00e8me avec l\u2019arriv\u00e9e de Sarah, brillante, magn\u00e9tique. Apr\u00e8s un cours de sport, l\u2019h\u00e9ro\u00efne se retrouve \u00e0 l\u2019h\u00f4pital et Sarah lui explique qu\u2019elle la comprend et lui demande d\u2019\u00eatre son amie. Une amiti\u00e9 na\u00eet, qui pour Charl\u00e8ne est un don inesp\u00e9r\u00e9 de la vie, un \u00e9merveillement. Peu \u00e0 peu s&rsquo;instaure une relation (\u00e0 sens unique), sur le mode de l&rsquo;admiration, de la fascination, jusqu&rsquo;\u00e0 la soumission, puis l&rsquo;\u00e9touffement, aux portes de la folie.<\/p>\n<p>                                M\u00e9lanie Laurent s&rsquo;est-elle inspir\u00e9e de La Vie d&rsquo;Ad\u00e8le avec Ad\u00e8le Exarchopoulos ?<\/p>\n<p>Lors de sa pr\u00e9sentation \u00e0 Cannes, des rumeurs laissaient entendre que la r\u00e9alisatrice s\u2019\u00e9tait inspir\u00e9e de La Vie d\u2019Ad\u00e8le d\u2019Abdellatif Kechiche. M\u00e9lanie Laurent a toutefois pr\u00e9cis\u00e9 que son film ne traitait pas de romance homosexuelle, mais d\u2019emprise et de perversion narcissique. Sa v\u00e9ritable influence visuelle et narrative provient en r\u00e9alit\u00e9 du long-m\u00e9trage Martha Marcy May Marlene de Sean Durkin. D\u00e8s la phase d\u2019\u00e9criture, M\u00e9lanie Laurent a imagin\u00e9 Jos\u00e9phine Japy et Lou de La\u00e2ge dans les r\u00f4les principaux, rep\u00e9r\u00e9es respectivement dans Cloclo de Florent Emilio Siri et J\u2019aime regarder les filles de Fr\u00e9d\u00e9ric Louf. Bien que les deux com\u00e9diennes se soient montr\u00e9es tr\u00e8s mal \u00e0 l\u2019aise lors de la toute premi\u00e8re lecture du script, la cin\u00e9aste a fait confiance \u00e0 son intuition. Elle les a guid\u00e9es et accompagn\u00e9es pas \u00e0 pas pour donner vie aux personnages de Charlie et Sarah.<\/p>\n","protected":false},"excerpt":{"rendered":"Aujourd&rsquo;hui \u00e0 12:00 &#8211; par Stacie Arena \u00a9 TMDB Jeudi 3 septembre, France 4 diffuse le film Respire,&hellip;\n","protected":false},"author":2,"featured_media":238301,"comment_status":"","ping_status":"","sticky":false,"template":"","format":"standard","meta":{"footnotes":"","_share_on_mastodon":"0"},"categories":[97],"tags":[12,13,18,17,96,95,106,115,6055,105],"class_list":["post-238300","post","type-post","status-publish","format-standard","has-post-thumbnail","category-films","tag-be","tag-be-fr","tag-belgique","tag-belgium","tag-divertissement","tag-entertainment","tag-films","tag-france-2","tag-histoire-vraie","tag-movies"],"share_on_mastodon":{"url":"https:\/\/pubeurope.com\/@be_fr\/117209255601451236","error":""},"_links":{"self":[{"href":"https:\/\/www.europesays.com\/be-fr\/wp-json\/wp\/v2\/posts\/238300","targetHints":{"allow":["GET"]}}],"collection":[{"href":"https:\/\/www.europesays.com\/be-fr\/wp-json\/wp\/v2\/posts"}],"about":[{"href":"https:\/\/www.europesays.com\/be-fr\/wp-json\/wp\/v2\/types\/post"}],"author":[{"embeddable":true,"href":"https:\/\/www.europesays.com\/be-fr\/wp-json\/wp\/v2\/users\/2"}],"replies":[{"embeddable":true,"href":"https:\/\/www.europesays.com\/be-fr\/wp-json\/wp\/v2\/comments?post=238300"}],"version-history":[{"count":0,"href":"https:\/\/www.europesays.com\/be-fr\/wp-json\/wp\/v2\/posts\/238300\/revisions"}],"wp:featuredmedia":[{"embeddable":true,"href":"https:\/\/www.europesays.com\/be-fr\/wp-json\/wp\/v2\/media\/238301"}],"wp:attachment":[{"href":"https:\/\/www.europesays.com\/be-fr\/wp-json\/wp\/v2\/media?parent=238300"}],"wp:term":[{"taxonomy":"category","embeddable":true,"href":"https:\/\/www.europesays.com\/be-fr\/wp-json\/wp\/v2\/categories?post=238300"},{"taxonomy":"post_tag","embeddable":true,"href":"https:\/\/www.europesays.com\/be-fr\/wp-json\/wp\/v2\/tags?post=238300"}],"curies":[{"name":"wp","href":"https:\/\/api.w.org\/{rel}","templated":true}]}}