{"id":238310,"date":"2026-09-03T21:43:39","date_gmt":"2026-09-03T21:43:39","guid":{"rendered":"https:\/\/www.europesays.com\/be-fr\/238310\/"},"modified":"2026-09-03T21:43:39","modified_gmt":"2026-09-03T21:43:39","slug":"a-montpellier-le-pavillon-populaire-remonte-aux-origines-de-la-photo","status":"publish","type":"post","link":"https:\/\/www.europesays.com\/be-fr\/238310\/","title":{"rendered":"\u00c0 Montpellier, le Pavillon populaire remonte aux origines de la photo"},"content":{"rendered":"<p class=\"editor-content__paragraph\">En quinze ans, le Pavillon populaire de Montpellier s\u2019est impos\u00e9 dans le paysage de la photographie en France comme une institution de r\u00e9f\u00e9rence. Avec ses expositions in\u00e9dites, \u00e0 la fois \u00e9rudites et grand public, le lieu, gratuit, attire pr\u00e8s de 100\u00a0000\u00a0visiteurs par an. Jusqu\u2019en 2024, Gilles Mora, grand historien de la photographie et expert de la sc\u00e8ne am\u00e9ricaine, y a orchestr\u00e9 une programmation de haut vol, alternant monographies et pr\u00e9sentations th\u00e9matiques.<\/p>\n<p class=\"editor-content__paragraph\">Depuis janvier dernier, Luce Lebart a repris la direction artistique du Pavillon, en r\u00e9gie municipale. Elle h\u00e9rite d\u2019un lieu joliment r\u00e9nov\u00e9 apr\u00e8s un an de travaux, qui se dresse sur une esplanade flambant neuve. Derri\u00e8re sa fa\u00e7ade n\u00e9o-Renaissance de pierre blonde, l\u2019\u00e9l\u00e9gant b\u00e2timent, qui a longtemps servi d\u2019annexe au mus\u00e9e Fabre, abrite de vastes espaces, r\u00e9pondant d\u00e9sormais aux normes de conservation les plus strictes.<\/p>\n<p>Une approche g\u00e9n\u00e9reuse<\/p>\n<p>\u00ab\u00a0Je suis tr\u00e8s anim\u00e9e par le d\u00e9sir de partager une relecture de l\u2019histoire de la photo qui permette de montrer du documentaire, de la photo artistique, de mode, de famille, astronomique.\u00a0\u00bb<\/p>\n<p>Luce Lebart<\/p>\n<p class=\"editor-content__paragraph\">\u00ab\u00a0Gr\u00e2ce \u00e0 cette r\u00e9novation, nous pouvons montrer des \u0153uvres historiques extr\u00eamement pr\u00e9cieuses, comme les premiers daguerr\u00e9otypes de Daguerre ou une h\u00e9liographie de <a href=\"https:\/\/www.beauxarts.com\/grand-format\/nicephore-niepce-en-2-minutes\/\" target=\"_blank\" rel=\"noopener nofollow\">Ni\u00e9pce<\/a> de 1826, quand les expositions pass\u00e9es couvraient essentiellement la seconde partie du XXe si\u00e8cle\u00a0\u00bb, se f\u00e9licite Luce Lebart, heureuse de revenir dans la ville \u00ab\u00a0hyper active en mati\u00e8re de culture\u00a0\u00bb o\u00f9 elle a fait ses d\u00e9buts.<\/p>\n<p class=\"editor-content__paragraph\">Forte d\u2019un parcours de plus de 40\u00a0expositions en France, celle qui codirige aussi depuis 2022\u00a0le festival italien Fotografia Europea a pour habitude de consid\u00e9rer la photographie sous tous ses usages. \u00ab\u00a0Je suis tr\u00e8s anim\u00e9e par la question de l\u2019accessibilit\u00e9 et le d\u00e9sir de partager une relecture de l\u2019histoire de la photo qui permette de montrer du documentaire, de la photo artistique, de mode, de famille, astronomique.\u00a0\u00bb Avant de proposer une vision novatrice du photographe humaniste Lucien Herv\u00e9 en fin d\u2019ann\u00e9e, l\u2019exposition qu\u2019elle signe pour inaugurer son mandat est caract\u00e9ristique de cette approche g\u00e9n\u00e9reuse du m\u00e9dium.<\/p>\n<p>La premi\u00e8re microphotographie de puce<\/p>\n<p class=\"editor-content__paragraph\">L\u2019exposition \u00ab\u00a0Premi\u00e8res fois \/ Premi\u00e8res photos\u00a0\u00bb est une exploration in\u00e9dite de la question\u00a0: \u00ab\u00a0Qu\u2019est-ce qu\u2019une image premi\u00e8re\u00a0? Une preuve, un test, un exploit, un \u00e9chec, un \u00e9v\u00e9nement, un souvenir, ou encore un d\u00e9clencheur\u00a0?\u00a0\u00bb Pour y r\u00e9pondre, Luce Lebart orchestre un voyage \u00e0 travers 200\u00a0ans de grandes et petites innovations photographiques\u00a0: des scoops, des clich\u00e9s jamais vus, des brevets, \u00ab\u00a0mais aussi la premi\u00e8re microphotographie de puce, issue des collections de l\u2019H\u00e9rault que j\u2019aimerais valoriser, ou la premi\u00e8re radiographie de hamster tch\u00e8que\u00a0\u00bb.<\/p>\n<p class=\"editor-content__paragraph\">Et bien s\u00fbr des essais pionniers, comme les premiers cyanotypes invent\u00e9s par <a href=\"https:\/\/www.beauxarts.com\/grand-format\/trashed-7\/\" target=\"_blank\" rel=\"noopener nofollow\">Anne Atkins<\/a> d\u00e8s 1843\u00a0en d\u00e9posant des algues marines sur du papier photosensible. Cette sublime s\u00e9rie ouvre aussi le catalogue, une somme de r\u00e9flexions et d\u2019images qui nourrira pour s\u00fbr les imaginaires en cette ann\u00e9e du bicentenaire de la photo. \u00ab\u00a0Ce projet, c\u2019est une travers\u00e9e du temps\u00a0: au fil du parcours, dont on pr\u00e9sente une version \u00e0 hauteur d\u2019enfant, on remonte vers les images des origines, ces images de l\u2019univers primordial capt\u00e9es par les t\u00e9lescopes Hubble et James Webb.\u00a0\u00bb Naissances d\u2019\u00e9toiles et de galaxies compos\u00e9es de la m\u00eame mati\u00e8re dont est fait l\u2019homme, comme la science l\u2019a montr\u00e9.<\/p>\n<p>        \u00c0 lire aussi :<br \/>\n        <a class=\"renvoi-explicite__link\" href=\"https:\/\/www.beauxarts.com\/expos\/a-montpellier-jaume-plensa-donne-un-visage-au-silence\/\" rel=\"nofollow noopener\" target=\"_blank\">\u00c0 Montpellier, Jaume Plensa donne un visage au silence<\/a><\/p>\n<p>  Arrow<\/p>\n<p>Premi\u00e8res fois \/ Premi\u00e8res photos. Mille et une inventions de la photographie<\/p>\n<p>Du 1 juillet 2026 au 1 novembre 2026<\/p>\n<p class=\"url-expo\"><a href=\"https:\/\/pavillon-populaire.montpellier.fr\/programmation\/premieres-fois-premieres-photos#presentation\" rel=\"nofollow noopener\" target=\"_blank\">pavillon-populaire.montpellier.fr<\/a><\/p>\n<p class=\"annexe-content__infos\">Pavillon Populaire \u2022 34000 Montpellier<br \/><a href=\"http:\/\/www.montpellier.fr\/506-les-expos-du-pavillon-populaire.htm\" rel=\"nofollow noopener\" target=\"_blank\">www.montpellier.fr<\/a><\/p>\n","protected":false},"excerpt":{"rendered":"En quinze ans, le Pavillon populaire de Montpellier s\u2019est impos\u00e9 dans le paysage de la photographie en France&hellip;\n","protected":false},"author":2,"featured_media":238311,"comment_status":"","ping_status":"","sticky":false,"template":"","format":"standard","meta":{"footnotes":"","_share_on_mastodon":"0"},"categories":[101],"tags":[126,124,125,12,13,18,17,127,96,95,73971,2303],"class_list":["post-238310","post","type-post","status-publish","format-standard","has-post-thumbnail","category-arts-et-design","tag-arts","tag-arts-and-design","tag-arts-et-design","tag-be","tag-be-fr","tag-belgique","tag-belgium","tag-design","tag-divertissement","tag-entertainment","tag-pavillon-populaire","tag-photographie"],"share_on_mastodon":{"url":"https:\/\/pubeurope.com\/@be_fr\/117209294848538132","error":""},"_links":{"self":[{"href":"https:\/\/www.europesays.com\/be-fr\/wp-json\/wp\/v2\/posts\/238310","targetHints":{"allow":["GET"]}}],"collection":[{"href":"https:\/\/www.europesays.com\/be-fr\/wp-json\/wp\/v2\/posts"}],"about":[{"href":"https:\/\/www.europesays.com\/be-fr\/wp-json\/wp\/v2\/types\/post"}],"author":[{"embeddable":true,"href":"https:\/\/www.europesays.com\/be-fr\/wp-json\/wp\/v2\/users\/2"}],"replies":[{"embeddable":true,"href":"https:\/\/www.europesays.com\/be-fr\/wp-json\/wp\/v2\/comments?post=238310"}],"version-history":[{"count":0,"href":"https:\/\/www.europesays.com\/be-fr\/wp-json\/wp\/v2\/posts\/238310\/revisions"}],"wp:featuredmedia":[{"embeddable":true,"href":"https:\/\/www.europesays.com\/be-fr\/wp-json\/wp\/v2\/media\/238311"}],"wp:attachment":[{"href":"https:\/\/www.europesays.com\/be-fr\/wp-json\/wp\/v2\/media?parent=238310"}],"wp:term":[{"taxonomy":"category","embeddable":true,"href":"https:\/\/www.europesays.com\/be-fr\/wp-json\/wp\/v2\/categories?post=238310"},{"taxonomy":"post_tag","embeddable":true,"href":"https:\/\/www.europesays.com\/be-fr\/wp-json\/wp\/v2\/tags?post=238310"}],"curies":[{"name":"wp","href":"https:\/\/api.w.org\/{rel}","templated":true}]}}