{"id":238326,"date":"2026-09-03T21:56:33","date_gmt":"2026-09-03T21:56:33","guid":{"rendered":"https:\/\/www.europesays.com\/be-fr\/238326\/"},"modified":"2026-09-03T21:56:33","modified_gmt":"2026-09-03T21:56:33","slug":"eclats-dimaginaire-15-artistes-a-decouvrir-a-la-galerie-couleurs-des-arts-a-morlaix","status":"publish","type":"post","link":"https:\/\/www.europesays.com\/be-fr\/238326\/","title":{"rendered":"\u00ab\u00a0\u00c9clats d\u2019imaginaire\u00a0\u00bb\u00a0: 15 artistes \u00e0 d\u00e9couvrir \u00e0 la galerie Couleurs des arts, \u00e0 Morlaix"},"content":{"rendered":"<p>\u00c0 Morlaix, la galerie Couleurs des arts accueille depuis ce mercredi et jusqu\u2019au 26 septembre une exposition collective de 15 artistes baptis\u00e9e \u00ab \u00c9clats d\u2019imaginaire \u00bb. Les peintres sont au nombre de sept (Calliswan, Gwendoline Clady, Sylvie Yvinec, Alain Le Goualch, Sylvain Die, Pomdoodouch, Revka) et les sculpteurs trois (Iana, Drook Jaouen et Malaury Monnier). La po\u00e9sie est repr\u00e9sent\u00e9e par Iohanan Iohanan et la st\u00e9notype par Mireille Bonneau. Quant aux photographes, ils sont trois \u00e0 exposer : Maurice Madec, St\u00e9phane Chartrain et Michel Qu\u00e9rou.<\/p>\n<p>Ce dernier, ancien journaliste et correspondant local du T\u00e9l\u00e9gramme \u00e0 Morlaix depuis plusieurs ann\u00e9es, pr\u00e9sente 18 clich\u00e9s sur la th\u00e9matique de \u00ab L\u2019Instant \u00bb. Tresco Troph\u00e9e, hippodrome de Langolvas, lancer de bachis des \u00e9l\u00e8ves de la Pr\u00e9paration militaire marine (PMM), feu d\u2019artifice au-dessus du viaduc de Morlaix ou encore Foire Haute\u2026 La majorit\u00e9 d\u2019entre eux ont \u00e9t\u00e9 r\u00e9alis\u00e9s dans le cadre de sa collaboration avec le journal. \u00ab Chaque histoire m\u00e9rite une photo, chaque photo raconte une histoire \u00bb, r\u00e9sume Michel Qu\u00e9rou. Et \u00e0 la galerie Couleurs des arts, chaque artiste vaut le d\u00e9tour, tant les univers pr\u00e9sent\u00e9s dans les deux salles sont vari\u00e9s.<\/p>\n<p>Pratique<\/p>\n<p class=\"note\">Galerie Couleurs des arts, 9, rue au Fil. Exposition collective de 15 artistes jusqu\u2019au 26 septembre. Ouverte tous les mardis, mercredis, vendredis et samedis, de 14 h \u00e0 19 h. Gratuit.<\/p>\n","protected":false},"excerpt":{"rendered":"\u00c0 Morlaix, la galerie Couleurs des arts accueille depuis ce mercredi et jusqu\u2019au 26 septembre une exposition collective&hellip;\n","protected":false},"author":2,"featured_media":238327,"comment_status":"","ping_status":"","sticky":false,"template":"","format":"standard","meta":{"footnotes":"","_share_on_mastodon":"0"},"categories":[101],"tags":[126,124,125,12,13,18,17,127,96,95,6005],"class_list":["post-238326","post","type-post","status-publish","format-standard","has-post-thumbnail","category-arts-et-design","tag-arts","tag-arts-and-design","tag-arts-et-design","tag-be","tag-be-fr","tag-belgique","tag-belgium","tag-design","tag-divertissement","tag-entertainment","tag-morlaix"],"share_on_mastodon":{"url":"https:\/\/pubeurope.com\/@be_fr\/117209346092832657","error":""},"_links":{"self":[{"href":"https:\/\/www.europesays.com\/be-fr\/wp-json\/wp\/v2\/posts\/238326","targetHints":{"allow":["GET"]}}],"collection":[{"href":"https:\/\/www.europesays.com\/be-fr\/wp-json\/wp\/v2\/posts"}],"about":[{"href":"https:\/\/www.europesays.com\/be-fr\/wp-json\/wp\/v2\/types\/post"}],"author":[{"embeddable":true,"href":"https:\/\/www.europesays.com\/be-fr\/wp-json\/wp\/v2\/users\/2"}],"replies":[{"embeddable":true,"href":"https:\/\/www.europesays.com\/be-fr\/wp-json\/wp\/v2\/comments?post=238326"}],"version-history":[{"count":0,"href":"https:\/\/www.europesays.com\/be-fr\/wp-json\/wp\/v2\/posts\/238326\/revisions"}],"wp:featuredmedia":[{"embeddable":true,"href":"https:\/\/www.europesays.com\/be-fr\/wp-json\/wp\/v2\/media\/238327"}],"wp:attachment":[{"href":"https:\/\/www.europesays.com\/be-fr\/wp-json\/wp\/v2\/media?parent=238326"}],"wp:term":[{"taxonomy":"category","embeddable":true,"href":"https:\/\/www.europesays.com\/be-fr\/wp-json\/wp\/v2\/categories?post=238326"},{"taxonomy":"post_tag","embeddable":true,"href":"https:\/\/www.europesays.com\/be-fr\/wp-json\/wp\/v2\/tags?post=238326"}],"curies":[{"name":"wp","href":"https:\/\/api.w.org\/{rel}","templated":true}]}}