{"id":238348,"date":"2026-09-03T22:20:11","date_gmt":"2026-09-03T22:20:11","guid":{"rendered":"https:\/\/www.europesays.com\/be-fr\/238348\/"},"modified":"2026-09-03T22:20:11","modified_gmt":"2026-09-03T22:20:11","slug":"drogue-et-insecurite-a-aumale-anderlecht-habitants-mobilises","status":"publish","type":"post","link":"https:\/\/www.europesays.com\/be-fr\/238348\/","title":{"rendered":"Drogue et ins\u00e9curit\u00e9 \u00e0 Aumale Anderlecht\u00a0: habitants mobilis\u00e9s"},"content":{"rendered":"<p>  <img decoding=\"async\" class=\"r-img lazyloaded\" src=\"\/sites\/all\/themes\/enacarbon_rtl\/images\/rtlinfo-192x192.png\" alt=\"Image auteur par d\u00e9faut\"\/><\/p>\n<p>par RTL info avec Belga<br \/>\n\tPubli\u00e9 le 03 septembre \u00e0 21h12<\/p>\n<p>  <a href=\"https:\/\/www.google.com\/preferences\/source?q=rtl%20info\" class=\"r-link--google-favorites\" role=\"button\">Ajoutez-nous \u00e0 vos favoris Google<\/a><br \/>\n\t\u00c0 Anderlecht, des habitants du quartier Aumale interpellent la commune pour d\u00e9noncer la multiplication des violences et des trafics li\u00e9s \u00e0 la drogue autour du parc Forestier et de la station de m\u00e9tro Aumale.<\/p>\n<p>&#13;<br \/>\n&#13;<\/p>\n<p>Des habitants du quartier Aumale ont interpell\u00e9, jeudi soir, le conseil communal d\u2019Anderlecht sur la d\u00e9gradation de la s\u00e9curit\u00e9 et de la salubrit\u00e9 autour du parc Forestier, de la place du Repos et de la station de m\u00e9tro Aumale, un \u00ab\u00a0hotspot\u00a0\u00bb r\u00e9gional depuis 2014. Ils ont r\u00e9clam\u00e9 des \u00ab\u00a0mesures urgentes, coordonn\u00e9es et visibles\u00a0\u00bb face \u00e0 une \u00ab\u00a0situation devenue intenable\u00a0\u00bb.<\/p>\n<p>Dans leur interpellation, les signataires d\u00e9noncent \u00ab\u00a0une aggravation manifeste de la consommation de stup\u00e9fiants en espace public\u00a0\u00bb, la pr\u00e9sence r\u00e9currente de seringues usag\u00e9es, des sc\u00e8nes de deal et des troubles \u00e0 l\u2019ordre public. \u00ab\u00a0Cette situation ne peut plus \u00eatre consid\u00e9r\u00e9e comme ponctuelle\u00a0\u00bb, soulignent-ils. Elle affecte, selon eux, la s\u00e9curit\u00e9 des riverains et leur qualit\u00e9 de vie.<\/p>\n<p>&#13;<br \/>\n&#13;<\/p>\n<p>&#13;<br \/>\n&#13;<\/p>\n<p>Les habitants demandent de \u00ab\u00a0mettre fin aux sc\u00e8nes de consommation et de deal \u00e0 ciel ouvert\u00a0\u00bb et de renforcer le nettoyage et le ramassage s\u00e9curis\u00e9 des d\u00e9chets, notamment des seringues. Ils r\u00e9clament une coordination entre police, sant\u00e9, pr\u00e9vention et aide sociale, afin d\u2019apporter \u00ab\u00a0une r\u00e9ponse durable \u00e0 cette situation, tant sur le plan s\u00e9curitaire que social et sanitaire\u00a0\u00bb.<\/p>\n<p>Un calendrier d\u2019action et un point de contact identifi\u00e9 figurent \u00e9galement parmi leurs demandes.<\/p>\n<p>\u00ab\u00a0On appelle la police, encore et encore\u00a0\u00bb<\/p>\n<p>\u00ab\u00a0C\u2019\u00e9tait un petit paradis. Depuis six ans, c\u2019est un enfer\u00a0\u00bb, t\u00e9moigne une riveraine signataire, install\u00e9e depuis 18 ans dans le quartier. Elle d\u00e9nonce notamment des sc\u00e8nes de prostitution dans le parc en journ\u00e9e. \u00ab\u00a0On appelle la police. Encore et encore.\u00a0\u00bb<\/p>\n<p>\n  &#13;<br \/>\n  \u00c0 lire aussi&#13;<br \/>\n  &#13;<\/p>\n<p>  <img decoding=\"async\" data-copyright=\"RTL info\" class=\"r-img\"  typeof=\"foaf:Image\" src=\"https:\/\/www.europesays.com\/be-fr\/wp-content\/uploads\/2026\/09\/97944554.jpeg\" alt=\"Bernard Quintin, ministre de l\u2019Int\u00e9rieur, sur le plateau du RTL info 19 heures\"\/><br \/>\n        <a class=\"r-stories--link\" href=\"https:\/\/www.rtl.be\/actu\/regions\/bruxelles\/ne-peut-pas-deshabiller-pierre-pour-habiller-paul-pourquoi-le-recrutement-de\/2026-08-22\/article\/798035\" rel=\"nofollow noopener\" target=\"_blank\">\u00ab\u00a0On ne peut pas d\u00e9shabiller Pierre pour habiller Paul\u00a0\u00bb\u00a0: pourquoi le recrutement de policiers pour lutter contre le narcotrafic est-il si compliqu\u00e9\u00a0?<\/a>&#13;<br \/>\n  &#13;<br \/>\n&#13;\n<\/p>\n<p>Cette interpellation intervient dans un contexte de violences, marqu\u00e9 par des coups de feu contre le commissariat de la rue D\u00e9mosth\u00e8ne. Celui-ci se trouve le long du parc Forestier, du c\u00f4t\u00e9 oppos\u00e9 \u00e0 la place du Repos et \u00e0 la station de m\u00e9tro Aumale.<\/p>\n<p>Plusieurs autres interpellations, une question orale et une proposition de motion sur la s\u00e9curit\u00e9 figurent \u00e0 l\u2019ordre du jour, \u00e0 l\u2019initiative d\u2019\u00e9lus de la majorit\u00e9 et de l\u2019opposition.<\/p>\n<p>&#13;<br \/>\n&#13;<\/p>\n<p>&#13;<br \/>\n&#13;<\/p>\n<p><a class=\"r-btn r-btn--tag\" href=\"https:\/\/www.rtl.be\/1054\/free-tags\/drogue\" title=\"drogue\" rel=\"nofollow noopener\" target=\"_blank\">drogue<\/a><br \/>\n<a class=\"r-btn r-btn--tag\" href=\"https:\/\/www.rtl.be\/5537\/locations\/bruxelles\" title=\"Bruxelles\" rel=\"nofollow noopener\" target=\"_blank\">Bruxelles<\/a><\/p>\n","protected":false},"excerpt":{"rendered":"par RTL info avec Belga Publi\u00e9 le 03 septembre \u00e0 21h12 Ajoutez-nous \u00e0 vos favoris Google \u00c0 Anderlecht,&hellip;\n","protected":false},"author":2,"featured_media":238349,"comment_status":"","ping_status":"","sticky":false,"template":"","format":"standard","meta":{"footnotes":"","_share_on_mastodon":"0"},"categories":[2],"tags":[142,48979,12,13,18,17,6390,5144,73977,73976,22,73975,651,73978],"class_list":["post-238348","post","type-post","status-publish","format-standard","has-post-thumbnail","category-belgique","tag-anderlecht","tag-aumale","tag-be","tag-be-fr","tag-belgique","tag-belgium","tag-deal","tag-drogue","tag-metro-aumale","tag-parc-forestier","tag-police","tag-prostitution","tag-securite","tag-seringues"],"share_on_mastodon":{"url":"https:\/\/pubeurope.com\/@be_fr\/117209440732801090","error":""},"_links":{"self":[{"href":"https:\/\/www.europesays.com\/be-fr\/wp-json\/wp\/v2\/posts\/238348","targetHints":{"allow":["GET"]}}],"collection":[{"href":"https:\/\/www.europesays.com\/be-fr\/wp-json\/wp\/v2\/posts"}],"about":[{"href":"https:\/\/www.europesays.com\/be-fr\/wp-json\/wp\/v2\/types\/post"}],"author":[{"embeddable":true,"href":"https:\/\/www.europesays.com\/be-fr\/wp-json\/wp\/v2\/users\/2"}],"replies":[{"embeddable":true,"href":"https:\/\/www.europesays.com\/be-fr\/wp-json\/wp\/v2\/comments?post=238348"}],"version-history":[{"count":0,"href":"https:\/\/www.europesays.com\/be-fr\/wp-json\/wp\/v2\/posts\/238348\/revisions"}],"wp:featuredmedia":[{"embeddable":true,"href":"https:\/\/www.europesays.com\/be-fr\/wp-json\/wp\/v2\/media\/238349"}],"wp:attachment":[{"href":"https:\/\/www.europesays.com\/be-fr\/wp-json\/wp\/v2\/media?parent=238348"}],"wp:term":[{"taxonomy":"category","embeddable":true,"href":"https:\/\/www.europesays.com\/be-fr\/wp-json\/wp\/v2\/categories?post=238348"},{"taxonomy":"post_tag","embeddable":true,"href":"https:\/\/www.europesays.com\/be-fr\/wp-json\/wp\/v2\/tags?post=238348"}],"curies":[{"name":"wp","href":"https:\/\/api.w.org\/{rel}","templated":true}]}}