{"id":238362,"date":"2026-09-03T22:34:12","date_gmt":"2026-09-03T22:34:12","guid":{"rendered":"https:\/\/www.europesays.com\/be-fr\/238362\/"},"modified":"2026-09-03T22:34:12","modified_gmt":"2026-09-03T22:34:12","slug":"inflammation-pour-lavalee-nsimba-pas-a-100-et-le-choix-jasper-les-dernieres-nouvelles-de-leffectif-du-standard-avant-la-reception-de-lantwerp","status":"publish","type":"post","link":"https:\/\/www.europesays.com\/be-fr\/238362\/","title":{"rendered":"Inflammation pour Laval\u00e9e, Nsimba pas \u00e0 100 % et le choix Jasper : les derni\u00e8res nouvelles de l&rsquo;effectif du Standard avant la r\u00e9ception de l&rsquo;Antwerp"},"content":{"rendered":"<p class=\"ap-StoryElement ap-StoryElement--mb ap-StoryText\">Mohammed El Hankouri et Marco Ilaimaharitra sont toujours indisponibles eux aussi. \u00ab\u00a0C&rsquo;est uniquement physique, cela n&rsquo;a rien \u00e0 avoir avec la fin du mercato\u00a0\u00bb, a assur\u00e9 Euvrard ce jeudi.<\/p>\n<p>guillement<\/p>\n<p class=\"ap-StoryQuote-text\">Je sais que Jasper peut \u00eatre un ouvre-bo\u00eete utile.<\/p>\n<p class=\"ap-StoryElement ap-StoryElement--mb ap-StoryText\">Enfin, l&rsquo;\u00e9tat de forme de Sylvester Jasper et Bruny Nsimba suscite lui aussi quelques curiosit\u00e9s. \u00ab\u00a0Sylvester est pr\u00eat mais c&rsquo;est un choix sportif de ma part (NdlR : de ne pas le faire jouer) et il y a de la concurrence. Je trouve que c&rsquo;est un tr\u00e8s bon joueur. Il sait marquer et faire marquer m\u00eame s&rsquo;il a rat\u00e9 cette grosse occasion lors du premier match contre le Cercle Bruges. Il \u00e9tait mont\u00e9 parce qu&rsquo;on avait besoin de marquer, justement. Dans les matchs suivants, on menait au score, donc mes besoins en sortie de banc \u00e9taient diff\u00e9rents. Mais je sais qu&rsquo;il peut \u00eatre un ouvre-bo\u00eete utile.\u00a0\u00bb<\/p>\n<p class=\"ap-StoryElement ap-StoryElement--mb ap-StoryText\">Et le grand Nsimba ? \u00ab\u00a0Il \u00e9tait en bonne forme durant la pr\u00e9paration bien qu&rsquo;il soit rest\u00e9 3-4 mois \u00e0 l&rsquo;arr\u00eat \u00e0 Dender la saison derni\u00e8re \u00e0 cause d&rsquo;une blessure. Mais lors du match contre Dunkerque (le 18 juillet), il a d\u00fb sortir \u00e0 cause d&rsquo;une blessure aux ischios. Il est bien rentr\u00e9 contre la RAAL (le 21 ao\u00fbt) mais, le lendemain, on avait pr\u00e9vu de le faire jouer 60 minutes contre nos U23 et il a senti une violente raideur. On a d\u00fb le calmer quelques jours. Je n&rsquo;ai absolument aucun doute sur ses qualit\u00e9s quand il est \u00e0 100 %, mais, pour l&rsquo;instant, il faut g\u00e9rer son retour progressivement.\u00a0\u00bb<\/p>\n<p class=\"ap-StoryElement ap-StoryElement--mb ap-StoryText\">La s\u00e9lection probable : Epolo, Pirard, Dizdarevic, Fossey, Lawrence, Hautekiet, Karamoko, Dierckx, Mortensen, Mohr, Sy, Trouillet, Fosso, Goemaere, Touzghar, Nielsen, Abid, Jasper, Drammeh, Nguene, Ayensa, Nsimba.<\/p>\n<p class=\"ap-StoryElement ap-StoryElement--mb ap-StoryText\">Non repris : Homawoo, Laval\u00e9e, Ilaimaharitra, El Hankouri (bless\u00e9s), Zeqiri (rythme).<\/p>\n","protected":false},"excerpt":{"rendered":"Mohammed El Hankouri et Marco Ilaimaharitra sont toujours indisponibles eux aussi. \u00ab\u00a0C&rsquo;est uniquement physique, cela n&rsquo;a rien \u00e0&hellip;\n","protected":false},"author":2,"featured_media":238363,"comment_status":"","ping_status":"","sticky":false,"template":"","format":"standard","meta":{"footnotes":"","_share_on_mastodon":"0"},"categories":[8],"tags":[10,12,13,18,17,1074,11],"class_list":["post-238362","post","type-post","status-publish","format-standard","has-post-thumbnail","category-actualites","tag-actualites","tag-be","tag-be-fr","tag-belgique","tag-belgium","tag-bruges","tag-news"],"share_on_mastodon":{"url":"https:\/\/pubeurope.com\/@be_fr\/117209495094847937","error":""},"_links":{"self":[{"href":"https:\/\/www.europesays.com\/be-fr\/wp-json\/wp\/v2\/posts\/238362","targetHints":{"allow":["GET"]}}],"collection":[{"href":"https:\/\/www.europesays.com\/be-fr\/wp-json\/wp\/v2\/posts"}],"about":[{"href":"https:\/\/www.europesays.com\/be-fr\/wp-json\/wp\/v2\/types\/post"}],"author":[{"embeddable":true,"href":"https:\/\/www.europesays.com\/be-fr\/wp-json\/wp\/v2\/users\/2"}],"replies":[{"embeddable":true,"href":"https:\/\/www.europesays.com\/be-fr\/wp-json\/wp\/v2\/comments?post=238362"}],"version-history":[{"count":0,"href":"https:\/\/www.europesays.com\/be-fr\/wp-json\/wp\/v2\/posts\/238362\/revisions"}],"wp:featuredmedia":[{"embeddable":true,"href":"https:\/\/www.europesays.com\/be-fr\/wp-json\/wp\/v2\/media\/238363"}],"wp:attachment":[{"href":"https:\/\/www.europesays.com\/be-fr\/wp-json\/wp\/v2\/media?parent=238362"}],"wp:term":[{"taxonomy":"category","embeddable":true,"href":"https:\/\/www.europesays.com\/be-fr\/wp-json\/wp\/v2\/categories?post=238362"},{"taxonomy":"post_tag","embeddable":true,"href":"https:\/\/www.europesays.com\/be-fr\/wp-json\/wp\/v2\/tags?post=238362"}],"curies":[{"name":"wp","href":"https:\/\/api.w.org\/{rel}","templated":true}]}}