{"id":238368,"date":"2026-09-03T22:38:36","date_gmt":"2026-09-03T22:38:36","guid":{"rendered":"https:\/\/www.europesays.com\/be-fr\/238368\/"},"modified":"2026-09-03T22:38:36","modified_gmt":"2026-09-03T22:38:36","slug":"nouvelle-ecole-typhee-loutsider-marseillais-illumine-la-saison-5-et-se-qualifie-en-finale","status":"publish","type":"post","link":"https:\/\/www.europesays.com\/be-fr\/238368\/","title":{"rendered":"\u00ab\u00a0Nouvelle \u00c9cole\u00a0\u00bb : Typhee, l&rsquo;outsider marseillais illumine la saison 5 et se qualifie en finale"},"content":{"rendered":"<p class=\"rev-margin-0 rev-text-xs-normal\">Typhee, rappeur marseillais, est qualifi\u00e9 en finale de l&rsquo;\u00e9mission de rap Nouvelle Ecole, sur Netflix.<\/p>\n<p class=\"rev-margin-0 rev-text-xs-bold\">DR<\/p>\n<p>\u00ab\u00a0Je passe par la Bricarde, je suis OK, elle me dit : t&rsquo;es carr\u00e9\u00a0\u00bb. Dans ses titres, le jeune rappeur Typhee &#8211; son pr\u00e9nom commence par les m\u00eames lettres mais reste inconnu &#8211; entra\u00eene le public gr\u00e2ce \u00e0 son \u00e9nergie solaire, \u00e0 l&rsquo;image de sa ville. Originaire de Marseille et avec \u00e0 peine un an de pratique dans la musique, il a cr\u00e9\u00e9 la surprise en validant son ticket pour l&rsquo;ultime \u00e9tape du concours de rap sur Netflix.<\/p>\n<p>Typhee est la r\u00e9v\u00e9lation inattendue de la saison 5 de Nouvelle \u00c9cole, diffus\u00e9e sur Netflix depuis le 26 ao\u00fbt 2026. Ce jeune artiste a su captiver le public et le jury gr\u00e2ce \u00e0 sa sinc\u00e9rit\u00e9 et une pr\u00e9sence sc\u00e9nique naturelle dans l&rsquo;\u00e9mission. Dans une saison o\u00f9 la plupart des candidats ont d\u00e9j\u00e0 un solide bagage, Typhee incarne l&rsquo;outsider : peu d&rsquo;exp\u00e9rience, mais un talent brut et une capacit\u00e9 \u00e0 accrocher d\u00e8s les premi\u00e8res rimes.<\/p>\n<p>Premi\u00e8res sorties sur Spotify<\/p>\n<p>Son projet T.Y, sorti sous forme d&rsquo;EP en juillet 2026 juste avant le lancement de l&rsquo;\u00e9mission, avec des morceaux comme \u00ab\u00a0Les Gar\u00e7ons Bruns\u00a0\u00bb ou \u00ab\u00a0P&rsquo;tit Kawa\u00a0\u00bb, a d\u00e9j\u00e0 marqu\u00e9 les esprits. Le jeune rappeur appara\u00eet d&rsquo;ailleurs aux c\u00f4t\u00e9s d&rsquo;un autre talent marseillais, Julien Vinh, dans le clip de ce dernier titre. Dans Nouvelle \u00c9cole, il s&rsquo;est illustr\u00e9 avec \u00ab\u00a0Samedi soir\u00a0\u00bb et \u00ab\u00a0Faire + que les autres\u00a0\u00bb, d\u00e9voilant son univers entre m\u00e9lodies solaires, m\u00e9lancolie et textes sans filtre.<\/p>\n<p>Typhee a collabor\u00e9 avec des artistes install\u00e9s tels que Khara, Messir, Celo, Garrinsha, Mehdi Miklo et Baddack, prouvant sa capacit\u00e9 \u00e0 tisser des liens dans la sc\u00e8ne rap.\u00a0Pour la premi\u00e8re fois, il montera sur sc\u00e8ne en solo lors de deux concerts : le 24 octobre 2026 \u00e0 la salle L&rsquo;affranchi \u00e0 Marseille, et le 26 octobre 2026 \u00e0 La Maroquinerie \u00e0 Paris.<\/p>\n","protected":false},"excerpt":{"rendered":"Typhee, rappeur marseillais, est qualifi\u00e9 en finale de l&rsquo;\u00e9mission de rap Nouvelle Ecole, sur Netflix. DR \u00ab\u00a0Je passe&hellip;\n","protected":false},"author":2,"featured_media":238369,"comment_status":"","ping_status":"","sticky":false,"template":"","format":"standard","meta":{"footnotes":"","_share_on_mastodon":"0"},"categories":[98],"tags":[41,12,13,18,17,96,4411,95,73982,73981,37076,107,108,3778,2723,1023,73980],"class_list":["post-238368","post","type-post","status-publish","format-standard","has-post-thumbnail","category-musique","tag-41","tag-be","tag-be-fr","tag-belgique","tag-belgium","tag-divertissement","tag-ecole","tag-entertainment","tag-illumine","tag-loutsider","tag-marseillais","tag-music","tag-musique","tag-nouvelle","tag-region","tag-saison","tag-typhee"],"share_on_mastodon":{"url":"https:\/\/pubeurope.com\/@be_fr\/117209511167273125","error":""},"_links":{"self":[{"href":"https:\/\/www.europesays.com\/be-fr\/wp-json\/wp\/v2\/posts\/238368","targetHints":{"allow":["GET"]}}],"collection":[{"href":"https:\/\/www.europesays.com\/be-fr\/wp-json\/wp\/v2\/posts"}],"about":[{"href":"https:\/\/www.europesays.com\/be-fr\/wp-json\/wp\/v2\/types\/post"}],"author":[{"embeddable":true,"href":"https:\/\/www.europesays.com\/be-fr\/wp-json\/wp\/v2\/users\/2"}],"replies":[{"embeddable":true,"href":"https:\/\/www.europesays.com\/be-fr\/wp-json\/wp\/v2\/comments?post=238368"}],"version-history":[{"count":0,"href":"https:\/\/www.europesays.com\/be-fr\/wp-json\/wp\/v2\/posts\/238368\/revisions"}],"wp:featuredmedia":[{"embeddable":true,"href":"https:\/\/www.europesays.com\/be-fr\/wp-json\/wp\/v2\/media\/238369"}],"wp:attachment":[{"href":"https:\/\/www.europesays.com\/be-fr\/wp-json\/wp\/v2\/media?parent=238368"}],"wp:term":[{"taxonomy":"category","embeddable":true,"href":"https:\/\/www.europesays.com\/be-fr\/wp-json\/wp\/v2\/categories?post=238368"},{"taxonomy":"post_tag","embeddable":true,"href":"https:\/\/www.europesays.com\/be-fr\/wp-json\/wp\/v2\/tags?post=238368"}],"curies":[{"name":"wp","href":"https:\/\/api.w.org\/{rel}","templated":true}]}}