{"id":238398,"date":"2026-09-03T23:17:35","date_gmt":"2026-09-03T23:17:35","guid":{"rendered":"https:\/\/www.europesays.com\/be-fr\/238398\/"},"modified":"2026-09-03T23:17:35","modified_gmt":"2026-09-03T23:17:35","slug":"teaser-pour-egregore-lavant-premiere-mylene-net","status":"publish","type":"post","link":"https:\/\/www.europesays.com\/be-fr\/238398\/","title":{"rendered":"Teaser pour \u00ab \u00c9gr\u00e9gore &#8211; L&#039;avant-premi\u00e8re \u00bb &#8211; Mylene.Net"},"content":{"rendered":"<p><a href=\"https:\/\/news.google.com\/rss\/articles\/CBMiYEFVX3lxTE5pZ1lXWUlfZS04Smh0OTd1MmloZlo5T0ZaSDVmS1k0Vm1qekdwaG96NFhmWHNZSjdGZkVnajc3Rl9uTEphWjgyWmxBVVNMNGcyYm53NTM2akM0VTZxMlI4cQ?oc=5\" target=\"_blank\" rel=\"nofollow noopener\">Teaser pour \u00ab \u00c9gr\u00e9gore &#8211; L&rsquo;avant-premi\u00e8re \u00bb<\/a>&nbsp;&nbsp;Mylene.Net<a href=\"https:\/\/news.google.com\/rss\/articles\/CBMixAFBVV95cUxNbV9lQ3F4RGZLQ3FDa2gyYjduSmMxWHNqWVplbzNfVWdRSy1ENksyNlhCV0pqU2x4RENaeUFEQ2FtekZMOEY2a2FnVkcwUzNra194UGJfcHZ5UVQzeHZxMk16bHQ3NUpXUHVLemtLeVhIU2VxVlBzaWUtTW5wU1h3QUdJUEJ0c1dSRXBvRDZscEh2WENSMEx5cTliMG5yeFZBNkhxRFEwSGFsQ0xEeHFpTzQxUFh1aXNybURxZUJnck1rVjEz?oc=5\" target=\"_blank\" rel=\"nofollow noopener\">O\u00f9 voir en IMAX le film qui d\u00e9voile le nouvel album de Myl\u00e8ne Farmer ?<\/a>&nbsp;&nbsp;20 Minutes<a href=\"https:\/\/news.google.com\/rss\/articles\/CBMi0wFBVV95cUxQYjRaUXJIUEJZeTRfeUxtaFlKcmlFSk1UbUt3MDRvMHJuTHZjR2xzS1dtbWEwUHd2ZmRNbWNuU00zSnpuYndlQmphYU1LcG5wSHlnUnhfWWVNNjFJTHEwWEM1VE5ld1JBNEtlVElsTHkxTGpOSl9mc1FDc1ZPTFhUdUJFQW5OcEVKTGRvbTRPZzZubVFkMmFyajdmZ3lscjNPcjlmZjBzMlBBMF9PZ2dxbVp3WS1vbWVGcGJ1VWN0Vm9lbjJSQVBQLV9RUzFEU09kdGJR?oc=5\" target=\"_blank\" rel=\"nofollow noopener\">Dole. Une s\u00e9ance exceptionnelle au Majestic pour d\u00e9couvrir le nouvel album de Myl\u00e8ne Farmer<\/a>&nbsp;&nbsp;Le Progr\u00e8s<a href=\"https:\/\/news.google.com\/rss\/articles\/CBMibkFVX3lxTE41cU4wUFlRYnQxYzlzQW5CTGJYYlZKMGtJQVRnRi16emFnLWJIZWx6aDZjZ1FMenBieXRTakRhcmdvMXpUSXlCUDdyVWVQakZzNjdXNmJfSXdRcjlvb3RvQnRrMWRyWkhPek15cGJ3?oc=5\" target=\"_blank\" rel=\"nofollow noopener\">Myl\u00e8ne Farmer \u2013 \u00c9gr\u00e9gore \u2013 L\u2019avant-premi\u00e8re : Cin\u00e9mas, s\u00e9ances et horaires &#8211; N\u00eemes<\/a>&nbsp;&nbsp;AlloCin\u00e9<a href=\"https:\/\/news.google.com\/rss\/articles\/CBMipAFBVV95cUxNalNXVDlBalQ0UU9uVUlublRiUTJaSGFSc2Yybk1CS2J0THJnYWRBWXdUaG0xeEFFZ1JNRlBLYzdBZWNLNHRaRmdlZVdfa2lrVnJIaWZMc2U3bG92aW8wVUdqZ0NnNEVsNEVXekdfZkRtZDZtZmpNSGt2bnRwcnFQUFpDNXprYW0yUUU3TTExb3dSVzRfMGxOQmtHSUE0bVQ1OW9XSQ?oc=5\" target=\"_blank\" rel=\"nofollow noopener\">Myl\u00e8ne Farmer, \u201c\u00c9gr\u00e9gore\u201d : o\u00f9 et quand voir son film au cin\u00e9ma ?<\/a>&nbsp;&nbsp;leclaireur.fnac.com<\/p>\n","protected":false},"excerpt":{"rendered":"Teaser pour \u00ab \u00c9gr\u00e9gore &#8211; L&rsquo;avant-premi\u00e8re \u00bb&nbsp;&nbsp;Mylene.NetO\u00f9 voir en IMAX le film qui d\u00e9voile le nouvel album de&hellip;\n","protected":false},"author":2,"featured_media":238399,"comment_status":"","ping_status":"","sticky":false,"template":"","format":"standard","meta":{"footnotes":"","_share_on_mastodon":"0"},"categories":[98],"tags":[12,13,18,17,96,95,8950,107,108,8949],"class_list":["post-238398","post","type-post","status-publish","format-standard","has-post-thumbnail","category-musique","tag-be","tag-be-fr","tag-belgique","tag-belgium","tag-divertissement","tag-entertainment","tag-farmer","tag-music","tag-musique","tag-mylene"],"share_on_mastodon":{"url":"https:\/\/pubeurope.com\/@be_fr\/117209664499972146","error":""},"_links":{"self":[{"href":"https:\/\/www.europesays.com\/be-fr\/wp-json\/wp\/v2\/posts\/238398","targetHints":{"allow":["GET"]}}],"collection":[{"href":"https:\/\/www.europesays.com\/be-fr\/wp-json\/wp\/v2\/posts"}],"about":[{"href":"https:\/\/www.europesays.com\/be-fr\/wp-json\/wp\/v2\/types\/post"}],"author":[{"embeddable":true,"href":"https:\/\/www.europesays.com\/be-fr\/wp-json\/wp\/v2\/users\/2"}],"replies":[{"embeddable":true,"href":"https:\/\/www.europesays.com\/be-fr\/wp-json\/wp\/v2\/comments?post=238398"}],"version-history":[{"count":0,"href":"https:\/\/www.europesays.com\/be-fr\/wp-json\/wp\/v2\/posts\/238398\/revisions"}],"wp:featuredmedia":[{"embeddable":true,"href":"https:\/\/www.europesays.com\/be-fr\/wp-json\/wp\/v2\/media\/238399"}],"wp:attachment":[{"href":"https:\/\/www.europesays.com\/be-fr\/wp-json\/wp\/v2\/media?parent=238398"}],"wp:term":[{"taxonomy":"category","embeddable":true,"href":"https:\/\/www.europesays.com\/be-fr\/wp-json\/wp\/v2\/categories?post=238398"},{"taxonomy":"post_tag","embeddable":true,"href":"https:\/\/www.europesays.com\/be-fr\/wp-json\/wp\/v2\/tags?post=238398"}],"curies":[{"name":"wp","href":"https:\/\/api.w.org\/{rel}","templated":true}]}}