{"id":238408,"date":"2026-09-03T23:32:20","date_gmt":"2026-09-03T23:32:20","guid":{"rendered":"https:\/\/www.europesays.com\/be-fr\/238408\/"},"modified":"2026-09-03T23:32:20","modified_gmt":"2026-09-03T23:32:20","slug":"jai-vu-ce-quil-a-connu-apres-mimie-mathy-dominique-besnehard-defend-patrick-bruel-qui-a-ete-plutot-harcele-a-une-periode-de-sa-vie","status":"publish","type":"post","link":"https:\/\/www.europesays.com\/be-fr\/238408\/","title":{"rendered":"J&rsquo;ai vu ce qu&rsquo;il a connu\u00a0\u00bb\u00a0: apr\u00e8s Mimie Mathy, Dominique Besnehard d\u00e9fend Patrick Bruel qui a \u00e9t\u00e9 \u00ab\u00a0plut\u00f4t harcel\u00e9 \u00e0 une p\u00e9riode de sa vie"},"content":{"rendered":"<p class=\"ap-StoryElement ap-StoryElement--mb ap-StoryText\">Dominique Besnehard nuance toutefois son propos. \u00ab\u00a0Mais peut-\u00eatre l&rsquo;\u00e2ge venu, il comprenait moins qu&rsquo;on lui dise &lsquo;non&rsquo;. Personnellement, tant que la pr\u00e9somption d&rsquo;innocence existe, je ne vais pas attaquer Bruel, j&rsquo;attends. Et c&rsquo;est quelqu&rsquo;un que je connais bien et que j&rsquo;estime\u00a0\u00bb.<\/p>\n<p class=\"ap-StoryElement ap-StoryElement--mb ap-StoryText\">\u00c0 l&rsquo;heure <a href=\"https:\/\/www.dhnet.be\/lifestyle\/people\/2026\/09\/03\/affaire-patrick-bruel-des-details-de-sa-garde-a-vue-ont-fuite-voici-ce-quil-a-repondu-aux-accusations-de-karine-viseur-5L5XYWGJCREGXHOJHJREIIZ5SU\/\" target=\"_self\" rel=\"nofollow noopener\">o\u00f9 des \u00e9l\u00e9ments de la proc\u00e9dure judiciaire viennent de fuiter<\/a>, il conclut en d\u00e9non\u00e7ant la \u00ab\u00a0folie m\u00e9diatique\u00a0\u00bb autour du chanteur et sa tourn\u00e9e. \u00ab\u00a0Je pense que c&rsquo;est la justice m\u00e9diatique qui est plus importante que la justice classique. Cela aurait \u00e9t\u00e9 un enfer pour lui. Mais j&rsquo;esp\u00e8re qu&rsquo;on va bien le juger et ne pas avoir des avis pr\u00e9con\u00e7us\u00a0\u00bb.<\/p>\n","protected":false},"excerpt":{"rendered":"Dominique Besnehard nuance toutefois son propos. \u00ab\u00a0Mais peut-\u00eatre l&rsquo;\u00e2ge venu, il comprenait moins qu&rsquo;on lui dise &lsquo;non&rsquo;. Personnellement,&hellip;\n","protected":false},"author":2,"featured_media":238409,"comment_status":"","ping_status":"","sticky":false,"template":"","format":"standard","meta":{"footnotes":"","_share_on_mastodon":"0"},"categories":[83],"tags":[4086,41,142,12,13,18,17,17712,56531,56532,96,95,1080,482,1752,1753,628,1754,56534,20683,1535,1758,894,1759,1760,1761,1763,1765,1766,906,369,1767,4087,1082,62954,1549],"class_list":["post-238408","post","type-post","status-publish","format-standard","has-post-thumbnail","category-divertissement","tag-tomassisk","tag-41","tag-anderlecht","tag-be","tag-be-fr","tag-belgique","tag-belgium","tag-courtrai","tag-de-kerels","tag-de-veekaa","tag-divertissement","tag-entertainment","tag-foot","tag-football","tag-jpl","tag-jupiler","tag-jupiler-pro-league","tag-koninklijke","tag-kv-kortrijk","tag-kvk","tag-league","tag-les-mauves","tag-match","tag-mauves","tag-paars","tag-paarswit","tag-r-s-c-a","tag-rsc","tag-rsca","tag-soccer","tag-sport","tag-sporting","tag-tomas-sisk","tag-voetbal","tag-voetbalclub","tag-wedstrijd"],"share_on_mastodon":{"url":"https:\/\/pubeurope.com\/@be_fr\/117209723462827636","error":""},"_links":{"self":[{"href":"https:\/\/www.europesays.com\/be-fr\/wp-json\/wp\/v2\/posts\/238408","targetHints":{"allow":["GET"]}}],"collection":[{"href":"https:\/\/www.europesays.com\/be-fr\/wp-json\/wp\/v2\/posts"}],"about":[{"href":"https:\/\/www.europesays.com\/be-fr\/wp-json\/wp\/v2\/types\/post"}],"author":[{"embeddable":true,"href":"https:\/\/www.europesays.com\/be-fr\/wp-json\/wp\/v2\/users\/2"}],"replies":[{"embeddable":true,"href":"https:\/\/www.europesays.com\/be-fr\/wp-json\/wp\/v2\/comments?post=238408"}],"version-history":[{"count":0,"href":"https:\/\/www.europesays.com\/be-fr\/wp-json\/wp\/v2\/posts\/238408\/revisions"}],"wp:featuredmedia":[{"embeddable":true,"href":"https:\/\/www.europesays.com\/be-fr\/wp-json\/wp\/v2\/media\/238409"}],"wp:attachment":[{"href":"https:\/\/www.europesays.com\/be-fr\/wp-json\/wp\/v2\/media?parent=238408"}],"wp:term":[{"taxonomy":"category","embeddable":true,"href":"https:\/\/www.europesays.com\/be-fr\/wp-json\/wp\/v2\/categories?post=238408"},{"taxonomy":"post_tag","embeddable":true,"href":"https:\/\/www.europesays.com\/be-fr\/wp-json\/wp\/v2\/tags?post=238408"}],"curies":[{"name":"wp","href":"https:\/\/api.w.org\/{rel}","templated":true}]}}