{"id":238420,"date":"2026-09-03T23:49:27","date_gmt":"2026-09-03T23:49:27","guid":{"rendered":"https:\/\/www.europesays.com\/be-fr\/238420\/"},"modified":"2026-09-03T23:49:27","modified_gmt":"2026-09-03T23:49:27","slug":"mercato-record-aussi-pour-le-foot-feminin-avec-25-millions-deuros-cet-ete-contre-85-milliards-deuros-pour-les-hommes","status":"publish","type":"post","link":"https:\/\/www.europesays.com\/be-fr\/238420\/","title":{"rendered":"Mercato record aussi pour le foot f\u00e9minin avec&#8230; 25 millions d&rsquo;euros cet \u00e9t\u00e9 contre 8,5 milliards d&rsquo;euros pour les hommes !"},"content":{"rendered":"<p class=\"ap-StoryElement ap-StoryElement--mb ap-StoryText\">\u00ab\u00a0Au total, 1.406 transferts internationaux ont \u00e9t\u00e9 enregistr\u00e9s dans le football professionnel f\u00e9minin, un chiffre in\u00e9dit qui repr\u00e9sente une augmentation de 19,2 % par rapport au pr\u00e9c\u00e9dent record\u00a0\u00bb, pr\u00e9cise la Fifa, un chiffre tir\u00e9 de son rapport International Transfert Snapshot publi\u00e9 jeudi.<\/p>\n<p class=\"ap-StoryElement ap-StoryElement--mb ap-StoryText\">Avec plus de 25 millions d&rsquo;euros, ces indemnit\u00e9s de transfert repr\u00e9sentent \u00ab\u00a0plus du double de la somme enregistr\u00e9e en 2025 sur la m\u00eame p\u00e9riode\u00a0\u00bb, ajoute la Fifa.<\/p>\n","protected":false},"excerpt":{"rendered":"\u00ab\u00a0Au total, 1.406 transferts internationaux ont \u00e9t\u00e9 enregistr\u00e9s dans le football professionnel f\u00e9minin, un chiffre in\u00e9dit qui repr\u00e9sente&hellip;\n","protected":false},"author":2,"featured_media":238421,"comment_status":"","ping_status":"","sticky":false,"template":"","format":"standard","meta":{"footnotes":"","_share_on_mastodon":"0"},"categories":[81],"tags":[4086,41,142,12,13,18,17,17712,56531,56532,1080,482,1752,1753,628,1754,56534,20683,1535,1758,894,1759,1760,1761,1763,1765,1766,906,369,1767,84,4087,1082,62954,1549],"class_list":["post-238420","post","type-post","status-publish","format-standard","has-post-thumbnail","category-sports","tag-tomassisk","tag-41","tag-anderlecht","tag-be","tag-be-fr","tag-belgique","tag-belgium","tag-courtrai","tag-de-kerels","tag-de-veekaa","tag-foot","tag-football","tag-jpl","tag-jupiler","tag-jupiler-pro-league","tag-koninklijke","tag-kv-kortrijk","tag-kvk","tag-league","tag-les-mauves","tag-match","tag-mauves","tag-paars","tag-paarswit","tag-r-s-c-a","tag-rsc","tag-rsca","tag-soccer","tag-sport","tag-sporting","tag-sports","tag-tomas-sisk","tag-voetbal","tag-voetbalclub","tag-wedstrijd"],"share_on_mastodon":{"url":"https:\/\/pubeurope.com\/@be_fr\/117209790338267444","error":""},"_links":{"self":[{"href":"https:\/\/www.europesays.com\/be-fr\/wp-json\/wp\/v2\/posts\/238420","targetHints":{"allow":["GET"]}}],"collection":[{"href":"https:\/\/www.europesays.com\/be-fr\/wp-json\/wp\/v2\/posts"}],"about":[{"href":"https:\/\/www.europesays.com\/be-fr\/wp-json\/wp\/v2\/types\/post"}],"author":[{"embeddable":true,"href":"https:\/\/www.europesays.com\/be-fr\/wp-json\/wp\/v2\/users\/2"}],"replies":[{"embeddable":true,"href":"https:\/\/www.europesays.com\/be-fr\/wp-json\/wp\/v2\/comments?post=238420"}],"version-history":[{"count":0,"href":"https:\/\/www.europesays.com\/be-fr\/wp-json\/wp\/v2\/posts\/238420\/revisions"}],"wp:featuredmedia":[{"embeddable":true,"href":"https:\/\/www.europesays.com\/be-fr\/wp-json\/wp\/v2\/media\/238421"}],"wp:attachment":[{"href":"https:\/\/www.europesays.com\/be-fr\/wp-json\/wp\/v2\/media?parent=238420"}],"wp:term":[{"taxonomy":"category","embeddable":true,"href":"https:\/\/www.europesays.com\/be-fr\/wp-json\/wp\/v2\/categories?post=238420"},{"taxonomy":"post_tag","embeddable":true,"href":"https:\/\/www.europesays.com\/be-fr\/wp-json\/wp\/v2\/tags?post=238420"}],"curies":[{"name":"wp","href":"https:\/\/api.w.org\/{rel}","templated":true}]}}