{"id":238428,"date":"2026-09-04T00:00:25","date_gmt":"2026-09-04T00:00:25","guid":{"rendered":"https:\/\/www.europesays.com\/be-fr\/238428\/"},"modified":"2026-09-04T00:00:25","modified_gmt":"2026-09-04T00:00:25","slug":"les-cheveux-blancs-seduisent-de-plus-en-plus-comment-les-assumer-et-les-sublimer","status":"publish","type":"post","link":"https:\/\/www.europesays.com\/be-fr\/238428\/","title":{"rendered":"Les cheveux blancs s\u00e9duisent de plus en plus\u00a0: comment les assumer et les sublimer"},"content":{"rendered":"\n<p>Preuve en est avec les stars de plus de 60 ans qui les assument sur le tapis rouge. Andie McDowell, Jamie Lee Curtis, Sharon Stone, Zazie\u2026<\/p>\n<p>\n  <img decoding=\"async\" data-copyright=\"News\" class=\"r-img\"  typeof=\"foaf:Image\" src=\"https:\/\/www.europesays.com\/be-fr\/wp-content\/uploads\/2026\/09\/99962187.jpeg\" alt=\"Hilarie Burton, Andie MacDowell et Zazie\"\/>Hilarie Burton, Andie MacDowell et Zazie &#8211; News\n<\/p>\n<p>Encore faut-il savoir accompagner cette transition et adopter les bons gestes pour r\u00e9v\u00e9ler tout l\u2019\u00e9clat de sa chevelure argent\u00e9e. Les conseils de Michel Sebahat, fondateur du salon Mitchell\u2019s \u00e0 Uccle.<\/p>\n<p>\n  <img decoding=\"async\" data-copyright=\"Instagram\" class=\"r-img\"  typeof=\"foaf:Image\" src=\"https:\/\/www.europesays.com\/be-fr\/wp-content\/uploads\/2026\/09\/99962306.jpeg\" alt=\"Michel Sebahat\"\/>Michel Sebahat &#8211; Instagram\n<\/p>\n<p>&gt; Une transition qui se pr\u00e9pare<\/p>\n<p>Les cheveux blancs n\u2019ont jamais \u00e9t\u00e9 aussi tendance. Pourtant, franchir le cap reste une \u00e9tape d\u00e9licate pour de nombreuses femmes habitu\u00e9es depuis des ann\u00e9es \u00e0 colorer leurs racines. Selon Michel Sebahat, il n\u2019existe pas de m\u00e9thode universelle\u00a0: chaque transition doit \u00eatre personnalis\u00e9e en fonction du visage, de l\u2019\u00e9tat du cheveu, du mode de vie et des habitudes d\u2019entretien. La solution la plus naturelle consiste \u00e0 laisser pousser progressivement les cheveux blancs jusqu\u2019\u00e0 ce qu\u2019ils remplacent enti\u00e8rement la coloration. Une option simple mais qui demande patience et acceptation d\u2019une phase interm\u00e9diaire parfois peu harmonieuse. Pour celles qui souhaitent acc\u00e9l\u00e9rer le processus, le coiffeur privil\u00e9gie une approche plus douce\u00a0: travailler des m\u00e8ches blondes, argent\u00e9es ou blanc nacr\u00e9 afin d\u2019estomper progressivement la d\u00e9marcation entre les racines naturelles et les longueurs color\u00e9es. L\u2019objectif n\u2019est pas de d\u00e9colorer l\u2019ensemble de la chevelure, mais de cr\u00e9er un raccord subtil qui accompagne la transition. Certaines femmes choisissent \u00e9galement de raccourcir leurs cheveux afin d\u2019\u00e9liminer plus rapidement les longueurs color\u00e9es. L\u00e0 encore, la d\u00e9cision d\u00e9pend avant tout du style recherch\u00e9 et de la personnalit\u00e9 de chacune.<\/p>\n<p>&#13;<br \/>\n&#13;<br \/>\n&gt; Le grey blending, la technique star<\/p>\n<p>Tr\u00e8s populaire depuis quelques ann\u00e9es, le grey blending consiste \u00e0 m\u00e9langer diff\u00e9rentes nuances de gris, d\u2019argent et de blond pour fondre les cheveux blancs dans l\u2019ensemble de la chevelure. Cette technique permet d\u2019adoucir la transition tout en limitant l\u2019effet racines. R\u00e9sultat\u00a0: un rendu naturel, lumineux et beaucoup moins contraignant qu\u2019une coloration classique n\u00e9cessitant des retouches mensuelles.<\/p>\n<p>&#13;<br \/>\n&#13;<\/p>\n<p>&#13;<br \/>\n&#13;<\/p>\n<p>&#13;<br \/>\n&#13;<br \/>\n&gt; Les cheveux blancs sont-ils vraiment diff\u00e9rents\u00a0?<\/p>\n<p>Le cheveu blanc n\u2019est pas seulement un cheveu d\u00e9pourvu de pigments. Sa structure \u00e9volue \u00e9galement avec le temps. Il peut devenir plus sec, plus r\u00eache et plus difficile \u00e0 discipliner. Michel Sebahat constate d\u2019ailleurs que certains cheveux blancs acceptent moins facilement la coloration. Dans certains cas, les \u00e9cailles du cheveu se ferment davantage, rendant la prise de la couleur plus compliqu\u00e9e. Cette \u00e9volution explique pourquoi une routine capillaire adapt\u00e9e devient essentielle. Le premier r\u00e9flexe consiste \u00e0 s\u2019int\u00e9resser \u00e0 l\u2019\u00e9tat du cuir chevelu. \u00ab\u00a0Le shampoing est destin\u00e9 au cuir chevelu, pas au cheveu\u00a0\u00bb, rappelle le professionnel. Un cuir chevelu sain pourra recevoir un shampoing hydratant classique, tandis que des d\u00e9mangeaisons ou des sensibilit\u00e9s n\u00e9cessiteront une formule sp\u00e9cifique. Pour les longueurs, ce sont les soins qui font toute la diff\u00e9rence. Masques nourrissants, soins r\u00e9g\u00e9n\u00e9rants et produits hydratants permettent de pr\u00e9server la souplesse et la brillance souvent mises \u00e0 mal par le vieillissement naturel du cheveu.<\/p>\n<p>&gt; Comment \u00e9viter les cheveux ternes ou jaunis<\/p>\n<p>L\u2019un des principaux d\u00e9fis des cheveux blancs reste le jaunissement. Pollution, exposition solaire, fum\u00e9e, eau calcaire ou encore chaleur excessive des appareils coiffants peuvent progressivement alt\u00e9rer leur \u00e9clat. \u00ab\u00a0Pour neutraliser ces reflets ind\u00e9sirables, les shampoings violets restent des alli\u00e9s incontournables. Utilis\u00e9s une fois par semaine ou tous les quinze jours selon les besoins, ils compensent les nuances jaunes et redonnent de la fra\u00eecheur \u00e0 la couleur. Attention toutefois \u00e0 ne pas en abuser. Une utilisation trop fr\u00e9quente peut provoquer des reflets violac\u00e9s peu flatteurs. Autre indispensable souvent n\u00e9glig\u00e9\u00a0: la protection thermique. Avant chaque brushing, l\u2019application d\u2019un soin protecteur limite les effets de la chaleur sur la fibre capillaire et pr\u00e9vient l\u2019apparition des reflets jaunes caus\u00e9s par l\u2019oxydation.\u00a0\u00bb<\/p>\n<p>\n  <img decoding=\"async\" data-copyright=\"Shutterstock\" class=\"r-img\"  typeof=\"foaf:Image\" src=\"https:\/\/www.europesays.com\/be-fr\/wp-content\/uploads\/2026\/09\/99959714.jpeg\" alt=\"shampoing_shutterstock_1258376773.jpg\"\/>Shutterstock\n<\/p>\n<p>&gt; Une coupe adapt\u00e9e pour mettre le blanc en valeur<\/p>\n<p>La coiffure doit avant tout s\u2019int\u00e9grer \u00e0 un ensemble coh\u00e9rent. \u00ab\u00a0Le cheveu est un v\u00e9ritable accessoire vestimentaire. Bien plus qu\u2019une simple question de longueur, une coupe r\u00e9ussie doit mettre en valeur les traits du visage, apporter du volume, du mouvement et refl\u00e9ter la personnalit\u00e9 de celle qui la porte. Les cheveux blancs gagnent particuli\u00e8rement \u00e0 \u00eatre travaill\u00e9s afin d\u2019\u00e9viter un effet plat ou fig\u00e9. D\u00e9grad\u00e9s l\u00e9gers, mouvements naturels et coiffages souples permettent de conserver fra\u00eecheur et modernit\u00e9. L\u2019essentiel reste de cr\u00e9er une harmonie entre la coiffure, le maquillage, le style vestimentaire et l\u2019attitude g\u00e9n\u00e9rale.\u00a0\u00bb<\/p>\n<p>\n  <img decoding=\"async\" data-copyright=\"Pinterest\" class=\"r-img\"  typeof=\"foaf:Image\" src=\"https:\/\/www.europesays.com\/be-fr\/wp-content\/uploads\/2026\/09\/99959693.jpeg\" alt=\"coupe.jpg\"\/>Pinterest\n<\/p>\n<p>&gt; Les bons r\u00e9flexes pour entretenir l\u2019\u00e9clat du blanc<\/p>\n<p>Au-del\u00e0 des soins quotidiens, Michel Sebahat recommande d\u2019int\u00e9grer un nettoyage plus profond \u00e0 sa routine. Une fois par mois, un gommage du cuir chevelu ou un rituel de type head spa permet d\u2019\u00e9liminer les r\u00e9sidus de produits coiffants, les particules de pollution et les impuret\u00e9s accumul\u00e9es. Comparable \u00e0 un gommage pour la peau, cette \u00e9tape offre une v\u00e9ritable sensation de fra\u00eecheur tout en optimisant l\u2019efficacit\u00e9 des soins appliqu\u00e9s ensuite. Les cheveux retrouvent alors davantage de l\u00e9g\u00e8ret\u00e9, de brillance et de souplesse. Le coiffeur conseille \u00e9galement de varier les gammes de soins au fil des besoins du cheveu. Comme la peau, le cuir chevelu peut s\u2019habituer \u00e0 certains actifs. Alterner entre des produits hydratants, r\u00e9g\u00e9n\u00e9rants ou volumateurs permet de r\u00e9pondre plus pr\u00e9cis\u00e9ment aux \u00e9volutions de la fibre capillaire.<\/p>\n<p>&#13;<br \/>\n&#13;<\/p>\n<p>\n  <img decoding=\"async\" data-copyright=\"Instagram\" class=\"r-img\"  typeof=\"foaf:Image\" src=\"https:\/\/www.europesays.com\/be-fr\/wp-content\/uploads\/2026\/09\/99959337.png\" alt=\"Head Spa.png\"\/>Instagram\n<\/p>\n<p>&gt; Les erreurs les plus fr\u00e9quentes<\/p>\n<p>\u00ab\u00a0La principale erreur reste de choisir ses produits au hasard ou sur recommandation des r\u00e9seaux sociaux sans tenir compte de ses besoins r\u00e9els. Un shampoing inadapt\u00e9 peut d\u00e9s\u00e9quilibrer le cuir chevelu. Un soin trop riche peut alourdir les cheveux fins. Un masque mal choisi peut ternir la chevelure au lieu de la sublimer. D\u2019o\u00f9 l\u2019importance d\u2019un diagnostic professionnel pour identifier les produits les plus adapt\u00e9s. Autre faux pas courant\u00a0: n\u00e9gliger la protection thermique ou utiliser syst\u00e9matiquement une chaleur excessive lors du coiffage. Sur des cheveux blancs, les cons\u00e9quences se voient particuli\u00e8rement vite.\u00a0\u00bb<\/p>\n<p>&gt; On a test\u00e9\u00a0: le rituel Chronologiste de K\u00e9rastase<\/p>\n<p>Confortablement install\u00e9e dans le fauteuil de l\u2019espace head spa du salon Mitchell\u2019s \u00e0 Uccle, nous avons test\u00e9 le protocole Chronologiste de K\u00e9rastase, un v\u00e9ritable rituel de r\u00e9g\u00e9n\u00e9ration d\u00e9di\u00e9 aux cheveux en qu\u00eate d\u2019\u00e9clat et de vitalit\u00e9. Pendant pr\u00e8s d\u2019une demi-heure, le temps semble suspendu. Le soin d\u00e9bute par l\u2019application de produits adapt\u00e9s, dont le c\u00e9l\u00e8bre masque Chronologiste enrichi de perles de caviar mim\u00e9tiques. Ce protocole promet de purifier le cuir chevelu, nourrir la fibre et redonner \u00e9clat aux cheveux ternes. Mais au-del\u00e0 de la promesse beaut\u00e9, c\u2019est surtout l\u2019exp\u00e9rience bien-\u00eatre qui s\u00e9duit. Le massage du cuir chevelu est un pur moment d\u2019\u00e9vasion\u00a0: des gestes pr\u00e9cis et enveloppants qui parcourent le cr\u00e2ne jusqu\u2019aux longueurs, invitant \u00e0 une profonde d\u00e9tente. Verdict\u00a0? A la sortie du salon, les cheveux paraissent visiblement plus brillants, plus souples et plus l\u00e9gers.<\/p>\n<p>\n  <img decoding=\"async\" class=\"r-img\"  typeof=\"foaf:Image\" src=\"https:\/\/www.europesays.com\/be-fr\/wp-content\/uploads\/2026\/09\/99959183.jpeg\" alt=\"Chronologist.jpg\"\/>\n<\/p>\n<p>&#13;<br \/>\n&#13;<\/p>\n","protected":false},"excerpt":{"rendered":"Preuve en est avec les stars de plus de 60 ans qui les assument sur le tapis rouge.&hellip;\n","protected":false},"author":2,"featured_media":238429,"comment_status":"","ping_status":"","sticky":false,"template":"","format":"standard","meta":{"footnotes":"","_share_on_mastodon":"0"},"categories":[83],"tags":[73989,12,13,18,17,68590,8240,7153,96,95,5231,23714,73990],"class_list":["post-238428","post","type-post","status-publish","format-standard","has-post-thumbnail","category-divertissement","tag-assumer","tag-be","tag-be-fr","tag-belgique","tag-belgium","tag-blancs","tag-cheveux","tag-comment","tag-divertissement","tag-entertainment","tag-plus","tag-seduisent","tag-sublimer"],"share_on_mastodon":{"url":"https:\/\/pubeurope.com\/@be_fr\/117209833924109530","error":""},"_links":{"self":[{"href":"https:\/\/www.europesays.com\/be-fr\/wp-json\/wp\/v2\/posts\/238428","targetHints":{"allow":["GET"]}}],"collection":[{"href":"https:\/\/www.europesays.com\/be-fr\/wp-json\/wp\/v2\/posts"}],"about":[{"href":"https:\/\/www.europesays.com\/be-fr\/wp-json\/wp\/v2\/types\/post"}],"author":[{"embeddable":true,"href":"https:\/\/www.europesays.com\/be-fr\/wp-json\/wp\/v2\/users\/2"}],"replies":[{"embeddable":true,"href":"https:\/\/www.europesays.com\/be-fr\/wp-json\/wp\/v2\/comments?post=238428"}],"version-history":[{"count":0,"href":"https:\/\/www.europesays.com\/be-fr\/wp-json\/wp\/v2\/posts\/238428\/revisions"}],"wp:featuredmedia":[{"embeddable":true,"href":"https:\/\/www.europesays.com\/be-fr\/wp-json\/wp\/v2\/media\/238429"}],"wp:attachment":[{"href":"https:\/\/www.europesays.com\/be-fr\/wp-json\/wp\/v2\/media?parent=238428"}],"wp:term":[{"taxonomy":"category","embeddable":true,"href":"https:\/\/www.europesays.com\/be-fr\/wp-json\/wp\/v2\/categories?post=238428"},{"taxonomy":"post_tag","embeddable":true,"href":"https:\/\/www.europesays.com\/be-fr\/wp-json\/wp\/v2\/tags?post=238428"}],"curies":[{"name":"wp","href":"https:\/\/api.w.org\/{rel}","templated":true}]}}