{"id":238436,"date":"2026-09-04T00:14:18","date_gmt":"2026-09-04T00:14:18","guid":{"rendered":"https:\/\/www.europesays.com\/be-fr\/238436\/"},"modified":"2026-09-04T00:14:18","modified_gmt":"2026-09-04T00:14:18","slug":"les-grosses-tetes-laurent-ruquier-annonce-larrivee-de-nouveaux-societaires","status":"publish","type":"post","link":"https:\/\/www.europesays.com\/be-fr\/238436\/","title":{"rendered":"Les Grosses T\u00eates : Laurent Ruquier annonce l&rsquo;arriv\u00e9e de nouveaux Soci\u00e9taires"},"content":{"rendered":"<p>Laurent Ruquier a d\u00e9voil\u00e9 lors de la conf\u00e9rence de presse de RTL le nom des nouveaux soci\u00e9taires qui allaient int\u00e9grer Les Grosses T\u00eates cette saison. Samuel Bambi, le grand gagnant de la derni\u00e8re saison de Danse avec les stars, a d\u00e9j\u00e0 fait ses d\u00e9buts dans l&rsquo;\u00e9mission. <\/p>\n<p>Les Grosses T\u00eates ont fait leur retour \u00e0 l&rsquo;antenne depuis le lundi 24 ao\u00fbt. La rentr\u00e9e de l&rsquo;\u00e9mission de RTL a \u00e9t\u00e9 endeuill\u00e9e par la disparition de <a href=\"https:\/\/www.programme-tv.net\/biographie\/11440-bouvard-philippe\/\" data-link-people=\"22eb8d27-2375-4d07-a8fa-c3c1fefc9b00\" rel=\"nofollow noopener\" target=\"_blank\">Philippe Bouvard<\/a>, son cr\u00e9ateur. Laurent Ruquier avait promis que de nouveaux soci\u00e9taires allaient int\u00e9grer la bande des Grosses T\u00eates pour cette nouvelle saison. Il a d\u00e9voil\u00e9 leurs noms lors de la conf\u00e9rence de presse de RTL.<\/p>\n<p>Comme le r\u00e9v\u00e8le <a href=\"https:\/\/www.ozap.com\/actu\/valerie-damidot-michel-field-sofia-belabbes-laurent-ruquier-devoile-lidentite-des-nouveaux-pensionnaires-des-grosses-tetes-de-rtl\/656759\" rel=\"nofollow noopener\" target=\"_blank\">Purem\u00e9dias<\/a>, l&rsquo;animateur a indiqu\u00e9 qu&rsquo;Alex Vizorek, <a href=\"https:\/\/www.programme-tv.net\/biographie\/164926-field-michel\/\" data-link-people=\"8911ec90-8112-4452-96c6-8517b5b16971\" rel=\"nofollow noopener\" target=\"_blank\">Michel Field<\/a>, <a href=\"https:\/\/www.programme-tv.net\/biographie\/23913-damidot-valerie\/\" data-link-people=\"69c227c0-0a70-452b-9056-eee6d6d5170c\" rel=\"nofollow noopener\" target=\"_blank\">Val\u00e9rie Damidot<\/a> ou Bertrand Beyern compteraient parmi ses petits nouveaux. Ce dernier est l&rsquo;auteur d&rsquo;ouvrages sur les cimeti\u00e8res fran\u00e7ais. Plusieurs humoristes devraient \u00e9galement rejoindre la bande de Laurent Ruquier.<\/p>\n<p>Il a cit\u00e9 les noms de Sofia Belabbes, membre du Jamel Comedy Club pass\u00e9e par France Inter, Thomas Marty ou de Thibaud Agoston, un stand-uppeur suisse.<\/p>\n<p>                        Chantal Ladesou ne devrait pas faire son retour dans l&rsquo;imm\u00e9diat dans Les Grosses T\u00eates<\/p>\n<p>Laurent Ruquier a d\u00e9j\u00e0 accueilli un nouveau visage depuis la rentr\u00e9e. <a href=\"https:\/\/www.programme-tv.net\/news\/people\/407229-les-grosses-tetes-un-gagnant-de-danse-avec-les-stars-rejoint-les-societaires-de-laurent-ruquier\/\" data-api-deeplink=\"teleloisirs:\/\/news\/407229\" rel=\"nofollow noopener\" target=\"_blank\">Samuel Bambi, le grand gagnant de la derni\u00e8re saison de Danse avec les stars, a ainsi fait ses premiers pas aux Grosses T\u00eates<\/a>. Il a en revanche annonc\u00e9 qu&rsquo;il faudrait <a href=\"https:\/\/www.programme-tv.net\/news\/people\/407283-les-grosses-tetes-laurent-ruquier-explique-pourquoi-chantal-ladesou-ne-peut-pas-revenir-dans-l-emission-pour-le-moment\/\" data-api-deeplink=\"teleloisirs:\/\/news\/407283\" rel=\"nofollow noopener\" target=\"_blank\">patienter avant de retrouver Chantal Ladesou au micro de l&rsquo;\u00e9mission<\/a>. \u00ab\u00a0Vous \u00eates en tournage, puisque maintenant vous \u00eates une vedette internationale de cin\u00e9ma, il faut bien le dire\u00a0\u00bb, avait-il indiqu\u00e9.<\/p>\n<p>L&rsquo;animateur avait aussi indiqu\u00e9 qu&rsquo;un chroniqueur des Grosses T\u00eates ne serait plus pr\u00e9sent dans l&rsquo;\u00e9mission \u00e0 compter de son retour \u00e0 l&rsquo;antenne. Marc-Antoine Lebret, qui concluait la quotidienne chaque jour, va \u00ab\u00a0se consacrer davantage \u00e0 la sc\u00e8ne la saison prochaine\u00a0\u00bb.<\/p>\n<p>            Laurent Ruquier a d\u00e9voil\u00e9 le nom de l&rsquo;\u00e9mission \u00e0 laquelle il ne souhaite surtout pas participer<\/p>\n<p>Laurent Ruquier avait r\u00e9v\u00e9l\u00e9 dans le podcast Censur\u00e9 qu&rsquo;il avait sign\u00e9 \u00ab\u00a0pour deux ann\u00e9es suppl\u00e9mentaires, juste avant l\u2019\u00e9t\u00e9\u00a0\u00bb pour l&rsquo;animation des Grosses T\u00eates. Il relativisait pourtant. \u00ab\u00a0J\u2019ai sign\u00e9 pour trois ans, mais il peut tr\u00e8s bien y avoir quelqu\u2019un qui me succ\u00e8de ou qui me remplace avant. On conna\u00eet ce m\u00e9tier. C\u2019est comme \u00e7a que \u00e7a se passe et il y a parfois des surprises\u00a0\u00bb, avait-il nuanc\u00e9.<\/p>\n<p>Au micro de la m\u00eame \u00e9mission, Laurent Ruquier avait expliqu\u00e9 pourquoi il ne participerait jamais \u00e0 Danse avec les stars. \u00ab\u00a0J&rsquo;ai vu quelques confr\u00e8res le faire. <a href=\"https:\/\/www.programme-tv.net\/news\/tv\/407347-je-les-ai-trouves-grotesques-laurent-ruquier-balance-sur-ses-confreres-qui-ont-participe-a-danse-avec-les-stars\/\" data-api-deeplink=\"teleloisirs:\/\/news\/407347\" rel=\"nofollow noopener\" target=\"_blank\">Je les ai trouv\u00e9s grotesques.<\/a> Je n&rsquo;ai pas envie d&rsquo;\u00eatre aussi grotesque qu&rsquo;eux\u00a0\u00bb, avait-il ass\u00e9n\u00e9. Il avait en revanche surpris en affirmant qu&rsquo;il aimerait devenir le directeur de la Star Academy si l&rsquo;occasion se pr\u00e9sentait.<\/p>\n","protected":false},"excerpt":{"rendered":"Laurent Ruquier a d\u00e9voil\u00e9 lors de la conf\u00e9rence de presse de RTL le nom des nouveaux soci\u00e9taires qui&hellip;\n","protected":false},"author":2,"featured_media":238437,"comment_status":"","ping_status":"","sticky":false,"template":"","format":"standard","meta":{"footnotes":"","_share_on_mastodon":"0"},"categories":[83],"tags":[12,13,18,17,118,96,95,3434,3436,5167,1729],"class_list":["post-238436","post","type-post","status-publish","format-standard","has-post-thumbnail","category-divertissement","tag-be","tag-be-fr","tag-belgique","tag-belgium","tag-commentaire","tag-divertissement","tag-entertainment","tag-laurent-ruquier","tag-les-grosses-tu00eates","tag-rtl","tag-zapping"],"share_on_mastodon":{"url":"https:\/\/pubeurope.com\/@be_fr\/117209888404674543","error":""},"_links":{"self":[{"href":"https:\/\/www.europesays.com\/be-fr\/wp-json\/wp\/v2\/posts\/238436","targetHints":{"allow":["GET"]}}],"collection":[{"href":"https:\/\/www.europesays.com\/be-fr\/wp-json\/wp\/v2\/posts"}],"about":[{"href":"https:\/\/www.europesays.com\/be-fr\/wp-json\/wp\/v2\/types\/post"}],"author":[{"embeddable":true,"href":"https:\/\/www.europesays.com\/be-fr\/wp-json\/wp\/v2\/users\/2"}],"replies":[{"embeddable":true,"href":"https:\/\/www.europesays.com\/be-fr\/wp-json\/wp\/v2\/comments?post=238436"}],"version-history":[{"count":0,"href":"https:\/\/www.europesays.com\/be-fr\/wp-json\/wp\/v2\/posts\/238436\/revisions"}],"wp:featuredmedia":[{"embeddable":true,"href":"https:\/\/www.europesays.com\/be-fr\/wp-json\/wp\/v2\/media\/238437"}],"wp:attachment":[{"href":"https:\/\/www.europesays.com\/be-fr\/wp-json\/wp\/v2\/media?parent=238436"}],"wp:term":[{"taxonomy":"category","embeddable":true,"href":"https:\/\/www.europesays.com\/be-fr\/wp-json\/wp\/v2\/categories?post=238436"},{"taxonomy":"post_tag","embeddable":true,"href":"https:\/\/www.europesays.com\/be-fr\/wp-json\/wp\/v2\/tags?post=238436"}],"curies":[{"name":"wp","href":"https:\/\/api.w.org\/{rel}","templated":true}]}}