{"id":238462,"date":"2026-09-04T01:01:11","date_gmt":"2026-09-04T01:01:11","guid":{"rendered":"https:\/\/www.europesays.com\/be-fr\/238462\/"},"modified":"2026-09-04T01:01:11","modified_gmt":"2026-09-04T01:01:11","slug":"a-63-ans-philippine-leroy-beaulieu-devient-le-nouveau-visage-de-la-marque-de-beaute-creee-par-lady-gaga","status":"publish","type":"post","link":"https:\/\/www.europesays.com\/be-fr\/238462\/","title":{"rendered":"\u00c0 63 ans, Philippine Leroy-Beaulieu devient le nouveau visage de la marque de beaut\u00e9 cr\u00e9\u00e9e par Lady Gaga"},"content":{"rendered":"<p class=\"ap-StoryElement ap-StoryElement--mb ap-StoryText\">Haus Labs tient sa nouvelle ambassadrice. Il s&rsquo;agit de Philippine Leroy-Beaulieu. \u00c0 63 ans, l&rsquo;actrice fran\u00e7aise est en effet le nouveau visage de la derni\u00e8re campagne de la marque cr\u00e9\u00e9e par Lady Gaga, \u00ab\u00a0We Love Concealer\u00a0\u00bb. Une campagne de publicit\u00e9 consacr\u00e9e \u00e0 l&rsquo;anti-cernes Triclone Skin Tech, l&rsquo;un des best-sellers de la marque.<\/p>\n<p class=\"ap-StoryElement ap-StoryElement--mb ap-StoryText\">\u00ab\u00a0J&rsquo;ai toujours pens\u00e9 que la confiance en soi na\u00eet du fait d&rsquo;assumer pleinement qui l&rsquo;on est et de s&rsquo;autoriser \u00e0 \u00e9voluer, plut\u00f4t que d&rsquo;essayer de correspondre \u00e0 une certaine id\u00e9e de la beaut\u00e9. Haus Labs c\u00e9l\u00e8bre cette m\u00eame individualit\u00e9 et cette libert\u00e9 d&rsquo;expression, c&rsquo;est pourquoi cette campagne avait tant de sens pour moi\u00a0\u00bb, s&rsquo;est r\u00e9jouie Philippine Leroy-Beaulieu dans un communiqu\u00e9, repris par Marie-Claire. La star de <a href=\"https:\/\/www.parismatch.be\/actualites\/people\/2025\/07\/31\/cet-acteur-de-la-serie-emily-in-paris-a-ete-ecarte-de-la-prochaine-saison-sans-menagement-jetais-incapable-de-men-remettre-RJKO3N2SZFHHROAL4M7ZLTCJ3M\/\" target=\"_self\" rel=\"nofollow noopener\">la s\u00e9rie \u00ab\u00a0Emily in Paris\u00a0\u00bb<\/a> \u00ab\u00a0trouve magnifique de faire partie d&rsquo;une marque qui donne \u00e0 chacun la libert\u00e9 de voir la beaut\u00e9 \u00e0 sa mani\u00e8re\u00a0\u00bb, a-t-elle ajout\u00e9.<\/p>\n","protected":false},"excerpt":{"rendered":"Haus Labs tient sa nouvelle ambassadrice. Il s&rsquo;agit de Philippine Leroy-Beaulieu. \u00c0 63 ans, l&rsquo;actrice fran\u00e7aise est en&hellip;\n","protected":false},"author":2,"featured_media":238463,"comment_status":"","ping_status":"","sticky":false,"template":"","format":"standard","meta":{"footnotes":"","_share_on_mastodon":"0"},"categories":[102],"tags":[145,12,13,18,17,10451,129,128,394,198,96,95,109,946,3037,10456,409,10457],"class_list":["post-238462","post","type-post","status-publish","format-standard","has-post-thumbnail","category-people","tag-architecture","tag-be","tag-be-fr","tag-belgique","tag-belgium","tag-built-structure","tag-celebrities","tag-celebrity","tag-city","tag-communication","tag-divertissement","tag-entertainment","tag-people","tag-sign","tag-sport-venue","tag-text","tag-transportation","tag-western-script"],"share_on_mastodon":{"url":"https:\/\/pubeurope.com\/@be_fr\/117210073427471808","error":""},"_links":{"self":[{"href":"https:\/\/www.europesays.com\/be-fr\/wp-json\/wp\/v2\/posts\/238462","targetHints":{"allow":["GET"]}}],"collection":[{"href":"https:\/\/www.europesays.com\/be-fr\/wp-json\/wp\/v2\/posts"}],"about":[{"href":"https:\/\/www.europesays.com\/be-fr\/wp-json\/wp\/v2\/types\/post"}],"author":[{"embeddable":true,"href":"https:\/\/www.europesays.com\/be-fr\/wp-json\/wp\/v2\/users\/2"}],"replies":[{"embeddable":true,"href":"https:\/\/www.europesays.com\/be-fr\/wp-json\/wp\/v2\/comments?post=238462"}],"version-history":[{"count":0,"href":"https:\/\/www.europesays.com\/be-fr\/wp-json\/wp\/v2\/posts\/238462\/revisions"}],"wp:featuredmedia":[{"embeddable":true,"href":"https:\/\/www.europesays.com\/be-fr\/wp-json\/wp\/v2\/media\/238463"}],"wp:attachment":[{"href":"https:\/\/www.europesays.com\/be-fr\/wp-json\/wp\/v2\/media?parent=238462"}],"wp:term":[{"taxonomy":"category","embeddable":true,"href":"https:\/\/www.europesays.com\/be-fr\/wp-json\/wp\/v2\/categories?post=238462"},{"taxonomy":"post_tag","embeddable":true,"href":"https:\/\/www.europesays.com\/be-fr\/wp-json\/wp\/v2\/tags?post=238462"}],"curies":[{"name":"wp","href":"https:\/\/api.w.org\/{rel}","templated":true}]}}