{"id":238476,"date":"2026-09-04T01:29:24","date_gmt":"2026-09-04T01:29:24","guid":{"rendered":"https:\/\/www.europesays.com\/be-fr\/238476\/"},"modified":"2026-09-04T01:29:24","modified_gmt":"2026-09-04T01:29:24","slug":"un-dimanche-a-la-campagne-change-de-programmation-sur-france-2-cette-semaine","status":"publish","type":"post","link":"https:\/\/www.europesays.com\/be-fr\/238476\/","title":{"rendered":"\u00ab\u00a0Un dimanche \u00e0 la campagne\u00a0\u00bb change de programmation sur France 2\u00a0cette semaine"},"content":{"rendered":"<p data-ofstats-scroll=\"read_depth_20\">Changement de programmation sur  <a href=\"https:\/\/programmetv.ouest-france.fr\/chaines\/programme-tv-france-2-4\/\" target=\"_self\" rel=\"nofollow noopener\">France 2<\/a> . Alors qu\u2019elle a fait son retour il y a quelques jours pour une nouvelle saison, l\u2019\u00e9mission Un dimanche \u00e0 la campagne ne proposera pas l\u2019\u00e9pisode annonc\u00e9. \u00ab\u00a0L\u2019\u00e9mission initialement pr\u00e9vue ce dimanche laisse finalement sa place \u00e0 un autre num\u00e9ro d\u2019Un dimanche \u00e0 la campagne\u00a0\u00bb, a annonc\u00e9 la production mardi 1er\u00a0septembre sur le compte Instagram de l\u2019\u00e9mission.<\/p>\n<p data-ofstats-scroll=\"read_depth_40\">Apr\u00e8s JoeyStarr, Alice Taglioni et Guillaume Gomez, qui \u00e9taient pr\u00e9sents pour le retour d\u2019Un dimanche \u00e0 la campagne le 30\u00a0ao\u00fbt, Fr\u00e9d\u00e9ric Lopez devait accueillir l\u2019animatrice Agathe Lecaron &#8211; qui officie d\u00e9sormais dans la deuxi\u00e8me partie de T\u00e9l\u00e9matin -, le DJ Mosimann et l\u2019humoriste Samuel Bambi &#8211; <a href=\"https:\/\/programmetv.ouest-france.fr\/divers\/divertissement\/danse-avec-les-stars-m95771566\/danse-avec-les-stars-samuel-bambi-remporte-la-saison-15-du-programme-de-tf1-on-vous-resume-la-finale-a52ef642-3a7f-11f1-9f4b-ab6e07a6e59a\" target=\"_self\" rel=\"nofollow noopener\">vainqueur de la derni\u00e8re \u00e9dition de <\/a>  <a href=\"https:\/\/programmetv.ouest-france.fr\/divers\/divertissement\/danse-avec-les-stars-m95771566\/danse-avec-les-stars-samuel-bambi-remporte-la-saison-15-du-programme-de-tf1-on-vous-resume-la-finale-a52ef642-3a7f-11f1-9f4b-ab6e07a6e59a\" target=\"_self\" rel=\"nofollow noopener\">Danse avec les stars<\/a>  sur TF1\u00a0-, dimanche 6\u00a0septembre \u00e0 15\u00a0h\u00a055.<\/p>\n<p>        L\u2019\u00e9pisode repouss\u00e9 d\u2019une semaine<\/p>\n<p data-ofstats-scroll=\"read_depth_50\">Un autre num\u00e9ro sera propos\u00e9. Les t\u00e9l\u00e9spectateurs retrouveront l\u2019actrice Marie Gillain,<a href=\"https:\/\/www.ouest-france.fr\/culture\/musiques\/sebastien-tellier-navigue-avec-brio-entre-deux-eaux-sur-kiss-the-beast-e59eacd6-fc22-11f0-9ec7-95d99014da7d\" target=\"_self\" rel=\"nofollow noopener\"> le musicien S\u00e9bastien Tellier<\/a> et l\u2019\u00e9crivain \u00e0 succ\u00e8s Michel Bussi. \u00ab\u00a0Mais pas d\u2019inqui\u00e9tude, pr\u00e9vient la production de l\u2019\u00e9mission. Vous retrouverez bien Agathe Lecaron, Mosimann et Samuel Bambi\u2026 la semaine prochaine\u00a0!\u00a0\u00bb L\u2019\u00e9pisode est simplement retard\u00e9 d\u2019une semaine et sera propos\u00e9 le dimanche 13\u00a0septembre.<\/p>\n<p data-ofstats-scroll=\"read_depth_60\">Lire aussi\u00a0:  <a href=\"https:\/\/programmetv.ouest-france.fr\/chaines\/programme-tv-france-2-4\/reportage-24h-dimmersion-frederic-lopez-stresse-nouveautes-on-a-assiste-au-tournage-d-un-dimanche-a-la-campagne-f5fc892c-9d80-11f1-a8ad-3219df531147\" target=\"_self\" rel=\"nofollow noopener\">REPORTAGE. 24h d\u2019immersion, Fr\u00e9d\u00e9ric Lopez stress\u00e9, nouveaut\u00e9s\u2026 On a assist\u00e9 au tournage d\u2019\u00ab\u00a0Un dimanche \u00e0 la campagne\u00a0\u00bb<\/a><\/p>\n<p data-ofstats-scroll=\"read_depth_70\">Une attente qui ne devrait pas influer sur les audiences du rendez-vous, qui a r\u00e9uni <a href=\"https:\/\/programmetv.ouest-france.fr\/chaines\/programme-tv-france-2-4\/un-dimanche-a-la-campagne-frederic-lopez-revient-fin-aout-sur-france-2-voici-les-invites-de-la-premiere-emission-bda58ed8-97eb-11f1-8c29-31ba9300fba3\" target=\"_self\" rel=\"nofollow noopener\">pour sa premi\u00e8re diffusion de la saison<\/a> 1\u00a0million de t\u00e9l\u00e9spectateurs, soit 13,2\u00a0% de l\u2019ensemble du public. Il n\u2019y a pas qu\u2019aupr\u00e8s du public que l\u2019\u00e9mission rencontre un tel succ\u00e8s. Du c\u00f4t\u00e9 des invit\u00e9s, le programme de Fr\u00e9d\u00e9ric Lopez est devenu un rendez-vous incontournable.<\/p>\n<p data-ofstats-scroll=\"read_depth_100\">\u00ab\u00a0J\u2019ai refus\u00e9 beaucoup de promo mais pour Un dimanche \u00e0 la campagne, j\u2019ai dit oui tout de suite\u00a0\u00bb, a notamment expliqu\u00e9 le chef Guillaume Gomez lors du tournage de l\u2019\u00e9mission. Une r\u00e9putation qui s\u2019explique notamment par la bienveillance de son animateur. \u00ab\u00a0Quand on pr\u00e9pare l\u2019\u00e9mission, la premi\u00e8re question que mes collaborateurs posent, c\u2019est\u00a0: \u201cDe quoi ne souhaitez-vous pas parler\u00a0?\u201d  Tout se fait ensemble, je n\u2019irai jamais sur un sujet sur lequel ils ne veulent pas\u00a0\u00bb, a d\u00e9velopp\u00e9 Fr\u00e9d\u00e9ric Lopez.<\/p>\n","protected":false},"excerpt":{"rendered":"Changement de programmation sur France 2 . Alors qu\u2019elle a fait son retour il y a quelques jours&hellip;\n","protected":false},"author":2,"featured_media":238477,"comment_status":"","ping_status":"","sticky":false,"template":"","format":"standard","meta":{"footnotes":"","_share_on_mastodon":"0"},"categories":[99],"tags":[1183,12,13,18,17,96,95,115,1346,112,1182],"class_list":["post-238476","post","type-post","status-publish","format-standard","has-post-thumbnail","category-television","tag-actualite-en-continu","tag-be","tag-be-fr","tag-belgique","tag-belgium","tag-divertissement","tag-entertainment","tag-france-2","tag-france-televisions","tag-television","tag-une"],"share_on_mastodon":{"url":"https:\/\/pubeurope.com\/@be_fr\/117210183280531339","error":""},"_links":{"self":[{"href":"https:\/\/www.europesays.com\/be-fr\/wp-json\/wp\/v2\/posts\/238476","targetHints":{"allow":["GET"]}}],"collection":[{"href":"https:\/\/www.europesays.com\/be-fr\/wp-json\/wp\/v2\/posts"}],"about":[{"href":"https:\/\/www.europesays.com\/be-fr\/wp-json\/wp\/v2\/types\/post"}],"author":[{"embeddable":true,"href":"https:\/\/www.europesays.com\/be-fr\/wp-json\/wp\/v2\/users\/2"}],"replies":[{"embeddable":true,"href":"https:\/\/www.europesays.com\/be-fr\/wp-json\/wp\/v2\/comments?post=238476"}],"version-history":[{"count":0,"href":"https:\/\/www.europesays.com\/be-fr\/wp-json\/wp\/v2\/posts\/238476\/revisions"}],"wp:featuredmedia":[{"embeddable":true,"href":"https:\/\/www.europesays.com\/be-fr\/wp-json\/wp\/v2\/media\/238477"}],"wp:attachment":[{"href":"https:\/\/www.europesays.com\/be-fr\/wp-json\/wp\/v2\/media?parent=238476"}],"wp:term":[{"taxonomy":"category","embeddable":true,"href":"https:\/\/www.europesays.com\/be-fr\/wp-json\/wp\/v2\/categories?post=238476"},{"taxonomy":"post_tag","embeddable":true,"href":"https:\/\/www.europesays.com\/be-fr\/wp-json\/wp\/v2\/tags?post=238476"}],"curies":[{"name":"wp","href":"https:\/\/api.w.org\/{rel}","templated":true}]}}