{"id":238478,"date":"2026-09-04T01:42:26","date_gmt":"2026-09-04T01:42:26","guid":{"rendered":"https:\/\/www.europesays.com\/be-fr\/238478\/"},"modified":"2026-09-04T01:42:26","modified_gmt":"2026-09-04T01:42:26","slug":"je-suis-en-chimio-yannick-lagriculteur-de-basseneville-revele-sa-leucemie-dans-lamour-est-dans-le-pre","status":"publish","type":"post","link":"https:\/\/www.europesays.com\/be-fr\/238478\/","title":{"rendered":"\u00ab Je suis en chimio \u00bb : Yannick, l\u2019agriculteur de Basseneville, r\u00e9v\u00e8le sa leuc\u00e9mie dans L\u2019amour est dans le pr\u00e9"},"content":{"rendered":"<p>                    Par<\/p>\n<p>            <a href=\"https:\/\/actu.fr\/auteur\/sophie-quesnel\" title=\"Consulter tous les articles de Sophie Quesnel\" rel=\"nofollow noopener\" target=\"_blank\">Sophie Quesnel<\/a><\/p>\n<p>        Publi\u00e9 le<\/p>\n<p>            2 sept. 2026 \u00e0 15h01        <\/p>\n<p>Il avait d\u00e9j\u00e0 connu les \u00e9preuves que la vie peut difficilement infliger davantage. Mais <a href=\"https:\/\/actu.fr\/normandie\/pont-l-eveque_14514\/agriculteur-du-pays-dauge-yannick-participe-a-lamour-est-dans-le-pre_63638016.html\" rel=\"nofollow noopener\" target=\"_blank\">Yannick <\/a>n\u2019est pas du genre \u00e0 baisser les bras.\u00a0Dans le troisi\u00e8me \u00e9pisode de la 21e saison de\u00a0<a href=\"https:\/\/www.m6.fr\/l-amour-est-dans-le-pre-p_857\" rel=\"nofollow noopener\" target=\"_blank\">L\u2019amour est dans le pr\u00e9<\/a>, l\u2019agriculteur de 64\u00a0ans, install\u00e9 \u00e0 Basseneville, dans le Calvados, r\u00e9v\u00e8le \u00e0 <a href=\"https:\/\/www.instagram.com\/karine.le.marchand\/\" rel=\"nofollow noopener\" target=\"_blank\">Karine Le Marchand <\/a>qu\u2019une leuc\u00e9mie a \u00e9t\u00e9 diagnostiqu\u00e9e ces derniers mois.<\/p>\n<p class=\" wall-content\">Une confidence bouleversante, faite alors que le candidat poursuit malgr\u00e9 tout son aventure \u00e0 la recherche de l\u2019amour.<\/p>\n<p class=\" wall-content\">Et derri\u00e8re cette annonce se dessine une nouvelle fois le parcours hors-norme de cet \u00e9leveur normand, d\u00e9j\u00e0 durement frapp\u00e9 par la vie.<\/p>\n<p>Une nouvelle \u00e9preuve qu\u2019il affronte avec un \u00e9tonnant optimisme<\/p>\n<p class=\" wall-content\">Lorsque Yannick retrouve Karine Le Marchand pour les speed-datings, il commence par raconter les nouveaux coups durs survenus depuis le tournage de son portrait.<\/p>\n<p>Depuis que je t\u2019ai vu au mois de juin, j\u2019ai eu pas mal de petits probl\u00e8mes.<\/p>\n<p>YannickVid\u00e9os : en ce moment sur Actu<\/p>\n<p class=\" wall-content\">Son poney nain Excalibur est mort. Celui-ci comptait particuli\u00e8rement pour son fils Antoine. Puis son chien Lasko a disparu \u00e0 son tour.<\/p>\n<p class=\" wall-content\">Mais ce n\u2019est pas tout.\u00a0Les m\u00e9decins ont \u00e9galement d\u00fb lui poser un pacemaker. \u00ab\u2009Les m\u00e9decins ont d\u00e9cid\u00e9 de me poser un pacemaker\u2009\u00bb, raconte-t-il \u00e0 l\u2019animatrice, avant de lui montrer la cicatrice laiss\u00e9e par l\u2019intervention.<\/p>\n<p class=\" wall-content\">C\u2019est au cours des examens r\u00e9alis\u00e9s \u00e0 cette occasion qu\u2019une autre anomalie a \u00e9t\u00e9 d\u00e9couverte.<\/p>\n<p class=\" wall-content\">Yannick l\u00e2che alors cette phrase\u2009: \u00ab\u2009J\u2019ai un autre souci qui m\u2019est arriv\u00e9. En faisant des analyses, on a d\u00e9tect\u00e9 que j\u2019avais une <a href=\"https:\/\/radiotherapie-hartmann.fr\/actualites\/cancer-du-sang\/leucemie-causes-symptomes-diagnostic-traitement-et-survie\/\" rel=\"nofollow noopener\" target=\"_blank\">leuc\u00e9mie<\/a>.\u2009\u00bb<\/p>\n<p class=\" wall-content\">Karine Le Marchand reste quelques secondes sans voix.<\/p>\n<p class=\" wall-content\">L\u2019agriculteur, lui, cherche imm\u00e9diatement \u00e0 la rassurer\u2009: \u00ab\u2009\u00c7a se soigne bien apparemment. La <a href=\"https:\/\/www.cancer.fr\/glossaire\/cancerologue\" rel=\"nofollow noopener\" target=\"_blank\">canc\u00e9rologue <\/a>est confiante, je suis en chimioth\u00e9rapie douce.\u2009\u00bb<\/p>\n<p class=\" wall-content\">Et surtout, il refuse de laisser la maladie prendre toute la place.<\/p>\n<p>\u00ab\u2009\u00c7a va le faire, \u00e7a va le faire\u2009\u00bb<\/p>\n<p class=\" wall-content\">Puis, \u00e9voquant ses derniers r\u00e9sultats\u2009: \u00ab\u2009L\u00e0, \u00e7a y est, les analyses montrent que \u00e7a s\u2019am\u00e9liore.\u2009\u00bb<\/p>\n<p class=\" wall-content\">Cette r\u00e9v\u00e9lation r\u00e9sonne d\u2019autant plus particuli\u00e8re pour\u00a0<a href=\"https:\/\/actu.fr\/le-pays-d-auge\/\" rel=\"nofollow noopener\" target=\"_blank\">Le Pays d\u2019Auge<\/a>, qui avait tent\u00e9 de joindre Yannick afin de recueillir son t\u00e9moignage.\u00a0Sans succ\u00e8s.<\/p>\n<p class=\" wall-content\">L\u2019agriculteur n\u2019avait pas donn\u00e9 suite \u00e0 nos sollicitations pour une interview.\u00a0Avec ce que l\u2019on d\u00e9couvre aujourd\u2019hui de son \u00e9tat de sant\u00e9, on peut naturellement se demander si les nombreux rendez-vous m\u00e9dicaux et les traitements qu\u2019il devait commencer n\u2019ont pas pes\u00e9 dans sa disponibilit\u00e9.<\/p>\n<p class=\" wall-content\">Mais impossible pour nous de l\u2019affirmer.\u00a0Yannick n\u2019a pas non plus pr\u00e9cis\u00e9 dans l\u2019\u00e9mission o\u00f9 il est suivi ni o\u00f9 sont r\u00e9alis\u00e9s ses traitements.<\/p>\n<p class=\" wall-content\">Une chose est certaine\u2009: au moment o\u00f9 il rencontre les pr\u00e9tendantes de\u00a0L\u2019amour est dans le pr\u00e9, Yannick doit d\u00e9j\u00e0 composer avec cette nouvelle bataille.<\/p>\n<p>Il avait d\u00e9j\u00e0 surv\u00e9cu \u00e0 deux arr\u00eats cardiaques<\/p>\n<p class=\" wall-content\">Cette leuc\u00e9mie vient s\u2019ajouter \u00e0 une histoire personnelle particuli\u00e8rement douloureuse.\u00a0Lors de son portrait, diffus\u00e9 en janvier, les t\u00e9l\u00e9spectateurs avaient d\u00e9couvert un homme marqu\u00e9 par plusieurs drames.<\/p>\n<p class=\" wall-content\">Yannick a eu deux enfants avec Nadine, qu\u2019il avait \u00e9pous\u00e9e en 1992\u2009: Antoine et Fabian, tous deux n\u00e9s avec un handicap psychomoteur.<\/p>\n<p class=\" wall-content\">Fabian, atteint notamment d\u2019une tumeur au cerveau qui l\u2019avait priv\u00e9 de la vue d\u00e8s sa naissance, est mort en avril\u00a02014, peu avant ses 18\u00a0ans.<\/p>\n<p class=\" wall-content\">\u00ab\u2009Il s\u2019est endormi paisiblement\u2009\u00bb, avait racont\u00e9 Yannick \u00e0 Karine Le Marchand.<\/p>\n<p class=\" wall-content\">Avant d\u2019ajouter, avec une \u00e9motion intacte\u2009: \u00ab\u2009C\u2019\u00e9tait tr\u00e8s dur, il n\u2019y a pas pire que de perdre son enfant.\u2009\u00bb<\/p>\n<p class=\" wall-content\">Sept ans plus tard, c\u2019est son \u00e9pouse Nadine qui disparaissait brutalement.<\/p>\n<p class=\" wall-content\">Une nouvelle trag\u00e9die pour Yannick, alors qu\u2019il avait lui-m\u00eame d\u00e9j\u00e0 surv\u00e9cu \u00e0\u00a0deux arr\u00eats cardiaques, en 2009 puis en 2019.<\/p>\n<p>\u00ab\u2009Je n\u2019ai pas de chance mais \u00e7a va aller\u2009\u00bb<\/p>\n<p class=\" wall-content\">\u00c0 64\u00a0ans, l\u2019agriculteur aurait pu consid\u00e9rer que le sort s\u2019acharne.\u00a0Lui pr\u00e9f\u00e8re regarder ailleurs.\u00a0Face \u00e0 Karine Le Marchand, il affiche une combativit\u00e9 presque d\u00e9sarmante. \u00ab\u2009Je n\u2019ai pas de chance mais \u00e7a va aller, je vais y arriver. Je ne suis pas inquiet.\u2009\u00bb<\/p>\n<p class=\" wall-content\">L\u2019animatrice, elle, ne cache pas son admiration. \u00ab\u2009Tu es exceptionnel, tu as toute mon admiration.\u2009\u00bb<\/p>\n<p class=\" wall-content\">Et Yannick veut croire que cette <a href=\"https:\/\/actu.fr\/tag\/lamour-est-dans-le-pre\" rel=\"nofollow noopener\" target=\"_blank\">aventure t\u00e9l\u00e9visuelle<\/a> peut justement lui donner une raison suppl\u00e9mentaire de se battre. \u00ab\u2009Et puis si on rencontre l\u2019\u00e2me s\u0153ur, elle va me booster.\u2009\u00bb<\/p>\n<p>Ses pr\u00e9tendantes savaient pour sa leuc\u00e9mie<\/p>\n<p class=\" wall-content\">Autre \u00e9l\u00e9ment important de la s\u00e9quence\u2009: les huit pr\u00e9tendantes venues rencontrer Yannick avaient \u00e9t\u00e9 inform\u00e9es de son \u00e9tat de sant\u00e9.<\/p>\n<p class=\" wall-content\">Aucune n\u2019a pour autant renonc\u00e9 \u00e0 faire sa connaissance.\u00a0Karine Le Marchand le lui souligne\u2009: \u00ab\u2009Il n\u2019y en a pas une qui a dit\u2009: \u201cOh non, c\u2019est trop compliqu\u00e9, j\u2019arr\u00eate\u201d.\u2009\u00bb Une r\u00e9action qui touche particuli\u00e8rement l\u2019agriculteur. \u00ab\u2009On s\u2019aper\u00e7oit que ce sont des bonnes personnes en fin de compte.\u2009\u00bb<\/p>\n<p class=\" wall-content\">Alors, malgr\u00e9 la maladie, malgr\u00e9 le <a href=\"https:\/\/www.hpsj.fr\/specialites\/cardiologie\/les-principales-pathologies\/pacemaker-stimulateur-cardiaque\/\" rel=\"nofollow noopener\" target=\"_blank\">pacemaker<\/a>, malgr\u00e9 les deuils qui ont jalonn\u00e9 son existence, Yannick continue.<\/p>\n<p class=\" wall-content\">Avec cette phrase qui r\u00e9sume peut-\u00eatre mieux que toutes les autres sa philosophie\u2009: \u00ab\u2009Il y a pire que moi.\u2009\u00bb Une fa\u00e7on de relativiser, mais surtout de continuer \u00e0 avancer.<\/p>\n<p class=\" wall-content\">Et peut-\u00eatre, cette fois, de laisser une place \u00e0 quelqu\u2019un \u00e0 ses c\u00f4t\u00e9s.<\/p>\n<p>Quand voir l\u2019\u00e9pisode\u2009?<\/p>\n<p class=\" wall-content\">Le\u00a0troisi\u00e8me \u00e9pisode de la saison 21 de\u00a0L\u2019amour est dans le pr\u00e9\u00a0sera diffus\u00e9\u00a0lundi 7\u00a0septembre 2026 \u00e0 21\u2009h\u200910 sur M6.<\/p>\n<p class=\" wall-content\">Mais les plus impatients peuvent d\u00e9j\u00e0 le d\u00e9couvrir\u2009: l\u2019\u00e9pisode est disponible en avant-premi\u00e8re sur la plateforme de streaming M6 +.<\/p>\n<p class=\" wall-content\">Personnalisez votre actualit\u00e9 en ajoutant vos villes et m\u00e9dias en favori avec <a href=\"https:\/\/moncompte.actu.fr\" title=\"D\u00e9couvez Mon Actu\" rel=\"nofollow noopener\" data-trk=\"{&quot;cta&quot;:{&quot;action&quot;:&quot;https:\\\/\\\/moncompte.actu.fr&quot;,&quot;category&quot;:&quot;mon compte&quot;,&quot;from&quot;:&quot;article footer&quot;,&quot;name&quot;:&quot;Mon actu&quot;,&quot;type&quot;:&quot;cta&quot;}}\" target=\"_blank\">Mon Actu<\/a>.<\/p>\n<p>                    <script async src=\"\/\/www.instagram.com\/embed.js\"><\/script><\/p>\n","protected":false},"excerpt":{"rendered":"Par Sophie Quesnel Publi\u00e9 le 2 sept. 2026 \u00e0 15h01 Il avait d\u00e9j\u00e0 connu les \u00e9preuves que la&hellip;\n","protected":false},"author":2,"featured_media":238479,"comment_status":"","ping_status":"","sticky":false,"template":"","format":"standard","meta":{"footnotes":"","_share_on_mastodon":"0"},"categories":[99],"tags":[12,13,18,17,96,95,4420,476,112],"class_list":["post-238478","post","type-post","status-publish","format-standard","has-post-thumbnail","category-television","tag-be","tag-be-fr","tag-belgique","tag-belgium","tag-divertissement","tag-entertainment","tag-lamour-est-dans-le-pre","tag-societe","tag-television"],"share_on_mastodon":{"url":"https:\/\/pubeurope.com\/@be_fr\/117210234630999505","error":""},"_links":{"self":[{"href":"https:\/\/www.europesays.com\/be-fr\/wp-json\/wp\/v2\/posts\/238478","targetHints":{"allow":["GET"]}}],"collection":[{"href":"https:\/\/www.europesays.com\/be-fr\/wp-json\/wp\/v2\/posts"}],"about":[{"href":"https:\/\/www.europesays.com\/be-fr\/wp-json\/wp\/v2\/types\/post"}],"author":[{"embeddable":true,"href":"https:\/\/www.europesays.com\/be-fr\/wp-json\/wp\/v2\/users\/2"}],"replies":[{"embeddable":true,"href":"https:\/\/www.europesays.com\/be-fr\/wp-json\/wp\/v2\/comments?post=238478"}],"version-history":[{"count":0,"href":"https:\/\/www.europesays.com\/be-fr\/wp-json\/wp\/v2\/posts\/238478\/revisions"}],"wp:featuredmedia":[{"embeddable":true,"href":"https:\/\/www.europesays.com\/be-fr\/wp-json\/wp\/v2\/media\/238479"}],"wp:attachment":[{"href":"https:\/\/www.europesays.com\/be-fr\/wp-json\/wp\/v2\/media?parent=238478"}],"wp:term":[{"taxonomy":"category","embeddable":true,"href":"https:\/\/www.europesays.com\/be-fr\/wp-json\/wp\/v2\/categories?post=238478"},{"taxonomy":"post_tag","embeddable":true,"href":"https:\/\/www.europesays.com\/be-fr\/wp-json\/wp\/v2\/tags?post=238478"}],"curies":[{"name":"wp","href":"https:\/\/api.w.org\/{rel}","templated":true}]}}