{"id":238480,"date":"2026-09-04T01:55:33","date_gmt":"2026-09-04T01:55:33","guid":{"rendered":"https:\/\/www.europesays.com\/be-fr\/238480\/"},"modified":"2026-09-04T01:55:33","modified_gmt":"2026-09-04T01:55:33","slug":"les-enfants-notamment-sur-les-questions-fondamentales-existentielles-de-la-mort-sont-sans-filtre-et-sinceres-la-nicoise-caroline-delage-revient-avec-une-nouvelle-sai","status":"publish","type":"post","link":"https:\/\/www.europesays.com\/be-fr\/238480\/","title":{"rendered":"\u00ab\u00a0Les enfants, notamment sur les questions fondamentales, existentielles, de la mort, sont sans filtre et sinc\u00e8res\u00a0\u00bb\u00a0: la Ni\u00e7oise Caroline Delage revient avec une nouvelle saison de son \u00e9mission \u00ab\u00a0Au tableau\u00a0\u00bb sur Canal +"},"content":{"rendered":"<p>C\u2019est un b\u00e9b\u00e9 dont la Ni\u00e7oise Caroline Delage est vraiment fi\u00e8re, et elle peut l\u2019\u00eatre. Au tableau, son concept lanc\u00e9 en 2017\u00a0dans la perspective de l\u2019\u00e9lection pr\u00e9sidentielle, revient sur Canal +\u00a0Kids avec une nouvelle salve d\u2019invit\u00e9s\u00a0: le vid\u00e9aste Inoxtag, les chanteuses Louane et Marine, les com\u00e9diens Ahmed Sylla et Jos\u00e9 Garcia, mais aussi Lilian Thuram, champion du monde 1998.<\/p>\n<p>Pour ce grand retour \u00e0 l\u2019antenne, c\u2019est Louane qui ouvre le bal. Le concept\u00a0? Les invit\u00e9s se pr\u00e9sentent face \u00e0 une classe h\u00e9t\u00e9rog\u00e8ne d\u2019\u00e9l\u00e8ves et va s\u2019ouvrir une discussion \u00e0 b\u00e2tons rompus, sans filtre, sans tabou. Une franche r\u00e9ussite qui rend fi\u00e8re l\u2019Azur\u00e9enne.<\/p>\n<p>Il faut se renouveler sans cesse et \u00e7a tient beaucoup au casting des invit\u00e9s. \u00c7a d\u00e9pend beaucoup de la g\u00e9n\u00e9rosit\u00e9 et de l\u2019investissement des personnalit\u00e9s qui arrivent \u00e0 l\u00e2cher prise et \u00e0 se laisser porter pendant une demi-heure avec les enfants. Sur cette nouvelle saison, on est bien servi, quelqu\u2019un comme Lilian Thuram, c\u2019est une belle surprise, il y a une notion de transmission tr\u00e8s pr\u00e9gnante chez lui. C\u2019est une classe que je constitue compl\u00e8tement. Ils ne se connaissent pas. Ils n\u2019ont pas tous le m\u00eame \u00e2ge. Ils viennent d\u2019un peu partout parce qu\u2019on essaie d\u2019avoir une repr\u00e9sentativit\u00e9 sociale, g\u00e9ographique. Et l\u00e0, \u00e7a fait un groupe vraiment avec une alchimie, une \u00e9nergie formidable. Et on a deux enfants trisomiques aussi qui nous ont rejoints, je tiens beaucoup \u00e0 cette notion d\u2019inclusion qui est un des enjeux soci\u00e9taux qui me tient le plus \u00e0 c\u0153ur.<\/p>\n<p class=\"fs-5 \">Que viennent chercher les invit\u00e9s dans ce concept\u00a0?<\/p>\n<p class=\"fs-5 \">C\u2019est vraiment un moment particulier parce qu\u2019il se passe des choses avec les enfants. D\u00e9j\u00e0, ils sont surpris, bien qu\u2019ils soient rompus \u00e0 la promotion, aux interviews. Louane nous a dit \u00eatre compl\u00e8tement d\u00e9stabilis\u00e9e. Il y a une question notamment sur la mort de ses parents et son rapport \u00e0 la mort qui l\u2019a compl\u00e8tement prise \u00e0 contre-courant. Et en m\u00eame temps, elle a beaucoup aim\u00e9 \u00eatre sortie de sa zone de confort parce que c\u2019est \u00e7a la recette magique de l\u2019\u00e9mission\u00a0: des questions qui d\u00e9sar\u00e7onnent, qui surprennent. Mais il y a toujours cette bienveillance qui fait qu\u2019on ne se sent jamais pris au pi\u00e8ge parce que les enfants sont bienveillants, ils ne sont pas du tout dans le jugement. Les enfants, notamment sur les questions fondamentales, existentielles, de la mort, sont sans filtre et sinc\u00e8res, et c\u2019est \u00e7a qui est chouette.<\/p>\n<p>        <img id=\"article-thumbnail-7\" src=\"https:\/\/www.europesays.com\/be-fr\/wp-content\/uploads\/2026\/09\/b282c9f_upload-from-url-1-zxrcupip5fdo-data-art-16383325.jpg\"   width=\"600\" height=\"400\" loading=\"lazy\" decoding=\"async\" alt=\"Caroline Delage dans ses bureaux parisiens. Photo M. Faure \" class=\"img-fluid position-absolute w-100 h-100 object-fit-cover rounded-2\"\/><\/p>\n<p class=\"fs-5 \">Et les enfants, comment vous les sentez\u00a0?<\/p>\n<p class=\"fs-5 \">Ils oublient vite les cam\u00e9ras. Ils ne sont pas stress\u00e9s, sont parfois surexcit\u00e9s. Surtout l\u00e0, on recevait Inoxtag, ils \u00e9taient comme des fous, \u00e7a leur parle beaucoup, c\u2019\u00e9tait un \u00e9v\u00e9nement. Mais ils oublient tr\u00e8s vite les cam\u00e9ras qui sont le plus cach\u00e9es possible. \u00c7a, c\u2019est aussi un des principes de l\u2019\u00e9mission\u00a0: on essaie de cr\u00e9er un \u00e9crin entre la personnalit\u00e9 et les enfants. Ils sont dans l\u2019\u00e9change et ils ont conscience de la chance inou\u00efe qu\u2019ils ont d\u2019\u00eatre en t\u00eate-\u00e0-t\u00eate comme \u00e7a.<\/p>\n<p class=\"border-start border-4 border-primary f-serif fs-5 text-primary fw-semibold ps-5 mb-0\">\n            \u00ab\u00a0Catherine Deneuve, par exemple, je pense qu\u2019il pourrait se passer quelque chose avec les enfants. Il y aurait un vrai contraste.\u00a0\u00bb\n        <\/p>\n<p class=\"fs-5 \">Id\u00e9alement, vous r\u00eaveriez de qui dans cette \u00e9mission\u00a0?<\/p>\n<p class=\"fs-5 \">J\u2019ai toujours mon r\u00eave de Barack Obama. L\u00e9on Marchand, \u00e7a reste un mod\u00e8le et quelqu\u2019un de tr\u00e8s inspirant. D\u2019autres cr\u00e9ateurs de contenu, comme L\u00e9na Situations, c\u2019est toujours int\u00e9ressant de rencontrer ce type de personnalit\u00e9. Apr\u00e8s, il y a la Pr\u00e9sidentielle qui arrive, donc j\u2019esp\u00e8re qu\u2019on va faire une saison avec les principaux candidats. J\u2019aime aller chercher des sportifs aussi, ce sont des gens qui ne sont pas tr\u00e8s communicants, donc des joueurs de l\u2019\u00e9quipe de France, ou du PSG, ce serait vraiment chouette. Une personnalit\u00e9 comme Catherine Deneuve, par exemple, je pense qu\u2019il pourrait se passer quelque chose avec les enfants. Il y aurait un vrai contraste.<\/p>\n<p class=\"fs-5 \">L\u2019\u00e9pisode dont vous \u00eates la plus satisfaite\u00a0?<\/p>\n<p class=\"fs-5 \">C\u2019est vrai que l\u2019\u00e9mission avec Emmanuel Macron en 2017\u00a0reste marquante, parce qu\u2019on l\u2019a tellement d\u00e9couvert dans cette \u00e9mission, \u00e7a reste un des souvenirs incroyables. Kylian Mbapp\u00e9 aussi, en 2018, c\u2019est le plus jeune des invit\u00e9s qu\u2019on ait re\u00e7us, et les enfants \u00e9taient tellement impressionn\u00e9s. Il y avait un silence dans la salle de classe, c\u2019\u00e9tait marrant.<\/p>\n<p class=\"fs-5 \">Le pays le plus surprenant dans lequel l\u2019\u00e9mission a \u00e9t\u00e9 adapt\u00e9e\u00a0?<\/p>\n<p class=\"fs-5 \">L\u2019Arabie saoudite, je pense. On recevait des cheikhs, des princes. Il y avait pas mal d\u2019autocensure dans les questions politiques mais la grande avanc\u00e9e, c\u2019est d\u2019avoir une classe mixte. Et c\u2019\u00e9tait la premi\u00e8re fois que les gar\u00e7ons et les filles \u00e9taient m\u00e9lang\u00e9s dans une classe. Et rien que pour \u00e7a, c\u2019\u00e9tait formidable d\u2019aller l\u00e0-bas et d\u2019assister \u00e0 l\u2019enregistrement, et de voir les gar\u00e7ons et les filles m\u00e9lang\u00e9s dans une classe pour l\u2019\u00e9mission.<\/p>\n<p class=\"fs-6\">\u00c0 partir du 2\u00a0septembre puis tous les premiers mercredis du mois \u00e0 10\u00a0h\u00a000\u00a0sur Canal +\u00a0Kids et disponible sur l\u2019App CANAL +<\/p>\n","protected":false},"excerpt":{"rendered":"C\u2019est un b\u00e9b\u00e9 dont la Ni\u00e7oise Caroline Delage est vraiment fi\u00e8re, et elle peut l\u2019\u00eatre. Au tableau, son&hellip;\n","protected":false},"author":2,"featured_media":238481,"comment_status":"","ping_status":"","sticky":false,"template":"","format":"standard","meta":{"footnotes":"","_share_on_mastodon":"0"},"categories":[99],"tags":[12,13,18,17,96,95,112],"class_list":["post-238480","post","type-post","status-publish","format-standard","has-post-thumbnail","category-television","tag-be","tag-be-fr","tag-belgique","tag-belgium","tag-divertissement","tag-entertainment","tag-television"],"share_on_mastodon":{"url":"https:\/\/pubeurope.com\/@be_fr\/117210285999439333","error":""},"_links":{"self":[{"href":"https:\/\/www.europesays.com\/be-fr\/wp-json\/wp\/v2\/posts\/238480","targetHints":{"allow":["GET"]}}],"collection":[{"href":"https:\/\/www.europesays.com\/be-fr\/wp-json\/wp\/v2\/posts"}],"about":[{"href":"https:\/\/www.europesays.com\/be-fr\/wp-json\/wp\/v2\/types\/post"}],"author":[{"embeddable":true,"href":"https:\/\/www.europesays.com\/be-fr\/wp-json\/wp\/v2\/users\/2"}],"replies":[{"embeddable":true,"href":"https:\/\/www.europesays.com\/be-fr\/wp-json\/wp\/v2\/comments?post=238480"}],"version-history":[{"count":0,"href":"https:\/\/www.europesays.com\/be-fr\/wp-json\/wp\/v2\/posts\/238480\/revisions"}],"wp:featuredmedia":[{"embeddable":true,"href":"https:\/\/www.europesays.com\/be-fr\/wp-json\/wp\/v2\/media\/238481"}],"wp:attachment":[{"href":"https:\/\/www.europesays.com\/be-fr\/wp-json\/wp\/v2\/media?parent=238480"}],"wp:term":[{"taxonomy":"category","embeddable":true,"href":"https:\/\/www.europesays.com\/be-fr\/wp-json\/wp\/v2\/categories?post=238480"},{"taxonomy":"post_tag","embeddable":true,"href":"https:\/\/www.europesays.com\/be-fr\/wp-json\/wp\/v2\/tags?post=238480"}],"curies":[{"name":"wp","href":"https:\/\/api.w.org\/{rel}","templated":true}]}}