{"id":238498,"date":"2026-09-04T02:40:12","date_gmt":"2026-09-04T02:40:12","guid":{"rendered":"https:\/\/www.europesays.com\/be-fr\/238498\/"},"modified":"2026-09-04T02:40:12","modified_gmt":"2026-09-04T02:40:12","slug":"36-semaines-de-grossesse-sans-saignement-le-rythme-cardiaque-du-foetus-est-toujours-bon-mais-luterus-sest-rompu","status":"publish","type":"post","link":"https:\/\/www.europesays.com\/be-fr\/238498\/","title":{"rendered":"36 semaines de grossesse sans saignement, le rythme cardiaque du f\u0153tus est toujours bon mais l&rsquo;ut\u00e9rus s&rsquo;est rompu"},"content":{"rendered":"<p>La femme enceinte N.T. N. H (28 ans), enceinte pour la deuxi\u00e8me fois \u00e0 36 semaines, s&rsquo;est rendue \u00e0 l&rsquo;h\u00f4pital central d&rsquo;obst\u00e9trique et de gyn\u00e9cologie &#8211; Site 2 en raison de douleurs abdominales. La patiente avait subi une c\u00e9sarienne en 2023 et avait des ant\u00e9c\u00e9dents de grossesse interstitielle sur le c\u00f4t\u00e9 droit.<\/p>\n<p>Au moment de son admission \u00e0 l&rsquo;h\u00f4pital, la femme enceinte \u00e9tait consciente, sa motricit\u00e9 \u00e9tait stable, il n&rsquo;y avait pas de saignement vaginal ni d&rsquo;\u00e9coulement d&rsquo;eau. Le suivi a enregistr\u00e9 environ 2 contractions ut\u00e9rines, mais le col de l&rsquo;ut\u00e9rus \u00e9tait toujours ferm\u00e9. L&rsquo;\u00e9chographie initiale a montr\u00e9 que la grossesse \u00e9tait stable, aucun saignement intra-abdominal n&rsquo;a \u00e9t\u00e9 enregistr\u00e9.<\/p>\n<p>La femme enceinte a \u00e9t\u00e9 transf\u00e9r\u00e9e dans la salle d&rsquo;accouchement pour continuer le suivi. Environ 30 \u00e0 40 minutes plus tard, la douleur n&rsquo;a pas diminu\u00e9 m\u00eame si les signes vitaux et le rythme cardiaque du f\u0153tus \u00e9taient toujours stables. Les m\u00e9decins ont proc\u00e9d\u00e9 \u00e0 un examen, \u00e0 une consultation et \u00e0 une \u00e9chographie approfondie.<\/p>\n<p>Les r\u00e9sultats ont montr\u00e9 qu&rsquo;il y avait une anomalie au coin droit de l&rsquo;ut\u00e9rus, des images de liquide amniotique et de membrane amniotique s&rsquo;\u00e9coulant \u00e0 travers cet endroit, formant un sac de liquide sous le coin du foie. Sur la base de l&rsquo;ant\u00e9c\u00e9dent de c\u00e9sarienne et de nombreuses op\u00e9rations de grossesse interstitielles, les m\u00e9decins ont estim\u00e9 qu&rsquo;il s&rsquo;agissait d&rsquo;un signe dangereux, suspectant une rupture du coin droit de l&rsquo;ut\u00e9rus.<\/p>\n<p>L&rsquo;\u00e9quipe a convenu de prescrire une c\u00e9sarienne d&rsquo;urgence. L&rsquo;op\u00e9ration a \u00e9t\u00e9 r\u00e9alis\u00e9e par le BSCKII Ph\u1ea1m V\u0103n Chung, chef adjoint du d\u00e9partement de la ligne directrice, H\u00f4pital central d&rsquo;obst\u00e9trique et de gyn\u00e9cologie, en tant que chirurgien principal.<\/p>\n<p>Pendant l&rsquo;op\u00e9ration, le gar\u00e7on de 3,1 kg a \u00e9t\u00e9 sorti en toute s\u00e9curit\u00e9. Lors de l&rsquo;examen de l&rsquo;ut\u00e9rus, les m\u00e9decins ont d\u00e9couvert une fissure d\u00e9sordonn\u00e9e d&rsquo;environ 3 cm de long dans le coin droit de l&rsquo;ut\u00e9rus. Une partie de la poche des eaux s&rsquo;est d\u00e9bord\u00e9e de la fissure. Pendant ce temps, l&rsquo;ancienne cicatrice de c\u00e9sarienne est rest\u00e9e intacte.<\/p>\n<p>Les m\u00e9decins ont rapidement contr\u00f4l\u00e9 les l\u00e9sions, enlev\u00e9 les l\u00e9gumes, sutur\u00e9 la rupture et arr\u00eat\u00e9 le saignement, pr\u00e9servant ainsi l&rsquo;ut\u00e9rus de la m\u00e8re.<\/p>\n<p>Selon les m\u00e9decins, la rupture ut\u00e9rine est une complication obst\u00e9tricale particuli\u00e8rement dangereuse, souvent impliquant des femmes enceintes ayant subi une intervention chirurgicale dans l&rsquo;ut\u00e9rus. Cependant, cette condition ne se manifeste pas toujours par une douleur intense, une perte de sang importante ou un choc.<\/p>\n<p>Le cas ci-dessus montre que m\u00eame si la femme enceinte est \u00e9veill\u00e9e, avec une h\u00e9modynamique stable, un bon rythme cardiaque f\u0153tal et sans saignement ni salivation, le risque de rupture ut\u00e9rine peut toujours survenir. Le suivi attentif de l&rsquo;\u00e9volution de la douleur, la r\u00e9\u00e9valuation lorsque les sympt\u00f4mes persistent et la consultation rapide jouent un r\u00f4le important dans la d\u00e9tection des complications.<\/p>\n<p>Les m\u00e9decins recommandent aux femmes enceintes ayant subi une c\u00e9sarienne ou une chirurgie ut\u00e9rine d&rsquo;\u00eatre \u00e9troitement surveill\u00e9es pendant la grossesse, en particulier en cas de douleurs abdominales ou de signes anormaux au cours des derni\u00e8res semaines.<\/p>\n","protected":false},"excerpt":{"rendered":"La femme enceinte N.T. N. H (28 ans), enceinte pour la deuxi\u00e8me fois \u00e0 36 semaines, s&rsquo;est rendue&hellip;\n","protected":false},"author":2,"featured_media":238499,"comment_status":"","ping_status":"","sticky":false,"template":"","format":"standard","meta":{"footnotes":"","_share_on_mastodon":"0"},"categories":[82],"tags":[12,13,18,17,48646,8262,74008,74011,818,86,74012,74009,38953,74010,87,1650],"class_list":["post-238498","post","type-post","status-publish","format-standard","has-post-thumbnail","category-sante","tag-be","tag-be-fr","tag-belgique","tag-belgium","tag-cesarienne","tag-chirurgie","tag-coeur-foetal","tag-examen-prenatal","tag-grossesse","tag-health","tag-hopital-central-de-maternite-et-de-gynecologie","tag-mesure-du-rythme-cardiaque-foetal","tag-placenta","tag-rupture-uterine","tag-sante","tag-uterus"],"share_on_mastodon":{"url":"https:\/\/pubeurope.com\/@be_fr\/117210462634046849","error":""},"_links":{"self":[{"href":"https:\/\/www.europesays.com\/be-fr\/wp-json\/wp\/v2\/posts\/238498","targetHints":{"allow":["GET"]}}],"collection":[{"href":"https:\/\/www.europesays.com\/be-fr\/wp-json\/wp\/v2\/posts"}],"about":[{"href":"https:\/\/www.europesays.com\/be-fr\/wp-json\/wp\/v2\/types\/post"}],"author":[{"embeddable":true,"href":"https:\/\/www.europesays.com\/be-fr\/wp-json\/wp\/v2\/users\/2"}],"replies":[{"embeddable":true,"href":"https:\/\/www.europesays.com\/be-fr\/wp-json\/wp\/v2\/comments?post=238498"}],"version-history":[{"count":0,"href":"https:\/\/www.europesays.com\/be-fr\/wp-json\/wp\/v2\/posts\/238498\/revisions"}],"wp:featuredmedia":[{"embeddable":true,"href":"https:\/\/www.europesays.com\/be-fr\/wp-json\/wp\/v2\/media\/238499"}],"wp:attachment":[{"href":"https:\/\/www.europesays.com\/be-fr\/wp-json\/wp\/v2\/media?parent=238498"}],"wp:term":[{"taxonomy":"category","embeddable":true,"href":"https:\/\/www.europesays.com\/be-fr\/wp-json\/wp\/v2\/categories?post=238498"},{"taxonomy":"post_tag","embeddable":true,"href":"https:\/\/www.europesays.com\/be-fr\/wp-json\/wp\/v2\/tags?post=238498"}],"curies":[{"name":"wp","href":"https:\/\/api.w.org\/{rel}","templated":true}]}}