{"id":238502,"date":"2026-09-04T02:52:38","date_gmt":"2026-09-04T02:52:38","guid":{"rendered":"https:\/\/www.europesays.com\/be-fr\/238502\/"},"modified":"2026-09-04T02:52:38","modified_gmt":"2026-09-04T02:52:38","slug":"celine-dion-multiplie-les-apparitions-mode-a-paris-avant-ses-concerts-evenement","status":"publish","type":"post","link":"https:\/\/www.europesays.com\/be-fr\/238502\/","title":{"rendered":"C\u00e9line Dion multiplie les apparitions mode \u00e0 Paris avant ses concerts \u00e9v\u00e9nement"},"content":{"rendered":"<p class=\"ta_left ls_components.article.body.text.letterSpacing ff_components.article.body.text.font lh_components.article.body.text.lineHeight smDown:fs_components.article.body.text.fontSize.sm md:fs_components.article.body.text.fontSize.md lg:fs_components.article.body.text.fontSize.lgUp lgTo2xl:fs_components.article.body.text.fontSize.lgUp\" data-cmp-type=\"lfs-cue-italic\" data-cmp=\"ArticleText\">C\u2019est l\u2019un des \u00e9v\u00e9nements les plus attendus de l\u2019ann\u00e9e\u00a0: <a data-prefetch=\"hover\" data-cmp=\"lfs-link\" href=\"https:\/\/sosoir.lesoir.be\/738063\/article\/2026-03-31\/celine-dion-sur-scene-retour-sur-ses-looks-de-tournee-iconiques\" target=\"_blank\" class=\"c_components.article.body.hyperlink.color td_underline ff_components.article.body.hyperlink.font fw_components.article.body.hyperlink.fontWeight fs_components.article.body.hyperlink.fontSize.lgUp smDown:fs_components.article.body.hyperlink.fontSize.sm mdDown:fs_components.article.body.hyperlink.fontSize.md\" rel=\"nofollow noopener\">C\u00e9line Dion fait son grand retour sur sc\u00e8ne<\/a>. La chanteuse qu\u00e9becoise se produira en septembre, octobre et mai prochain \u00e0 la Plenitude Arena dans le cadre d\u2019une r\u00e9sidence. L\u2019artiste est d\u2019ailleurs d\u00e9j\u00e0 dans la capitale fran\u00e7aise depuis la semaine derni\u00e8re. Vendredi dernier, elle faisait le show devant l\u2019entr\u00e9e du Royal Monceau, dans le VIIIe arrondissement, saluant ses nombreux fans venus faire le d\u00e9placement pour voir leur idole. En d\u00e9but de semaine, elle r\u00e9it\u00e9rait en chantant devant le public Pour que tu m\u2019aimes encore, l\u2019un de ses titres les plus embl\u00e9matiques.<\/p>\n<p>Le trench \u00e9vas\u00e9 sign\u00e9 Ala\u00efa<\/p>\n<p class=\"ta_left ls_components.article.body.text.letterSpacing ff_components.article.body.text.font lh_components.article.body.text.lineHeight smDown:fs_components.article.body.text.fontSize.sm md:fs_components.article.body.text.fontSize.md lg:fs_components.article.body.text.fontSize.lgUp lgTo2xl:fs_components.article.body.text.fontSize.lgUp\" data-cmp-type=\"paragraph\" data-cmp=\"ArticleText\">Au-del\u00e0 de ses apparitions remarqu\u00e9es, c\u2019est aussi les tenues port\u00e9es par C\u00e9line Dion qui ont retenu l\u2019attention. Depuis quelques ann\u00e9es, la chanteuse a entrepris un virage plus mode et plus tendance. Si elle arborait un look classique dans les ann\u00e9es 1990 et 2010, elle se pr\u00e9sente aujourd\u2019hui dans des silhouettes plus audacieuses o\u00f9 elle ose la couleur et les pi\u00e8ces fortes et d\u00e9structur\u00e9es. Elle l\u2019a d\u2019ailleurs prouv\u00e9 d\u00e8s sa premi\u00e8re apparition devant le Royal Monceau o\u00f9 elle arborait un magnifique trench sign\u00e9 de la Maison Ala\u00efa, nou\u00e9 \u00e0 la taille. Le v\u00eatement se d\u00e9marquait par sa nuance \u00e0 mi-chemin entre le beige et le kaki clair, mais surtout sa coupe \u00e9vas\u00e9e qui donnait \u00e0 C\u00e9line Dion des airs de danseuse. Le reste de sa tenue du jour \u00e9tait aussi sign\u00e9 Ala\u00efa, <a data-prefetch=\"hover\" data-cmp=\"lfs-link\" href=\"https:\/\/sosoir.lesoir.be\/726915\/article\/2026-02-05\/le-createur-belge-pieter-mulier-est-le-nouveau-directeur-artistique-de-versace\" target=\"_blank\" class=\"c_components.article.body.hyperlink.color td_underline ff_components.article.body.hyperlink.font fw_components.article.body.hyperlink.fontWeight fs_components.article.body.hyperlink.fontSize.lgUp smDown:fs_components.article.body.hyperlink.fontSize.sm mdDown:fs_components.article.body.hyperlink.fontSize.md\" rel=\"nofollow noopener\">dont le poste de directeur artistique est toujours vacant depuis le d\u00e9part du cr\u00e9ateur belge Pieter Mulier en f\u00e9vrier dernier<\/a>.<\/p>\n<p>Le perfecto effet \u00e9cailles Tom Ford<\/p>\n<p class=\"ta_left ls_components.article.body.text.letterSpacing ff_components.article.body.text.font lh_components.article.body.text.lineHeight smDown:fs_components.article.body.text.fontSize.sm md:fs_components.article.body.text.fontSize.md lg:fs_components.article.body.text.fontSize.lgUp lgTo2xl:fs_components.article.body.text.fontSize.lgUp\" data-cmp-type=\"lfs-cue-italic\" data-cmp=\"ArticleText\">Apr\u00e8s Ala\u00efa, C\u00e9line Dion a choisi Tom Ford avec un perfecto marron avec effet \u00e9caille sous lequel \u00e9tait gliss\u00e9 un haut noir. Un style un peu plus rock donc, mais efficace. L\u2019autre pi\u00e8ce forte de l\u2019outfit \u00e9tait le bermuda toujours sign\u00e9 Tom Ford. Le v\u00eatement fait son grand retour &#8211; <a data-prefetch=\"hover\" data-cmp=\"lfs-link\" href=\"https:\/\/sosoir.lesoir.be\/757446\/article\/2026-07-05\/longtemps-boude-et-juge-ringard-ce-vetement-dete-signe-son-grand-retour\" target=\"_blank\" class=\"c_components.article.body.hyperlink.color td_underline ff_components.article.body.hyperlink.font fw_components.article.body.hyperlink.fontWeight fs_components.article.body.hyperlink.fontSize.lgUp smDown:fs_components.article.body.hyperlink.fontSize.sm mdDown:fs_components.article.body.hyperlink.fontSize.md\" rel=\"nofollow noopener\">on avait aper\u00e7u Virginie Efira le porter \u00e0 l\u2019occasion du dernier Festival de Cannes<\/a>. Le bermuda semble donc rester un incontournable des garde-robes de cet automne \u00e0 venir. Pour casser le look et jouer la carte du contraste, C\u00e9line Dion portait des bottes hautes avec un petit talon, toujours avec le motif \u00e9caille.<\/p>\n<p><img alt=\"C\u00e9line Dion multiplie les apparitions mode \u00e0 Paris avant ses concerts \u00e9v\u00e9nement - Photo News - Audrey Morard\" class=\"h_100%\" data-original-url=\"fr-internal\/sites\/default\/files\/2026\/09\/03\/99957377.jpeg\" data-cmp=\"ImageUnpic\" loading=\"lazy\" decoding=\"async\" style=\"object-fit:cover;width:100%\"  src=\"https:\/\/www.europesays.com\/be-fr\/wp-content\/uploads\/2026\/09\/99957377.jpeg\"\/>Des \u00e9cailles et un bermuda pour l\u2019un des autres looks forts de C\u00e9line Dion \u00e0 Paris. &#8211; Photo News<\/p>\n<p>La robe noire en cuir froiss\u00e9 by Loewe<\/p>\n<p class=\"ta_left ls_components.article.body.text.letterSpacing ff_components.article.body.text.font lh_components.article.body.text.lineHeight smDown:fs_components.article.body.text.fontSize.sm md:fs_components.article.body.text.fontSize.md lg:fs_components.article.body.text.fontSize.lgUp lgTo2xl:fs_components.article.body.text.fontSize.lgUp\" data-cmp-type=\"lfs-cue-italic\" data-cmp=\"ArticleText\">Quelques jours plus tard, l\u2019interpr\u00e8te de S\u2019il suffisait d\u2019aimer attirait \u00e0 nouveau les regards dans une robe en cuir noire sculpturale de la marque espagnole Loewe. Le v\u00eatement \u00e9tait accompagn\u00e9 d\u2019une imposante tra\u00eene avec un effet fourrure pour un rendu toujours plus luxe. Pour la petite histoire, la robe est issue d\u2019un d\u00e9fil\u00e9 de la derni\u00e8re semaine de la Fashion Week \u00e0 Paris. Elle a \u00e9t\u00e9 imagin\u00e9e par les directeurs artistiques Jack McCollough et Lazaro Hernandez dans le cadre de la collection Loewe automne-hiver 2026-2027. Pour accompagner son look, C\u00e9line Dion a opt\u00e9 pour une pochette noire, toujours griff\u00e9e Loewe, d\u00e9nomm\u00e9e Flamenco.<\/p>\n<p><img alt=\"C\u00e9line Dion multiplie les apparitions mode \u00e0 Paris avant ses concerts \u00e9v\u00e9nement - Photo News - Audrey Morard\" class=\"h_100%\" data-original-url=\"fr-internal\/sites\/default\/files\/2026\/09\/03\/99954280.jpeg\" data-cmp=\"ImageUnpic\" loading=\"lazy\" decoding=\"async\" style=\"object-fit:cover;width:100%\"  src=\"https:\/\/www.europesays.com\/be-fr\/wp-content\/uploads\/2026\/09\/99954280.jpeg\"\/>C\u00e9line Dion a opt\u00e9 pour un total look Loewe. &#8211; Photo News<\/p>\n<p class=\"ta_left ls_components.article.body.text.letterSpacing ff_components.article.body.text.font lh_components.article.body.text.lineHeight smDown:fs_components.article.body.text.fontSize.sm md:fs_components.article.body.text.fontSize.md lg:fs_components.article.body.text.fontSize.lgUp lgTo2xl:fs_components.article.body.text.fontSize.lgUp\" data-cmp-type=\"paragraph\" data-cmp=\"ArticleText\">Il ressort de ces diff\u00e9rents looks parisiens un attrait pour des tonalit\u00e9s sobres et automnales, o\u00f9 les mati\u00e8res et les formes tiennent une place importante. Une chose est certaine, ces apparitions laissent pr\u00e9sager un show tr\u00e8s mode de la part de C\u00e9line Dion. La star a \u00e0 coeur de faire le show musicalement, mais aussi vestimentairement. Elle l\u2019avait d\u2019ailleurs prouv\u00e9 lors de sa prestation depuis la Tour Eiffel en juillet 2024 <a data-prefetch=\"hover\" data-cmp=\"lfs-link\" href=\"https:\/\/sosoir.lesoir.be\/614277\/article\/2024-07-29\/celine-dion-les-secrets-de-sa-tenue-la-ceremonie-douverture-des-jeux-olympiques\" target=\"_blank\" class=\"c_components.article.body.hyperlink.color td_underline ff_components.article.body.hyperlink.font fw_components.article.body.hyperlink.fontWeight fs_components.article.body.hyperlink.fontSize.lgUp smDown:fs_components.article.body.hyperlink.fontSize.sm mdDown:fs_components.article.body.hyperlink.fontSize.md\" rel=\"nofollow noopener\">\u00e0 l\u2019occasion de la c\u00e9r\u00e9monie d\u2019ouverture des Jeux olympiques de Paris 2024<\/a>. La Qu\u00e9becoise \u00e9tait v\u00eatue d\u2019une robe en georgette en soie blanche fabriqu\u00e9e par la maison Dior. Reste \u00e0 savoir quels couturiers et quelles marques elle mettra \u00e0 l\u2019honneur \u00e0 l\u2019occasion de sa r\u00e9sidence \u00e0 la Plenitude Arena. Une chose est s\u00fbre, le spectacle a d\u00e9j\u00e0 commenc\u00e9.<\/p>\n<p class=\"ta_left ls_components.article.body.text.letterSpacing ff_components.article.body.text.font lh_components.article.body.text.lineHeight smDown:fs_components.article.body.text.fontSize.sm md:fs_components.article.body.text.fontSize.md lg:fs_components.article.body.text.fontSize.lgUp lgTo2xl:fs_components.article.body.text.fontSize.lgUp\" data-cmp-type=\"lfs-cue-bold\" data-cmp=\"ArticleText\">On reste dans le th\u00e8me des people avec en vid\u00e9o Helena, notre reine de Belgique qui se confie pour So Soir\u00a0:<\/p>\n","protected":false},"excerpt":{"rendered":"C\u2019est l\u2019un des \u00e9v\u00e9nements les plus attendus de l\u2019ann\u00e9e\u00a0: C\u00e9line Dion fait son grand retour sur sc\u00e8ne. La&hellip;\n","protected":false},"author":2,"featured_media":238503,"comment_status":"","ping_status":"","sticky":false,"template":"","format":"standard","meta":{"footnotes":"","_share_on_mastodon":"0"},"categories":[98],"tags":[12,13,18,17,96,95,107,108],"class_list":["post-238502","post","type-post","status-publish","format-standard","has-post-thumbnail","category-musique","tag-be","tag-be-fr","tag-belgique","tag-belgium","tag-divertissement","tag-entertainment","tag-music","tag-musique"],"share_on_mastodon":{"url":"https:\/\/pubeurope.com\/@be_fr\/117210510273160524","error":""},"_links":{"self":[{"href":"https:\/\/www.europesays.com\/be-fr\/wp-json\/wp\/v2\/posts\/238502","targetHints":{"allow":["GET"]}}],"collection":[{"href":"https:\/\/www.europesays.com\/be-fr\/wp-json\/wp\/v2\/posts"}],"about":[{"href":"https:\/\/www.europesays.com\/be-fr\/wp-json\/wp\/v2\/types\/post"}],"author":[{"embeddable":true,"href":"https:\/\/www.europesays.com\/be-fr\/wp-json\/wp\/v2\/users\/2"}],"replies":[{"embeddable":true,"href":"https:\/\/www.europesays.com\/be-fr\/wp-json\/wp\/v2\/comments?post=238502"}],"version-history":[{"count":0,"href":"https:\/\/www.europesays.com\/be-fr\/wp-json\/wp\/v2\/posts\/238502\/revisions"}],"wp:featuredmedia":[{"embeddable":true,"href":"https:\/\/www.europesays.com\/be-fr\/wp-json\/wp\/v2\/media\/238503"}],"wp:attachment":[{"href":"https:\/\/www.europesays.com\/be-fr\/wp-json\/wp\/v2\/media?parent=238502"}],"wp:term":[{"taxonomy":"category","embeddable":true,"href":"https:\/\/www.europesays.com\/be-fr\/wp-json\/wp\/v2\/categories?post=238502"},{"taxonomy":"post_tag","embeddable":true,"href":"https:\/\/www.europesays.com\/be-fr\/wp-json\/wp\/v2\/tags?post=238502"}],"curies":[{"name":"wp","href":"https:\/\/api.w.org\/{rel}","templated":true}]}}