{"id":238512,"date":"2026-09-04T03:45:16","date_gmt":"2026-09-04T03:45:16","guid":{"rendered":"https:\/\/www.europesays.com\/be-fr\/238512\/"},"modified":"2026-09-04T03:45:16","modified_gmt":"2026-09-04T03:45:16","slug":"ariana-grande-avant-de-se-mettre-en-pause-la-star-fera-la-promotion-de-mon-beau-pere-ma-belle-fille-et-moi","status":"publish","type":"post","link":"https:\/\/www.europesays.com\/be-fr\/238512\/","title":{"rendered":"Ariana Grande : avant de se mettre en pause, la star fera la promotion de \u00abMon beau-p\u00e8re, ma belle-fille et moi\u00bb"},"content":{"rendered":"<p class=\"dm_article-chapeau\">Avant de faire une pause de la vie publique, Ariana Grande assurera la promotion du film \u00abMon beau-p\u00e8re, ma belle-fille et moi\u00bb, attendu en novembre prochain dans les salles.\u00a0<\/p>\n<p>Ariana Grande honore un dernier contrat avant de s\u2019octroyer du temps. La star, qui a achev\u00e9 mardi 1er septembre avec beaucoup d\u2019\u00e9motion sa tourn\u00e9e \u00abEternal Sunshine\u00bb, tiendra un dernier engagement avant de mettre en pause ses apparitions publiques pour une dur\u00e9e ind\u00e9termin\u00e9e.\u00a0<\/p>\n<p>Selon la presse am\u00e9ricaine, la trentenaire assurera la promotion un temps incertaine, du long m\u00e9trage \u00abMon beau-p\u00e8re, ma belle-fille et moi\u00bb, avec <a href=\"https:\/\/www.cnews.fr\/robert-de-niro\" rel=\"nofollow noopener\" target=\"_blank\">Robert de Niro<\/a> et Ben Stiller \u00e0 l\u2019automne prochain et devrait donc fouler les tapis rouges aux c\u00f4t\u00e9s de ses partenaires.\u00a0 \u00a0<\/p>\n<p>\u00abAriana Grande reste d\u00e9termin\u00e9e \u00e0 promouvoir \u00ab\u00a0Mon beau-p\u00e8re, ma belle-fille et moi\u00a0\u00bb cet automne avant sa pause, car elle est tr\u00e8s fi\u00e8re du film\u00bb, a ainsi confi\u00e9 une source \u00e0 <a href=\"https:\/\/people.com\/ariana-grande-is-committed-to-promoting-focker-in-law-ahead-of-planned-break-source-12077241\" rel=\"nofollow noopener\" target=\"_blank\">People<\/a>. Une information \u00e9galement confirm\u00e9e par le magazine Billboard.\u00a0<\/p>\n<p>Une derni\u00e8re apparition m\u00e9diatique<\/p>\n<p>Il devrait donc s\u2019agira de sa derni\u00e8re apparition m\u00e9diatique avant son retrait de la vie publique pour un certain temps. D\u00e9but ao\u00fbt, la chanteuse avait annonc\u00e9 son intention de faire une pause de la vie publique, apr\u00e8s avoir fait l\u2019objet de commentaires incessants sur son physique et sa sant\u00e9 ces derni\u00e8res ann\u00e9es. Dans la foul\u00e9e, sa participation \u00e0 la com\u00e9die musicale \u00abSunday in the Park with George\u00bb de Stephen Sondheim \u00e0 Londres, o\u00f9 elle devait donner la r\u00e9plique \u00e0 Jonathan Bailey, a \u00e9t\u00e9 annul\u00e9e.\u00a0\u00a0<\/p>\n<p>\u00abElle a h\u00e2te de terminer la tourn\u00e9e en beaut\u00e9, en pleine forme et heureuse, puis de prendre une pause bien m\u00e9rit\u00e9e loin des apparitions publiques, qui ont engendr\u00e9 une surveillance m\u00e9diatique incessante\u00bb, avait indiqu\u00e9 son repr\u00e9sentant \u00e0 l\u2019\u00e9poque.\u00a0<\/p>\n<p>\u00ab<a href=\"https:\/\/www.cnews.fr\/culture\/2024-12-11\/mon-beau-pere-et-moi-un-4e-opus-de-la-franchise-en-preparation-avec-ben-stiller\" rel=\"nofollow noopener\" target=\"_blank\">Mon beau-p\u00e8re, ma belle-fille et moi<\/a>\u00bb, quatri\u00e8me volet de la franchise, est attendu le 25 novembre dans les salles fran\u00e7aises. Il fait suite \u00e0 \u00abMon beau p\u00e8re et nous\u00bb, sorti en 2010, \u00abMon beau-p\u00e8re, mes parents et moi\u00bb, d\u00e9voil\u00e9 en 2004 et \u00abMon beau-p\u00e8re et moi\u00bb, sorti en\u00a02000.\u00a0<\/p>\n<p>Nouvelle recrue de la franchise, <a href=\"https:\/\/www.cnews.fr\/ariana-grande\" rel=\"nofollow noopener\" target=\"_blank\">Ariana Grande<\/a> &#8211; nomm\u00e9e aux Oscars pour son r\u00f4le dans \u00abWicked\u00bb l\u2019ann\u00e9e derni\u00e8re &#8211; campera dans ce nouveau volet la belle-fille de Ben Stiller.\u00a0\u00a0<\/p>\n","protected":false},"excerpt":{"rendered":"Avant de faire une pause de la vie publique, Ariana Grande assurera la promotion du film \u00abMon beau-p\u00e8re,&hellip;\n","protected":false},"author":2,"featured_media":238513,"comment_status":"","ping_status":"","sticky":false,"template":"","format":"standard","meta":{"footnotes":"","_share_on_mastodon":"0"},"categories":[98],"tags":[13411,12,13,18,17,96,95,107,108],"class_list":["post-238512","post","type-post","status-publish","format-standard","has-post-thumbnail","category-musique","tag-ariana-grande","tag-be","tag-be-fr","tag-belgique","tag-belgium","tag-divertissement","tag-entertainment","tag-music","tag-musique"],"share_on_mastodon":{"url":"https:\/\/pubeurope.com\/@be_fr\/117210718351548440","error":""},"_links":{"self":[{"href":"https:\/\/www.europesays.com\/be-fr\/wp-json\/wp\/v2\/posts\/238512","targetHints":{"allow":["GET"]}}],"collection":[{"href":"https:\/\/www.europesays.com\/be-fr\/wp-json\/wp\/v2\/posts"}],"about":[{"href":"https:\/\/www.europesays.com\/be-fr\/wp-json\/wp\/v2\/types\/post"}],"author":[{"embeddable":true,"href":"https:\/\/www.europesays.com\/be-fr\/wp-json\/wp\/v2\/users\/2"}],"replies":[{"embeddable":true,"href":"https:\/\/www.europesays.com\/be-fr\/wp-json\/wp\/v2\/comments?post=238512"}],"version-history":[{"count":0,"href":"https:\/\/www.europesays.com\/be-fr\/wp-json\/wp\/v2\/posts\/238512\/revisions"}],"wp:featuredmedia":[{"embeddable":true,"href":"https:\/\/www.europesays.com\/be-fr\/wp-json\/wp\/v2\/media\/238513"}],"wp:attachment":[{"href":"https:\/\/www.europesays.com\/be-fr\/wp-json\/wp\/v2\/media?parent=238512"}],"wp:term":[{"taxonomy":"category","embeddable":true,"href":"https:\/\/www.europesays.com\/be-fr\/wp-json\/wp\/v2\/categories?post=238512"},{"taxonomy":"post_tag","embeddable":true,"href":"https:\/\/www.europesays.com\/be-fr\/wp-json\/wp\/v2\/tags?post=238512"}],"curies":[{"name":"wp","href":"https:\/\/api.w.org\/{rel}","templated":true}]}}