{"id":238520,"date":"2026-09-04T03:58:11","date_gmt":"2026-09-04T03:58:11","guid":{"rendered":"https:\/\/www.europesays.com\/be-fr\/238520\/"},"modified":"2026-09-04T03:58:11","modified_gmt":"2026-09-04T03:58:11","slug":"dompierre-sur-yon-retour-en-deux-temps-pour-le-festival-des-autres-voies","status":"publish","type":"post","link":"https:\/\/www.europesays.com\/be-fr\/238520\/","title":{"rendered":"Dompierre-sur-Yon. Retour en deux temps pour le festival des Autres voies"},"content":{"rendered":"<p data-ofstats-scroll=\"read_depth_30\">Le festival des Autres voies n\u2019a pas pu se tenir comme pr\u00e9vu les 10 et 11\u00a0juillet, en raison du placement de la Vend\u00e9e en vigilance rouge canicule. Mais il n\u2019a pas \u00e9t\u00e9 annul\u00e9 pour autant. \u00a0Les deux soir\u00e9es sont ainsi report\u00e9es aux vendredis 4 et 18\u00a0septembre, dans un format diff\u00e9rent, tout en conservant l\u2019esprit du festival\u00a0, indique l\u2019\u00e9quipe municipale dans un communiqu\u00e9 de presse. Le coup d\u2019envoi sera donn\u00e9 ce vendredi, avec la soir\u00e9e rap. \u00a0Pour la quatri\u00e8me \u00e9dition, nous avons voulu faire \u00e9voluer un peu la programmation, en prenant une t\u00eate d\u2019affiche\u00a0\u00bb, explique l\u2019organisateur, Titouan Mimosa.<\/p>\n<p>        Kano\u00e9 en t\u00eate d\u2019affiche<\/p>\n<p data-ofstats-scroll=\"read_depth_80\">La star de la soir\u00e9e, ce sera Kano\u00e9, programm\u00e9 \u00e0 22\u00a0h\u00a045. Ce jeune rappeur de 21\u00a0ans s\u2019est fait conna\u00eetre sur les r\u00e9seaux sociaux d\u00e8s l\u2019\u00e2ge de 14\u00a0ans. \u00a0L\u2019association des Z\u2019honneurs a mis en place des battles en guise de tremplins, pour savoir qui allait d\u00e9crocher sa place sur la sc\u00e8ne des Autres voies\u00a0. Le vainqueur, la Ronde, ouvrira la soir\u00e9e \u00e0 20\u00a0h. Il sera suivi de LH, Stzam et GSKOO \u00e0 20\u00a0h\u00a030, puis de Babyblack \u00e0 21\u00a0h\u00a030 et de T2its \u00e0 22\u00a0h. La f\u00eate se cl\u00f4tura avec un DJ, pour danser et rapper jusqu\u2019au bout de la nuit. \u00a0Les Z\u2019honneurs continuent \u00e0 donner aux artistes vend\u00e9ens la possibilit\u00e9 de conna\u00eetre la sc\u00e8ne\u00a0\u00bb, conclut Titouan, fondateur de l\u2019association.<\/p>\n<p data-ofstats-scroll=\"read_depth_90\">Le festival se poursuivra vendredi 18\u00a0septembre, avec une soir\u00e9e destin\u00e9e \u00e0 toutes les g\u00e9n\u00e9rations.<\/p>\n<p data-ofstats-scroll=\"read_depth_100\">Vendredi 4\u00a0septembre\u00a0: entr\u00e9e gratuite. Food truck avec la Pause gourmande. Bar\u00a0: les Z\u2019honneurs.<\/p>\n","protected":false},"excerpt":{"rendered":"Le festival des Autres voies n\u2019a pas pu se tenir comme pr\u00e9vu les 10 et 11\u00a0juillet, en raison&hellip;\n","protected":false},"author":2,"featured_media":238521,"comment_status":"","ping_status":"","sticky":false,"template":"","format":"standard","meta":{"footnotes":"","_share_on_mastodon":"0"},"categories":[98],"tags":[12,13,18,17,96,74014,95,107,108],"class_list":["post-238520","post","type-post","status-publish","format-standard","has-post-thumbnail","category-musique","tag-be","tag-be-fr","tag-belgique","tag-belgium","tag-divertissement","tag-dompierre-sur-yon","tag-entertainment","tag-music","tag-musique"],"share_on_mastodon":{"url":"https:\/\/pubeurope.com\/@be_fr\/117210769311755442","error":""},"_links":{"self":[{"href":"https:\/\/www.europesays.com\/be-fr\/wp-json\/wp\/v2\/posts\/238520","targetHints":{"allow":["GET"]}}],"collection":[{"href":"https:\/\/www.europesays.com\/be-fr\/wp-json\/wp\/v2\/posts"}],"about":[{"href":"https:\/\/www.europesays.com\/be-fr\/wp-json\/wp\/v2\/types\/post"}],"author":[{"embeddable":true,"href":"https:\/\/www.europesays.com\/be-fr\/wp-json\/wp\/v2\/users\/2"}],"replies":[{"embeddable":true,"href":"https:\/\/www.europesays.com\/be-fr\/wp-json\/wp\/v2\/comments?post=238520"}],"version-history":[{"count":0,"href":"https:\/\/www.europesays.com\/be-fr\/wp-json\/wp\/v2\/posts\/238520\/revisions"}],"wp:featuredmedia":[{"embeddable":true,"href":"https:\/\/www.europesays.com\/be-fr\/wp-json\/wp\/v2\/media\/238521"}],"wp:attachment":[{"href":"https:\/\/www.europesays.com\/be-fr\/wp-json\/wp\/v2\/media?parent=238520"}],"wp:term":[{"taxonomy":"category","embeddable":true,"href":"https:\/\/www.europesays.com\/be-fr\/wp-json\/wp\/v2\/categories?post=238520"},{"taxonomy":"post_tag","embeddable":true,"href":"https:\/\/www.europesays.com\/be-fr\/wp-json\/wp\/v2\/tags?post=238520"}],"curies":[{"name":"wp","href":"https:\/\/api.w.org\/{rel}","templated":true}]}}