{"id":238532,"date":"2026-09-04T04:29:11","date_gmt":"2026-09-04T04:29:11","guid":{"rendered":"https:\/\/www.europesays.com\/be-fr\/238532\/"},"modified":"2026-09-04T04:29:11","modified_gmt":"2026-09-04T04:29:11","slug":"iphone-18-pro-une-memoire-400-plus-chere-devrait-contraindre-apple-a-augmenter-ses-prix","status":"publish","type":"post","link":"https:\/\/www.europesays.com\/be-fr\/238532\/","title":{"rendered":"iPhone 18 Pro : une m\u00e9moire 400 % plus ch\u00e8re devrait contraindre Apple \u00e0 augmenter ses prix"},"content":{"rendered":"<p class=\"bodytext\">M\u00eame dans le haut de cette fourchette de prix, Apple devrait accepter des marges b\u00e9n\u00e9ficiaires plus faibles, selon TrendForce, et absorber elle-m\u00eame une partie de la hausse des co\u00fbts de production. L\u2019iPhone Ultra devrait co\u00fbter entre 2 099 et 2 299 dollars, le mod\u00e8le haut de gamme, qui devrait disposer d\u2019une capacit\u00e9 de stockage de 2 To, pouvant m\u00eame atteindre plus de 3 000 dollars \u00e0 sa sortie.&#13;<\/p>\n<p class=\"bodytext\">Les analystes de TrendForce ont une nouvelle fois r\u00e9sum\u00e9 les caract\u00e9ristiques techniques attendues des iPhone de nouvelle g\u00e9n\u00e9ration dans le tableau ci-dessous, confirmant ainsi les rumeurs pr\u00e9c\u00e9dentes. Selon ce rapport, l\u2019iPhone 18 Pro (Max) et l\u2019iPhone Ultra devraient tous deux \u00eatre \u00e9quip\u00e9s d\u2019un processeur Apple A20 Pro, de 12 Go de RAM, de 256 Go \u00e0 2 To de m\u00e9moire flash, d\u2019un \u00e9cran LTPO AMOLED \u00e0 120 Hz, d\u2019une cam\u00e9ra frontale de 24 MP, d\u2019un appareil photo principal de 48 MP et d\u2019un appareil photo ultra-grand-angle de 48 MP. Le t\u00e9l\u00e9phone pliable ne disposerait pas, selon certaines informations, de l\u2019appareil photo t\u00e9l\u00e9objectif de 48 MP.<br \/>\u00a0<\/p>\n","protected":false},"excerpt":{"rendered":"M\u00eame dans le haut de cette fourchette de prix, Apple devrait accepter des marges b\u00e9n\u00e9ficiaires plus faibles, selon&hellip;\n","protected":false},"author":2,"featured_media":238533,"comment_status":"","ping_status":"","sticky":false,"template":"","format":"standard","meta":{"footnotes":"","_share_on_mastodon":"0"},"categories":[70],"tags":[74017,74016,2297,47564,12,13,18,17,50685,61265,1289,74018,1285,4935,2298,1287,1286,9372,73,71,75,72,13956,76,74,1288],"class_list":["post-238532","post","type-post","status-publish","format-standard","has-post-thumbnail","category-sciences-et-technologies","tag-analyse-de-la-nomenclature","tag-apple-iphone-18-fold","tag-apple-iphone-18-pro-max","tag-apple-iphone-ultra","tag-be","tag-be-fr","tag-belgique","tag-belgium","tag-caracteristiques-techniques","tag-crise-de-la-dram","tag-informations-sur-des-ordinateurs-portatifs","tag-memoire-flash","tag-nouvelles","tag-prix","tag-ram","tag-rapport","tag-revues","tag-rumeurs","tag-science","tag-science-and-technology","tag-sciences","tag-sciences-et-technologies","tag-stockage","tag-technologies","tag-technology","tag-test"],"share_on_mastodon":{"url":"https:\/\/pubeurope.com\/@be_fr\/117210891109931110","error":""},"_links":{"self":[{"href":"https:\/\/www.europesays.com\/be-fr\/wp-json\/wp\/v2\/posts\/238532","targetHints":{"allow":["GET"]}}],"collection":[{"href":"https:\/\/www.europesays.com\/be-fr\/wp-json\/wp\/v2\/posts"}],"about":[{"href":"https:\/\/www.europesays.com\/be-fr\/wp-json\/wp\/v2\/types\/post"}],"author":[{"embeddable":true,"href":"https:\/\/www.europesays.com\/be-fr\/wp-json\/wp\/v2\/users\/2"}],"replies":[{"embeddable":true,"href":"https:\/\/www.europesays.com\/be-fr\/wp-json\/wp\/v2\/comments?post=238532"}],"version-history":[{"count":0,"href":"https:\/\/www.europesays.com\/be-fr\/wp-json\/wp\/v2\/posts\/238532\/revisions"}],"wp:featuredmedia":[{"embeddable":true,"href":"https:\/\/www.europesays.com\/be-fr\/wp-json\/wp\/v2\/media\/238533"}],"wp:attachment":[{"href":"https:\/\/www.europesays.com\/be-fr\/wp-json\/wp\/v2\/media?parent=238532"}],"wp:term":[{"taxonomy":"category","embeddable":true,"href":"https:\/\/www.europesays.com\/be-fr\/wp-json\/wp\/v2\/categories?post=238532"},{"taxonomy":"post_tag","embeddable":true,"href":"https:\/\/www.europesays.com\/be-fr\/wp-json\/wp\/v2\/tags?post=238532"}],"curies":[{"name":"wp","href":"https:\/\/api.w.org\/{rel}","templated":true}]}}