{"id":238536,"date":"2026-09-04T04:37:22","date_gmt":"2026-09-04T04:37:22","guid":{"rendered":"https:\/\/www.europesays.com\/be-fr\/238536\/"},"modified":"2026-09-04T04:37:22","modified_gmt":"2026-09-04T04:37:22","slug":"la-rennaise-luiza-nommee-aux-victoires-de-la-musique-2026","status":"publish","type":"post","link":"https:\/\/www.europesays.com\/be-fr\/238536\/","title":{"rendered":"La Rennaise Luiza nomm\u00e9e aux Victoires de la musique 2026"},"content":{"rendered":"<p class=\"su-standfirst chapeau\">La Rennaise Luiza autrice du tube de l\u2019\u00e9t\u00e9 \u00ab\u00a0Soleil Bleu\u00a0\u00bb est nomm\u00e9e aux Victoires de la musique dans la cat\u00e9gorie Chanson originale de l\u2019ann\u00e9e. La c\u00e9r\u00e9monie a lieu vendredi 13\u00a0f\u00e9vrier 2026 sur France TV.<\/p>\n<p>                                        <img decoding=\"async\" class=\"su-media\" src=\"https:\/\/media.ouest-france.fr\/v1\/pictures\/MjAyNjAyMWQ1NzdjZjQ0OWM4OWJhYzM4YWNkZjU5NjVjYmM1NmU?width=630&amp;height=354&amp;focuspoint=50%2C25&amp;cropresize=1&amp;client_id=bpeditorial&amp;sign=db49eb8cfc030a6ecd44c999a9a685dd213ae9589ac90c1fae12d46fe214d35f\" alt=\"Luiza la chanteuse rennaise d\u2019origine franco-br\u00e9silienne est nomm\u00e9e aux Victoires de la musique dans la cat\u00e9gorie Chanson originale de l\u2019ann\u00e9e.\"  \/><\/p>\n<p>                            Luiza la chanteuse rennaise d\u2019origine franco-br\u00e9silienne est nomm\u00e9e aux Victoires de la musique dans la cat\u00e9gorie Chanson originale de l\u2019ann\u00e9e. | MATHIS HARPHAM \/ OUEST-FRANCE<\/p>\n<p>                            fermer<\/p>\n<p><img decoding=\"async\" data-ofmaxheight=\"\" class=\"su-media lazyload\" alt=\"Luiza la chanteuse rennaise d\u2019origine franco-br\u00e9silienne est nomm\u00e9e aux Victoires de la musique dans la cat\u00e9gorie Chanson originale de l\u2019ann\u00e9e.\" src=\"data:image\/png;base64,iVBORw0KGgoAAAANSUhEUgAAABAAAAAJCAYAAAA7KqwyAAAAGXRFWHRTb2Z0d2FyZQBBZG9iZSBJbWFnZVJlYWR5ccllPAAAABhJREFUeNpi\/P\/\/PwMlgHHUgFEDgAAgwAD+lBrvy+NcxAAAAABJRU5ErkJggg==\" data-oflazyload=\"{&quot;srcset&quot;:&quot;https:\/\/media.ouest-france.fr\/v1\/pictures\/MjAyNjAyMWQ1NzdjZjQ0OWM4OWJhYzM4YWNkZjU5NjVjYmM1NmU?width=320&amp;focuspoint=50%2C25&amp;cropresize=1&amp;client_id=bpeditorial&amp;sign=48724fd8406dcf176f638ef9cb71ae063e97d13113d8a4006fbc270533473b12 320w,https:\/\/media.ouest-france.fr\/v1\/pictures\/MjAyNjAyMWQ1NzdjZjQ0OWM4OWJhYzM4YWNkZjU5NjVjYmM1NmU?width=375&amp;focuspoint=50%2C25&amp;cropresize=1&amp;client_id=bpeditorial&amp;sign=763e80d217b0db1fbc4b83d70e512727f174822b865bb7c6a5f15dea033f229e 360w,https:\/\/media.ouest-france.fr\/v1\/pictures\/MjAyNjAyMWQ1NzdjZjQ0OWM4OWJhYzM4YWNkZjU5NjVjYmM1NmU?width=480&amp;focuspoint=50%2C25&amp;cropresize=1&amp;client_id=bpeditorial&amp;sign=336abc5ca08b360ccac0ffa0e908d6c6e67450b2735d57bb63eb0ab21b68f3a8 480w,https:\/\/media.ouest-france.fr\/v1\/pictures\/MjAyNjAyMWQ1NzdjZjQ0OWM4OWJhYzM4YWNkZjU5NjVjYmM1NmU?width=630&amp;focuspoint=50%2C25&amp;cropresize=1&amp;client_id=bpeditorial&amp;sign=f37f023943ad88b542a20e60a3de2842dff89138f052f7ade44291b3cf67c558 630w,https:\/\/media.ouest-france.fr\/v1\/pictures\/MjAyNjAyMWQ1NzdjZjQ0OWM4OWJhYzM4YWNkZjU5NjVjYmM1NmU?width=940&amp;focuspoint=50%2C25&amp;cropresize=1&amp;client_id=bpeditorial&amp;sign=c46e0a596fdb6dfa2292a12fb153ecd91cd3c5d3b0e6df521f01ace60a9b9c66 940w,https:\/\/media.ouest-france.fr\/v1\/pictures\/MjAyNjAyMWQ1NzdjZjQ0OWM4OWJhYzM4YWNkZjU5NjVjYmM1NmU?width=1260&amp;focuspoint=50%2C25&amp;cropresize=1&amp;client_id=bpeditorial&amp;sign=97fe0801da680b3ec8af68813b4d397fa9e33e6e8b47284a0e6b1d6df9b517ec 1260w&quot;}\"\/>Luiza la chanteuse rennaise d\u2019origine franco-br\u00e9silienne est nomm\u00e9e aux Victoires de la musique dans la cat\u00e9gorie Chanson originale de l\u2019ann\u00e9e. | MATHIS HARPHAM \/ OUEST-FRANCE                            <\/p>\n<p>\u00ab\u00a0Oh\u00a0! Laisse-moi vivre comme je veux, les pieds dans l\u2019eau et la t\u00eate en feu\u00a0\u00bb\u00a0: le tube de l\u2019\u00e9t\u00e9 de Luiza compos\u00e9 avec le duo Bleu soleil est encore dans toutes les t\u00eates. Il est nomm\u00e9 dans la cat\u00e9gorie Chanson originale de l\u2019ann\u00e9e aux Victoires de la musique. Un succ\u00e8s inattendu pour cette artiste, mais qui ne doit pas tout au hasard.<\/p>\n<p class=\"su-line-height-m\">Lire aussi\u00a0: <a data-trk-internal-link=\"a lire aussi\" data-trk-sipa=\"{\" blockcategory=\"\" lire=\"\" aussi=\"\" luiza=\"\" artiste=\"\" franco=\"\" br=\"\" l=\"\" libre=\"\" et=\"\" m=\"\" href=\"https:\/\/www.ouest-france.fr\/culture\/musiques\/portrait-luiza-artiste-franco-bresilienne-a-lair-libre-et-metisse-db76cd6a-8bed-11f0-a86a-c405a2987708\" rel=\"- nofollow noopener\" target=\"_blank\">PORTRAIT. Luiza, artiste franco br\u00e9silienne \u00e0 l\u2019air libre et m\u00e9tiss\u00e9<\/a><\/p>\n<p>La\u00a0chanteuse a en effet une solide formation musicale. Elle a suivi sa scolarit\u00e9 \u00e0 Rennes\u00a0en classe \u00e0 horaires am\u00e9nag\u00e9s d\u00e8s ses 7\u00a0ans, ce qui\u00a0lui a\u00a0permis de forger sa technique vocale au conservatoire de la rue Hoche. La chanteuse\u00a0aime aussi mixer \u00e9lectro et musiques issues de sa culture franco-br\u00e9silienne.<\/p>\n<p>Elle sera en lice avec quatre autres artistes f\u00e9minines\u00a0: Th\u00e9odora, Marguerite, H\u00e9l\u00e9na et Charlotte Cardin.<\/p>\n<p>Vendredi 13\u00a0f\u00e9vrier <a href=\"https:\/\/www.ouest-france.fr\/culture\/musiques\/victoires-de-la-musique\/avec-cinq-nominations-theodora-est-la-grande-favorite-des-victoires-de-la-musique-2026-0f86dc54-efde-11f0-a051-5e965463f148\" target=\"_self\" rel=\"nofollow noopener\">Victoires de la musique<\/a> sur France 2\u00a0TV \u00e0 21\u00a0h\u00a010<\/p>\n","protected":false},"excerpt":{"rendered":"La Rennaise Luiza autrice du tube de l\u2019\u00e9t\u00e9 \u00ab\u00a0Soleil Bleu\u00a0\u00bb est nomm\u00e9e aux Victoires de la musique dans&hellip;\n","protected":false},"author":2,"featured_media":238537,"comment_status":"","ping_status":"","sticky":false,"template":"","format":"standard","meta":{"footnotes":"","_share_on_mastodon":"0"},"categories":[98],"tags":[12,13,18,17,366,419,96,95,107,108,2678,3387,3091],"class_list":["post-238536","post","type-post","status-publish","format-standard","has-post-thumbnail","category-musique","tag-be","tag-be-fr","tag-belgique","tag-belgium","tag-concert","tag-culture","tag-divertissement","tag-entertainment","tag-music","tag-musique","tag-musiques","tag-rennes","tag-victoires-de-la-musique"],"share_on_mastodon":{"url":"https:\/\/pubeurope.com\/@be_fr\/117210922905988475","error":""},"_links":{"self":[{"href":"https:\/\/www.europesays.com\/be-fr\/wp-json\/wp\/v2\/posts\/238536","targetHints":{"allow":["GET"]}}],"collection":[{"href":"https:\/\/www.europesays.com\/be-fr\/wp-json\/wp\/v2\/posts"}],"about":[{"href":"https:\/\/www.europesays.com\/be-fr\/wp-json\/wp\/v2\/types\/post"}],"author":[{"embeddable":true,"href":"https:\/\/www.europesays.com\/be-fr\/wp-json\/wp\/v2\/users\/2"}],"replies":[{"embeddable":true,"href":"https:\/\/www.europesays.com\/be-fr\/wp-json\/wp\/v2\/comments?post=238536"}],"version-history":[{"count":0,"href":"https:\/\/www.europesays.com\/be-fr\/wp-json\/wp\/v2\/posts\/238536\/revisions"}],"wp:featuredmedia":[{"embeddable":true,"href":"https:\/\/www.europesays.com\/be-fr\/wp-json\/wp\/v2\/media\/238537"}],"wp:attachment":[{"href":"https:\/\/www.europesays.com\/be-fr\/wp-json\/wp\/v2\/media?parent=238536"}],"wp:term":[{"taxonomy":"category","embeddable":true,"href":"https:\/\/www.europesays.com\/be-fr\/wp-json\/wp\/v2\/categories?post=238536"},{"taxonomy":"post_tag","embeddable":true,"href":"https:\/\/www.europesays.com\/be-fr\/wp-json\/wp\/v2\/tags?post=238536"}],"curies":[{"name":"wp","href":"https:\/\/api.w.org\/{rel}","templated":true}]}}