{"id":238542,"date":"2026-09-04T04:53:10","date_gmt":"2026-09-04T04:53:10","guid":{"rendered":"https:\/\/www.europesays.com\/be-fr\/238542\/"},"modified":"2026-09-04T04:53:10","modified_gmt":"2026-09-04T04:53:10","slug":"vosges-elle-decrit-lannonce-de-la-tumeur-cerebrale-qui-a-emporte-son-fils-de-24-ans-ce-nest-pas-une-douche-froide-mais-une-bombe","status":"publish","type":"post","link":"https:\/\/www.europesays.com\/be-fr\/238542\/","title":{"rendered":"Vosges. Elle d\u00e9crit l\u2019annonce de la tumeur c\u00e9r\u00e9brale qui a emport\u00e9 son fils de 24 ans : \u00ab Ce n\u2019est pas une douche froide mais une bombe \u00bb"},"content":{"rendered":"<p>\u00ab\u00a0C\u2019est une bombe qui vous explose \u00e0 la figure.\u00a0\u00bb Molly Forrest, maman d\u2019une cinquantaine d\u2019ann\u00e9es, a souhait\u00e9 raconter, dans un livre, le combat de deux ans contre la tumeur au cerveau qui a frapp\u00e9 son fils Max. Dans son appartement, de nombreuses photos lui rappellent le doux souvenir de celui qu\u2019elle appelait son \u00ab\u00a0ange\u00a0\u00bb. Elle t\u00e9moigne du quotidien d\u2019une m\u00e8re aidante, des nuits \u00e0 l\u2019h\u00f4pital, des espoirs auxquels on s\u2019accroche et de la solitude qui suit la maladie.<\/p>\n<p>\u00c0 22 ans, Max avait encore devant lui d\u2019innombrables soir\u00e9es de Formule 1 ou de football. Un soir de printemps en 2018, la vie de la famille bascule. Sa m\u00e8re lit dans sa chambre lorsqu\u2019elle entend \u00ab\u00a0un petit bruit, quelque chose de presque imperceptible\u00a0\u00bb.<\/p>\n<p>Elle se l\u00e8ve et d\u00e9couvre son fils en pleine crise d\u2019\u00e9pilepsie. \u00ab\u00a0Il avait les yeux retourn\u00e9s,&#8230;<\/p>\n","protected":false},"excerpt":{"rendered":"\u00ab\u00a0C\u2019est une bombe qui vous explose \u00e0 la figure.\u00a0\u00bb Molly Forrest, maman d\u2019une cinquantaine d\u2019ann\u00e9es, a souhait\u00e9 raconter,&hellip;\n","protected":false},"author":2,"featured_media":238543,"comment_status":"","ping_status":"","sticky":false,"template":"","format":"standard","meta":{"footnotes":"","_share_on_mastodon":"0"},"categories":[82],"tags":[12,13,18,17,42435,58322,287,7328,288,86,5177,87,476,42434,42433,7951],"class_list":["post-238542","post","type-post","status-publish","format-standard","has-post-thumbnail","category-sante","tag-be","tag-be-fr","tag-belgique","tag-belgium","tag-cc-terre-deau-88a","tag-contrexeville","tag-culture-loisirs","tag-edition-la-plaine","tag-fil-info","tag-health","tag-livres-bd","tag-sante","tag-societe","tag-vittel-bassin","tag-vittel-contrexeville-ville-88a","tag-vosges"],"share_on_mastodon":{"url":"https:\/\/pubeurope.com\/@be_fr\/117210985641045901","error":""},"_links":{"self":[{"href":"https:\/\/www.europesays.com\/be-fr\/wp-json\/wp\/v2\/posts\/238542","targetHints":{"allow":["GET"]}}],"collection":[{"href":"https:\/\/www.europesays.com\/be-fr\/wp-json\/wp\/v2\/posts"}],"about":[{"href":"https:\/\/www.europesays.com\/be-fr\/wp-json\/wp\/v2\/types\/post"}],"author":[{"embeddable":true,"href":"https:\/\/www.europesays.com\/be-fr\/wp-json\/wp\/v2\/users\/2"}],"replies":[{"embeddable":true,"href":"https:\/\/www.europesays.com\/be-fr\/wp-json\/wp\/v2\/comments?post=238542"}],"version-history":[{"count":0,"href":"https:\/\/www.europesays.com\/be-fr\/wp-json\/wp\/v2\/posts\/238542\/revisions"}],"wp:featuredmedia":[{"embeddable":true,"href":"https:\/\/www.europesays.com\/be-fr\/wp-json\/wp\/v2\/media\/238543"}],"wp:attachment":[{"href":"https:\/\/www.europesays.com\/be-fr\/wp-json\/wp\/v2\/media?parent=238542"}],"wp:term":[{"taxonomy":"category","embeddable":true,"href":"https:\/\/www.europesays.com\/be-fr\/wp-json\/wp\/v2\/categories?post=238542"},{"taxonomy":"post_tag","embeddable":true,"href":"https:\/\/www.europesays.com\/be-fr\/wp-json\/wp\/v2\/tags?post=238542"}],"curies":[{"name":"wp","href":"https:\/\/api.w.org\/{rel}","templated":true}]}}