{"id":238564,"date":"2026-09-04T05:16:12","date_gmt":"2026-09-04T05:16:12","guid":{"rendered":"https:\/\/www.europesays.com\/be-fr\/238564\/"},"modified":"2026-09-04T05:16:12","modified_gmt":"2026-09-04T05:16:12","slug":"le-rappeur-plk-attendu-au-stade-de-france-pour-deux-concerts-avant-une-tournee-des-zeniths","status":"publish","type":"post","link":"https:\/\/www.europesays.com\/be-fr\/238564\/","title":{"rendered":"Le rappeur PLK attendu au Stade de France pour deux concerts, avant une tourn\u00e9e des Z\u00e9niths"},"content":{"rendered":"<p>\n                Article premium,<br \/>\n                    R\u00e9serv\u00e9 aux\u00a0abonn\u00e9s\n            <\/p>\n<p class=\"su-standfirst chapeau\">Apr\u00e8s avoir enflamm\u00e9 les festivals tout l\u2019\u00e9t\u00e9, le rappeur PLK s\u2019offre deux concerts au Stade de France ce vendredi\u00a04 et samedi 5\u00a0septembre. Une premi\u00e8re pour le Parisien dont les morceaux cumulent des milliards d\u2019\u00e9coutes.<\/p>\n<p>                                        <img decoding=\"async\" class=\"su-media\" src=\"https:\/\/media.ouest-france.fr\/v1\/pictures\/MjAyNjA5Y2QwOTM1ZDBmYzVhMDJhZDMxMTY1OTg2NGRmYzEyMzU?width=630&amp;height=354&amp;focuspoint=50%2C25&amp;cropresize=1&amp;client_id=bpeditorial&amp;sign=9be5fd7d83a31b5e46908510e75f50d07fdc3c2bf272252fef1e189c1a55296c\" alt=\"Le rappeur PLK au festival de musique V and B Fest\u2019, samedi 22\u00a0ao\u00fbt 2026 \u00e0 Ch\u00e2teau-Gontier-sur-Mayenne.\"  \/><\/p>\n<p>                            Le rappeur PLK au festival de musique V and B Fest\u2019, samedi 22\u00a0ao\u00fbt 2026 \u00e0 Ch\u00e2teau-Gontier-sur-Mayenne. | MATHIEU PATTIER \/ OUEST FRANCE<\/p>\n<p>                            fermer<\/p>\n<p><img decoding=\"async\" data-ofmaxheight=\"\" class=\"su-media lazyload\" alt=\"Le rappeur PLK au festival de musique V and B Fest\u2019, samedi 22\u00a0ao\u00fbt 2026 \u00e0 Ch\u00e2teau-Gontier-sur-Mayenne.\" src=\"data:image\/png;base64,iVBORw0KGgoAAAANSUhEUgAAABAAAAAJCAYAAAA7KqwyAAAAGXRFWHRTb2Z0d2FyZQBBZG9iZSBJbWFnZVJlYWR5ccllPAAAABhJREFUeNpi\/P\/\/PwMlgHHUgFEDgAAgwAD+lBrvy+NcxAAAAABJRU5ErkJggg==\" data-oflazyload=\"{&quot;srcset&quot;:&quot;https:\/\/media.ouest-france.fr\/v1\/pictures\/MjAyNjA5Y2QwOTM1ZDBmYzVhMDJhZDMxMTY1OTg2NGRmYzEyMzU?width=320&amp;focuspoint=50%2C25&amp;cropresize=1&amp;client_id=bpeditorial&amp;sign=d43e71325216f27dc28b7668fbb3785622a4a7a6481230e77674c2f29dba655a 320w,https:\/\/media.ouest-france.fr\/v1\/pictures\/MjAyNjA5Y2QwOTM1ZDBmYzVhMDJhZDMxMTY1OTg2NGRmYzEyMzU?width=375&amp;focuspoint=50%2C25&amp;cropresize=1&amp;client_id=bpeditorial&amp;sign=5c7245fd70e6b8f288a371c16c30f881aed6ee873e01bc76720d280fef20f4bf 360w,https:\/\/media.ouest-france.fr\/v1\/pictures\/MjAyNjA5Y2QwOTM1ZDBmYzVhMDJhZDMxMTY1OTg2NGRmYzEyMzU?width=480&amp;focuspoint=50%2C25&amp;cropresize=1&amp;client_id=bpeditorial&amp;sign=56e1c187c960599a0c8b2bcccf9d094507b58556390c5026051e50773ec14ef0 480w,https:\/\/media.ouest-france.fr\/v1\/pictures\/MjAyNjA5Y2QwOTM1ZDBmYzVhMDJhZDMxMTY1OTg2NGRmYzEyMzU?width=630&amp;focuspoint=50%2C25&amp;cropresize=1&amp;client_id=bpeditorial&amp;sign=a44f9ed35a3ed86596ccbdbd2e6d6000eeb852b22b53b8baf515434bc035869b 630w,https:\/\/media.ouest-france.fr\/v1\/pictures\/MjAyNjA5Y2QwOTM1ZDBmYzVhMDJhZDMxMTY1OTg2NGRmYzEyMzU?width=940&amp;focuspoint=50%2C25&amp;cropresize=1&amp;client_id=bpeditorial&amp;sign=9139c8c1a0fcf24438960dcd93dd70aad9efefe980bbcb6dc687ec86e4518acc 940w,https:\/\/media.ouest-france.fr\/v1\/pictures\/MjAyNjA5Y2QwOTM1ZDBmYzVhMDJhZDMxMTY1OTg2NGRmYzEyMzU?width=1260&amp;focuspoint=50%2C25&amp;cropresize=1&amp;client_id=bpeditorial&amp;sign=e3870e0f33b60b5730eab6f309e9dad84e356060e100d0efa94d329c27fa1eec 1260w&quot;}\"\/>Le rappeur PLK au festival de musique V and B Fest\u2019, samedi 22\u00a0ao\u00fbt 2026 \u00e0 Ch\u00e2teau-Gontier-sur-Mayenne. | MATHIEU PATTIER \/ OUEST FRANCE                            <\/p>\n<p data-ofstats-scroll=\"read_depth_10\">Star discr\u00e8te du rap fran\u00e7ais, <a href=\"https:\/\/www.ouest-france.fr\/culture\/musique-plk-l-ascension-d-un-rappeur-precoce-6243759\" target=\"_self\" rel=\"nofollow noopener\">PLK<\/a> va s\u2019emparer du Stade de France pour la premi\u00e8re fois de sa carri\u00e8re avec deux concerts pr\u00e9vus ce vendredi\u00a04 et samedi 5\u00a0septembre 2026, un nouveau jalon pour l\u2019artiste de 29\u00a0ans qui cumule des milliards d\u2019\u00e9coutes.<\/p>\n<p data-ofstats-scroll=\"read_depth_20\">Pr\u00e8s de 160\u00a0000\u00a0spectateurs sont attendus dans l\u2019antre de Saint-Denis, aux portes de Paris, pour assister aux shows de PLK, aussi surnomm\u00e9 \u00ab\u00a0Polak\u00a0\u00bb en raison de ses origines paternelles polonaises. \u00ab\u00a0C\u2019est une pression monstrueuse, mais en m\u00eame temps c\u2019est une aire de jeu. Je le vois vraiment comme du jeu\u00a0\u00bb, avait-il assur\u00e9 au journaliste HugoD\u00e9crypte en mars dernier.<\/p>\n<p>Ces dates au Stade de France marquent le&#8230;<\/p>\n<p style=\"text-align: center; background-color: #dbbe4d; padding-top: 5px; padding-bottom: 5px; font-size: 14px;\">D\u00e9j\u00e0 abonn\u00e9 ? <a data-trkartmonet=\"Identification\" data-trk-sipa=\"{\" blockcategory=\"\" paywall=\"\" href=\"http:\/\/www.ouest-france.fr\/login?redirect=https:\/\/www.ouest-france.fr\/culture\/musiques\/concert\/le-rappeur-plk-attendu-au-stade-de-france-pour-deux-concerts-avant-une-tournee-des-zeniths-a8cb6dce-a7aa-11f1-8a27-1e0c4eb5e395\" rel=\"nofollow noopener\" title=\"Se connecter \u00e0 Ouest-France\" class=\"su-link-light\" target=\"_blank\">Connectez-vous<\/a><\/p>\n<p style=\"text-align: center; padding-top: 15px; padding-bottom: 8px; vertical-align: bottom;\">bloqu\u00e9 Pour lire la suite, abonnez-vous<\/p>\n<p style=\"text-align: center;\">1er mois \u00e0 1\u20ac<\/p>\n<p style=\"text-align: center; margin-top: -5px;\">Annulable \u00e0 tout moment<\/p>\n<p style=\"text-align: center;\">\u00a0<\/p>\n<p style=\"text-align: center;\"><a data-ida=\"\" data-trkartmonet=\"Tunnel OF+\" data-trk-sipa=\"{&#010;\" blockcategory=\"\" paywall=\"\" :=\"\" m=\"\" of=\"\" class=\"su-button su-subscription\" data-trk-bloc=\"paywall\" href=\"https:\/\/abonnement.ouest-france.fr\/tunnel\/pack-essentiel-article\/122096117101?int_medium=lien&amp;int_campaign=PWFR0225-OF&amp;int_content=page-article-payant_boutonjaune-paywall&amp;marquesource=OF&amp;rt=https:\/\/www.ouest-france.fr\/culture\/musiques\/concert\/le-rappeur-plk-attendu-au-stade-de-france-pour-deux-concerts-avant-une-tournee-des-zeniths-a8cb6dce-a7aa-11f1-8a27-1e0c4eb5e395\" rel=\"nofollow noopener\" target=\"_blank\">Je m&rsquo;abonne<\/a><\/p>\n<p style=\"text-align: center; padding-top: 10px; padding-bottom: 10px;\"><img decoding=\"async\" src=\"https:\/\/media.ouest-france.fr\/v1\/fonts\/be7723fcee3f1866f1ce99184077fc6f-carte-bancaire.svg?height=36\" alt=\"CB\"\/>\u00a0\u00a0<img decoding=\"async\" src=\"https:\/\/media.ouest-france.fr\/v1\/fonts\/1819d54c599d8afa64539cfba4ac9dde-rib.svg?height=36\" alt=\"RIB\"\/>\u00a0\u00a0<img decoding=\"async\" src=\"https:\/\/media.ouest-france.fr\/v1\/fonts\/065fc80d7b6a03d14a834c224ce723e1-paypal.svg?height=36\" alt=\"PAYPAL\"\/><\/p>\n","protected":false},"excerpt":{"rendered":"Article premium, R\u00e9serv\u00e9 aux\u00a0abonn\u00e9s Apr\u00e8s avoir enflamm\u00e9 les festivals tout l\u2019\u00e9t\u00e9, le rappeur PLK s\u2019offre deux concerts au&hellip;\n","protected":false},"author":2,"featured_media":238565,"comment_status":"","ping_status":"","sticky":false,"template":"","format":"standard","meta":{"footnotes":"","_share_on_mastodon":"0"},"categories":[98],"tags":[1183,12,13,18,17,366,419,96,95,5752,107,108,2678,943,985,49052,8082,1182],"class_list":["post-238564","post","type-post","status-publish","format-standard","has-post-thumbnail","category-musique","tag-actualite-en-continu","tag-be","tag-be-fr","tag-belgique","tag-belgium","tag-concert","tag-culture","tag-divertissement","tag-entertainment","tag-ile-de-france","tag-music","tag-musique","tag-musiques","tag-paris","tag-rap","tag-saint-denis","tag-seine-saint-denis","tag-une"],"share_on_mastodon":{"url":"https:\/\/pubeurope.com\/@be_fr\/117211076412522022","error":""},"_links":{"self":[{"href":"https:\/\/www.europesays.com\/be-fr\/wp-json\/wp\/v2\/posts\/238564","targetHints":{"allow":["GET"]}}],"collection":[{"href":"https:\/\/www.europesays.com\/be-fr\/wp-json\/wp\/v2\/posts"}],"about":[{"href":"https:\/\/www.europesays.com\/be-fr\/wp-json\/wp\/v2\/types\/post"}],"author":[{"embeddable":true,"href":"https:\/\/www.europesays.com\/be-fr\/wp-json\/wp\/v2\/users\/2"}],"replies":[{"embeddable":true,"href":"https:\/\/www.europesays.com\/be-fr\/wp-json\/wp\/v2\/comments?post=238564"}],"version-history":[{"count":0,"href":"https:\/\/www.europesays.com\/be-fr\/wp-json\/wp\/v2\/posts\/238564\/revisions"}],"wp:featuredmedia":[{"embeddable":true,"href":"https:\/\/www.europesays.com\/be-fr\/wp-json\/wp\/v2\/media\/238565"}],"wp:attachment":[{"href":"https:\/\/www.europesays.com\/be-fr\/wp-json\/wp\/v2\/media?parent=238564"}],"wp:term":[{"taxonomy":"category","embeddable":true,"href":"https:\/\/www.europesays.com\/be-fr\/wp-json\/wp\/v2\/categories?post=238564"},{"taxonomy":"post_tag","embeddable":true,"href":"https:\/\/www.europesays.com\/be-fr\/wp-json\/wp\/v2\/tags?post=238564"}],"curies":[{"name":"wp","href":"https:\/\/api.w.org\/{rel}","templated":true}]}}